{"id":45967,"date":"2022-11-27T15:31:05","date_gmt":"2022-11-27T18:31:05","guid":{"rendered":"https:\/\/www.portalalerta.com.br\/?p=45967"},"modified":"2022-11-27T15:31:07","modified_gmt":"2022-11-27T18:31:07","slug":"mpf-pede-afastamento-imediato-do-diretor-da-prf","status":"publish","type":"post","link":"https:\/\/www.portalalerta.com.br\/index.php\/2022\/11\/27\/mpf-pede-afastamento-imediato-do-diretor-da-prf\/","title":{"rendered":"MPF pede afastamento imediato do diretor da PRF"},"content":{"rendered":"\n<p>\u00d3rg\u00e3o disse entender que Vasques utilizou do cargo p\u00fabico para fazer campanha eleitoral para Jair Bolsonaro<\/p>\n\n\n\n<!--more-->\n\n\n\n<p>O Minist\u00e9rio P\u00fablico Federal (MPF) pediu o afastamento imediato do diretor-geral da Pol\u00edcia Rodovi\u00e1ria Federal (PRF), Silvinei Vasques, por 90 dias. O pedido foi feito nesta sexta-feira (25) ao Tribunal Regional Federal da 2\u00aa Regi\u00e3o (TRF2). Antes, no mesmo dia, o MPF moveu uma a\u00e7\u00e3o civil contra Vasques por improbidade administrativa e pediu o afastamento do diretor-geral da corpora\u00e7\u00e3o.&nbsp;<\/p>\n\n\n\n<div class=\"wp-block-image\"><figure class=\"alignleft size-full is-resized\"><img fetchpriority=\"high\" decoding=\"async\" src=\"https:\/\/www.portalalerta.com.br\/wp-content\/uploads\/2022\/03\/Cred-Real.1.jpg\" alt=\"\" class=\"wp-image-41523\" width=\"430\" height=\"344\" srcset=\"https:\/\/www.portalalerta.com.br\/wp-content\/uploads\/2022\/03\/Cred-Real.1.jpg 500w, https:\/\/www.portalalerta.com.br\/wp-content\/uploads\/2022\/03\/Cred-Real.1-300x240.jpg 300w, https:\/\/www.portalalerta.com.br\/wp-content\/uploads\/2022\/03\/Cred-Real.1-183x146.jpg 183w, https:\/\/www.portalalerta.com.br\/wp-content\/uploads\/2022\/03\/Cred-Real.1-50x40.jpg 50w, https:\/\/www.portalalerta.com.br\/wp-content\/uploads\/2022\/03\/Cred-Real.1-94x75.jpg 94w\" sizes=\"(max-width: 430px) 100vw, 430px\" \/><\/figure><\/div>\n\n\n\n<p>O juiz federal Jos\u00e9 Arthur Diniz Borges, no entanto, deu prazo para defesa de Vasques e negou seu afastamento, sob alega\u00e7\u00e3o de que se encontra de f\u00e9rias at\u00e9 o dia 6 de dezembro.<br>O MPF reiterou o pedido, argumentando que <strong><em>&#8220;o diretor-geral n\u00e3o deixa de ser diretor-geral porque est\u00e1 em f\u00e9rias; n\u00e3o deixa de ter ascend\u00eancia sobre seus comandados, especialmente numa organiza\u00e7\u00e3o policial fardada; n\u00e3o deixa de ter o poder de causar temor reverencial\u201d<\/em><\/strong>.<\/p>\n\n\n\n<p>De acordo com a Ag\u00eancia Brasil, na a\u00e7\u00e3o do MPF, o \u00f3rg\u00e3o disse entender que Vasques utilizou do cargo p\u00fabico para fazer campanha eleitoral para o ent\u00e3o candidato \u00e0 reelei\u00e7\u00e3o presidencial Jair Bolsonaro. Para o MPF, a postura de Vasques est\u00e1 relacionada com a conduta da PRF no dia do segundo turno, quando v\u00e1rios \u00f4nibus, sobretudo no nordeste, foram parados por agentes em opera\u00e7\u00f5es policiais questionadas pelo pr\u00f3prio presidente do Tribunal Superior Eleitoral (TSE), ministro Alexandre de Moraes. A in\u00e9rcia da PRF em bloqueios rodovi\u00e1rios promovidos por eleitores de Bolsonaro, insatisfeitos com a derrota do presidente, tamb\u00e9m foi lembrada na a\u00e7\u00e3o.<\/p>\n\n\n\n<p><em>Fonte: Metro1<\/em><\/p>\n","protected":false},"excerpt":{"rendered":"<p>\u00d3rg\u00e3o disse entender que Vasques utilizou do cargo p\u00fabico para fazer campanha eleitoral para Jair Bolsonaro<\/p>\n","protected":false},"author":2,"featured_media":45693,"comment_status":"open","ping_status":"open","sticky":false,"template":"","format":"standard","meta":{"om_disable_all_campaigns":false,"_monsterinsights_skip_tracking":false,"_monsterinsights_sitenote_active":false,"_monsterinsights_sitenote_note":"","_monsterinsights_sitenote_category":0,"footnotes":""},"categories":[34,70,69,21,22],"tags":[100,1120,71,48,4179,93,75,4178,4180,670,129,107,4181,132,230,352,3828,106,203,120,51,199,149,109,88,47,397,111,190],"class_list":["post-45967","post","type-post","status-publish","format-standard","has-post-thumbnail","hentry","category-brasil","category-destaques","category-noticias2","category-politica","category-seguranca","tag-adustina","tag-afastamento","tag-antas","tag-araci","tag-banzae-2","tag-brasil","tag-cicero-dantas","tag-cipo-2","tag-crisopolis-2","tag-diretor-geral","tag-euclides-da-cunha","tag-fatima","tag-heliopolis-2","tag-itapicuru","tag-jeremoabo","tag-ministerio-publico","tag-noticias","tag-nova-soure","tag-novo-triunfo","tag-olindina","tag-paripiranga","tag-politica","tag-prf","tag-quijingue","tag-ribeira-do-amparo","tag-ribeira-do-pombal","tag-seguranca","tag-sitio-do-quinto","tag-tucano"],"aioseo_notices":[],"_links":{"self":[{"href":"https:\/\/www.portalalerta.com.br\/index.php\/wp-json\/wp\/v2\/posts\/45967","targetHints":{"allow":["GET"]}}],"collection":[{"href":"https:\/\/www.portalalerta.com.br\/index.php\/wp-json\/wp\/v2\/posts"}],"about":[{"href":"https:\/\/www.portalalerta.com.br\/index.php\/wp-json\/wp\/v2\/types\/post"}],"author":[{"embeddable":true,"href":"https:\/\/www.portalalerta.com.br\/index.php\/wp-json\/wp\/v2\/users\/2"}],"replies":[{"embeddable":true,"href":"https:\/\/www.portalalerta.com.br\/index.php\/wp-json\/wp\/v2\/comments?post=45967"}],"version-history":[{"count":1,"href":"https:\/\/www.portalalerta.com.br\/index.php\/wp-json\/wp\/v2\/posts\/45967\/revisions"}],"predecessor-version":[{"id":45968,"href":"https:\/\/www.portalalerta.com.br\/index.php\/wp-json\/wp\/v2\/posts\/45967\/revisions\/45968"}],"wp:featuredmedia":[{"embeddable":true,"href":"https:\/\/www.portalalerta.com.br\/index.php\/wp-json\/wp\/v2\/media\/45693"}],"wp:attachment":[{"href":"https:\/\/www.portalalerta.com.br\/index.php\/wp-json\/wp\/v2\/media?parent=45967"}],"wp:term":[{"taxonomy":"category","embeddable":true,"href":"https:\/\/www.portalalerta.com.br\/index.php\/wp-json\/wp\/v2\/categories?post=45967"},{"taxonomy":"post_tag","embeddable":true,"href":"https:\/\/www.portalalerta.com.br\/index.php\/wp-json\/wp\/v2\/tags?post=45967"}],"curies":[{"name":"wp","href":"https:\/\/api.w.org\/{rel}","templated":true}]}}