{"id":45969,"date":"2022-11-27T15:44:57","date_gmt":"2022-11-27T18:44:57","guid":{"rendered":"https:\/\/www.portalalerta.com.br\/?p=45969"},"modified":"2022-11-27T15:44:59","modified_gmt":"2022-11-27T18:44:59","slug":"moto-com-mais-de-r13-mil-em-multas-e-apreendida-com-mais-irregularidades-em-eudlides-da-cunha-ba","status":"publish","type":"post","link":"https:\/\/www.portalalerta.com.br\/index.php\/2022\/11\/27\/moto-com-mais-de-r13-mil-em-multas-e-apreendida-com-mais-irregularidades-em-eudlides-da-cunha-ba\/","title":{"rendered":"Moto com mais de R$13 mil em multas, \u00e9 apreendida com mais irregularidades, em Eudlides da Cunha-BA"},"content":{"rendered":"\n<p>Por volta das 08:45hs do \u00faltimo s\u00e1bado (26), policiais militares da Companhia de Emprego T\u00e1tico Operacional (CETO), do 5\u00ba Batalh\u00e3o, apreenderam uma motocicleta Honda Pop de cor branca, demais dados n\u00e3o divulgados.<\/p>\n\n\n\n<!--more-->\n\n\n\n<p>De acordo com os policiais, no momento em que realizavam rondas pela Avenida Pedro Monteiro Campos, pr\u00f3ximo ao Col\u00e9gio Jos\u00e9 Aras, avistaram um jovem a bordo da motocicleta, que estava com o escapamento adulterado, gerando polui\u00e7\u00e3o sonora. Al\u00e9m disso, no momento da abordagem, foi contatado que o ve\u00edculo estava sem os espelhos retrovisores. Ao consultarem a placa do ve\u00edculo, a surpresa foi ainda maior, j\u00e1 que a referida motocicleta acumula R$ 13.025,58, em multas, somente nos \u00faltimos 12 meses, sendo algumas delas por: <strong>manobra perigosa, transitar em contram\u00e3o de dire\u00e7\u00e3o, desobedecer ordem de parada, velocidade acima do permitido, entre outras<\/strong>.<\/p>\n\n\n\n<p>O condutor do ve\u00edculo n\u00e3o apresentava documenta\u00e7\u00e3o pessoal, tampouco do ve\u00edculo, e por conta das infra\u00e7\u00f5es constatadas somente neste s\u00e1bado, a motocicleta foi conduzida para o p\u00e1tio da 14\u00aa CIRETRAN, o referido munic\u00edpio.<\/p>\n\n\n\n<p><em>Reda\u00e7\u00e3o: Portal Alerta<\/em><\/p>\n","protected":false},"excerpt":{"rendered":"<p>Por volta das 08:45hs do \u00faltimo s\u00e1bado (26), policiais militares da Companhia de Emprego T\u00e1tico Operacional (CETO), do 5\u00ba Batalh\u00e3o, apreenderam uma motocicleta Honda Pop de cor branca, demais dados n\u00e3o divulgados.<\/p>\n","protected":false},"author":2,"featured_media":45970,"comment_status":"open","ping_status":"open","sticky":false,"template":"","format":"standard","meta":{"om_disable_all_campaigns":false,"_monsterinsights_skip_tracking":false,"_monsterinsights_sitenote_active":false,"_monsterinsights_sitenote_note":"","_monsterinsights_sitenote_category":0,"footnotes":""},"categories":[70,17,69,32,22],"tags":[387,143,409,129,4052,79,4411],"class_list":["post-45969","post","type-post","status-publish","format-standard","has-post-thumbnail","hentry","category-destaques","category-euclides-da-cunha","category-noticias2","category-regiao","category-seguranca","tag-5o-bpm","tag-apreensao","tag-ceto","tag-euclides-da-cunha","tag-multas","tag-policia-militar","tag-veiculo-apreendido-2"],"aioseo_notices":[],"_links":{"self":[{"href":"https:\/\/www.portalalerta.com.br\/index.php\/wp-json\/wp\/v2\/posts\/45969","targetHints":{"allow":["GET"]}}],"collection":[{"href":"https:\/\/www.portalalerta.com.br\/index.php\/wp-json\/wp\/v2\/posts"}],"about":[{"href":"https:\/\/www.portalalerta.com.br\/index.php\/wp-json\/wp\/v2\/types\/post"}],"author":[{"embeddable":true,"href":"https:\/\/www.portalalerta.com.br\/index.php\/wp-json\/wp\/v2\/users\/2"}],"replies":[{"embeddable":true,"href":"https:\/\/www.portalalerta.com.br\/index.php\/wp-json\/wp\/v2\/comments?post=45969"}],"version-history":[{"count":1,"href":"https:\/\/www.portalalerta.com.br\/index.php\/wp-json\/wp\/v2\/posts\/45969\/revisions"}],"predecessor-version":[{"id":45971,"href":"https:\/\/www.portalalerta.com.br\/index.php\/wp-json\/wp\/v2\/posts\/45969\/revisions\/45971"}],"wp:featuredmedia":[{"embeddable":true,"href":"https:\/\/www.portalalerta.com.br\/index.php\/wp-json\/wp\/v2\/media\/45970"}],"wp:attachment":[{"href":"https:\/\/www.portalalerta.com.br\/index.php\/wp-json\/wp\/v2\/media?parent=45969"}],"wp:term":[{"taxonomy":"category","embeddable":true,"href":"https:\/\/www.portalalerta.com.br\/index.php\/wp-json\/wp\/v2\/categories?post=45969"},{"taxonomy":"post_tag","embeddable":true,"href":"https:\/\/www.portalalerta.com.br\/index.php\/wp-json\/wp\/v2\/tags?post=45969"}],"curies":[{"name":"wp","href":"https:\/\/api.w.org\/{rel}","templated":true}]}}