{"id":45977,"date":"2022-11-27T16:38:12","date_gmt":"2022-11-27T19:38:12","guid":{"rendered":"https:\/\/www.portalalerta.com.br\/?p=45977"},"modified":"2022-11-27T16:38:13","modified_gmt":"2022-11-27T19:38:13","slug":"pt-baiano-expulsa-prefeitos-vice-prefeitos-e-vereadores-roger-enfermeiro-de-banzae-esta-entre-eles","status":"publish","type":"post","link":"https:\/\/www.portalalerta.com.br\/index.php\/2022\/11\/27\/pt-baiano-expulsa-prefeitos-vice-prefeitos-e-vereadores-roger-enfermeiro-de-banzae-esta-entre-eles\/","title":{"rendered":"PT Baiano expulsa prefeitos, vice-prefeitos e vereadores. Roger Enfermeiro de Banza\u00ea est\u00e1 entre eles!"},"content":{"rendered":"\n<p>Em reuni\u00e3o realizada no s\u00e1bado (26), em Salvador-BA, o Diret\u00f3rio Estadual do PT expulsou do partido prefeitos, vice-prefeitos e vereadores que votaram em Bolsonaro, ACM Neto e Cac\u00e1 Le\u00e3o.<\/p>\n\n\n\n<!--more-->\n\n\n\n<div class=\"wp-block-image\"><figure class=\"alignleft size-full is-resized\"><img fetchpriority=\"high\" decoding=\"async\" src=\"https:\/\/www.portalalerta.com.br\/wp-content\/uploads\/2022\/11\/auto-escola-copa-do-mundo.jpeg\" alt=\"\" class=\"wp-image-45949\" width=\"429\" height=\"431\" srcset=\"https:\/\/www.portalalerta.com.br\/wp-content\/uploads\/2022\/11\/auto-escola-copa-do-mundo.jpeg 639w, https:\/\/www.portalalerta.com.br\/wp-content\/uploads\/2022\/11\/auto-escola-copa-do-mundo-239x240.jpeg 239w\" sizes=\"(max-width: 429px) 100vw, 429px\" \/><\/figure><\/div>\n\n\n\n<p>Foi expulso tamb\u00e9m o vereador Roger Enfermeiro, do munic\u00edpio de Banza\u00ea, acusado de estupro de vulner\u00e1vel, e o vereador George Breu, de Santo Estev\u00e3o, por feminic\u00eddio.<\/p>\n\n\n\n<p><em>Fonte: Joilson Costa<\/em><\/p>\n","protected":false},"excerpt":{"rendered":"<p>Em reuni\u00e3o realizada no s\u00e1bado (26), em Salvador-BA, o Diret\u00f3rio Estadual do PT expulsou do partido prefeitos, vice-prefeitos e vereadores que votaram em Bolsonaro, ACM Neto e Cac\u00e1 Le\u00e3o.<\/p>\n","protected":false},"author":2,"featured_media":44867,"comment_status":"open","ping_status":"open","sticky":false,"template":"","format":"standard","meta":{"om_disable_all_campaigns":false,"_monsterinsights_skip_tracking":false,"_monsterinsights_sitenote_active":false,"_monsterinsights_sitenote_note":"","_monsterinsights_sitenote_category":0,"footnotes":""},"categories":[33,39,70,69,21,32],"tags":[54,2374,5724,829,304,5628,1285,135,5725],"class_list":["post-45977","post","type-post","status-publish","format-standard","has-post-thumbnail","hentry","category-bahia","category-banzae","category-destaques","category-noticias2","category-politica","category-regiao","tag-bahia","tag-expulsao","tag-partido-dos-trabalhadores","tag-prefeitos","tag-pt","tag-roger-enfermeiro","tag-santo-estevao","tag-vereadores","tag-vice-prefeitos"],"aioseo_notices":[],"_links":{"self":[{"href":"https:\/\/www.portalalerta.com.br\/index.php\/wp-json\/wp\/v2\/posts\/45977","targetHints":{"allow":["GET"]}}],"collection":[{"href":"https:\/\/www.portalalerta.com.br\/index.php\/wp-json\/wp\/v2\/posts"}],"about":[{"href":"https:\/\/www.portalalerta.com.br\/index.php\/wp-json\/wp\/v2\/types\/post"}],"author":[{"embeddable":true,"href":"https:\/\/www.portalalerta.com.br\/index.php\/wp-json\/wp\/v2\/users\/2"}],"replies":[{"embeddable":true,"href":"https:\/\/www.portalalerta.com.br\/index.php\/wp-json\/wp\/v2\/comments?post=45977"}],"version-history":[{"count":1,"href":"https:\/\/www.portalalerta.com.br\/index.php\/wp-json\/wp\/v2\/posts\/45977\/revisions"}],"predecessor-version":[{"id":45978,"href":"https:\/\/www.portalalerta.com.br\/index.php\/wp-json\/wp\/v2\/posts\/45977\/revisions\/45978"}],"wp:featuredmedia":[{"embeddable":true,"href":"https:\/\/www.portalalerta.com.br\/index.php\/wp-json\/wp\/v2\/media\/44867"}],"wp:attachment":[{"href":"https:\/\/www.portalalerta.com.br\/index.php\/wp-json\/wp\/v2\/media?parent=45977"}],"wp:term":[{"taxonomy":"category","embeddable":true,"href":"https:\/\/www.portalalerta.com.br\/index.php\/wp-json\/wp\/v2\/categories?post=45977"},{"taxonomy":"post_tag","embeddable":true,"href":"https:\/\/www.portalalerta.com.br\/index.php\/wp-json\/wp\/v2\/tags?post=45977"}],"curies":[{"name":"wp","href":"https:\/\/api.w.org\/{rel}","templated":true}]}}