{"id":45992,"date":"2022-11-28T07:02:00","date_gmt":"2022-11-28T10:02:00","guid":{"rendered":"https:\/\/www.portalalerta.com.br\/?p=45992"},"modified":"2022-11-27T21:40:04","modified_gmt":"2022-11-28T00:40:04","slug":"ministerio-publico-pede-afastamento-do-prefeito-de-jeremoabo-ba-deri-do-paloma","status":"publish","type":"post","link":"https:\/\/www.portalalerta.com.br\/index.php\/2022\/11\/28\/ministerio-publico-pede-afastamento-do-prefeito-de-jeremoabo-ba-deri-do-paloma\/","title":{"rendered":"Minist\u00e9rio P\u00fablico pede afastamento do prefeito de Jeremoabo-BA, Deri do Paloma"},"content":{"rendered":"\n<p>Recentemente o MPF pediu \u00e0 Justi\u00e7a a pris\u00e3o do Prefeito de Jeremoabo-BA, Deri do Paloma, em fun\u00e7\u00e3o da compra de combust\u00edvel para a prefeitura em posto de sua filha e irm\u00e3.<\/p>\n\n\n\n<!--more-->\n\n\n\n<div class=\"wp-block-image\"><figure class=\"alignleft size-large is-resized\"><img fetchpriority=\"high\" decoding=\"async\" src=\"https:\/\/www.portalalerta.com.br\/wp-content\/uploads\/2022\/11\/Novembro-Azul-Elab-2022-1024x750.jpeg\" alt=\"\" class=\"wp-image-45666\" width=\"429\" height=\"314\" srcset=\"https:\/\/www.portalalerta.com.br\/wp-content\/uploads\/2022\/11\/Novembro-Azul-Elab-2022-1024x750.jpeg 1024w, https:\/\/www.portalalerta.com.br\/wp-content\/uploads\/2022\/11\/Novembro-Azul-Elab-2022-328x240.jpeg 328w, https:\/\/www.portalalerta.com.br\/wp-content\/uploads\/2022\/11\/Novembro-Azul-Elab-2022-768x562.jpeg 768w, https:\/\/www.portalalerta.com.br\/wp-content\/uploads\/2022\/11\/Novembro-Azul-Elab-2022.jpeg 1080w\" sizes=\"(max-width: 429px) 100vw, 429px\" \/><\/figure><\/div>\n\n\n\n<p>Agora o Minist\u00e9rio P\u00fablico da Bahia, Comarca de Jeremoabo, pede tamb\u00e9m o afastamento do mesmo por contrata\u00e7\u00e3o irregular de empresa de coleta do lixo no munic\u00edpio.<\/p>\n\n\n\n<p>Segundo a den\u00fancia feita pela Procuradora-Geral de Justi\u00e7a Adjunta, Wanda Valbiraci Caldas Figueiredo, houve contrata\u00e7\u00e3o sem certame, em benef\u00edcio de particular de sua predile\u00e7\u00e3o, para execu\u00e7\u00e3o de servi\u00e7os de limpeza p\u00fablica durante o exerc\u00edcio financeiro de 2018, que terminaram desviando algo em torno de R$ 1.663.275,37 (um milh\u00e3o, seiscentos e sessenta e tr\u00eas mil, duzentos e setenta e cinco reais e trinta e sete centavos), &nbsp;do munic\u00edpio para empresa de recolhimento de lixo<\/p>\n\n\n\n<p><em>Fonte: Joilson Costa e JR Not\u00edcias<\/em><\/p>\n","protected":false},"excerpt":{"rendered":"<p>Recentemente o MPF pediu \u00e0 Justi\u00e7a a pris\u00e3o do Prefeito de Jeremoabo-BA, Deri do Paloma, em fun\u00e7\u00e3o da compra de combust\u00edvel para a prefeitura em posto de sua filha e irm\u00e3.<\/p>\n","protected":false},"author":2,"featured_media":34746,"comment_status":"open","ping_status":"open","sticky":false,"template":"","format":"standard","meta":{"om_disable_all_campaigns":false,"_monsterinsights_skip_tracking":false,"_monsterinsights_sitenote_active":false,"_monsterinsights_sitenote_note":"","_monsterinsights_sitenote_category":0,"footnotes":""},"categories":[70,9,69,21,32],"tags":[100,1120,71,48,4179,75,4178,4180,1210,129,107,4181,132,230,352,3828,106,203,120,51,109,88,47,111,190],"class_list":["post-45992","post","type-post","status-publish","format-standard","has-post-thumbnail","hentry","category-destaques","category-jeremoabo","category-noticias2","category-politica","category-regiao","tag-adustina","tag-afastamento","tag-antas","tag-araci","tag-banzae-2","tag-cicero-dantas","tag-cipo-2","tag-crisopolis-2","tag-deri-do-paloma","tag-euclides-da-cunha","tag-fatima","tag-heliopolis-2","tag-itapicuru","tag-jeremoabo","tag-ministerio-publico","tag-noticias","tag-nova-soure","tag-novo-triunfo","tag-olindina","tag-paripiranga","tag-quijingue","tag-ribeira-do-amparo","tag-ribeira-do-pombal","tag-sitio-do-quinto","tag-tucano"],"aioseo_notices":[],"_links":{"self":[{"href":"https:\/\/www.portalalerta.com.br\/index.php\/wp-json\/wp\/v2\/posts\/45992","targetHints":{"allow":["GET"]}}],"collection":[{"href":"https:\/\/www.portalalerta.com.br\/index.php\/wp-json\/wp\/v2\/posts"}],"about":[{"href":"https:\/\/www.portalalerta.com.br\/index.php\/wp-json\/wp\/v2\/types\/post"}],"author":[{"embeddable":true,"href":"https:\/\/www.portalalerta.com.br\/index.php\/wp-json\/wp\/v2\/users\/2"}],"replies":[{"embeddable":true,"href":"https:\/\/www.portalalerta.com.br\/index.php\/wp-json\/wp\/v2\/comments?post=45992"}],"version-history":[{"count":1,"href":"https:\/\/www.portalalerta.com.br\/index.php\/wp-json\/wp\/v2\/posts\/45992\/revisions"}],"predecessor-version":[{"id":45993,"href":"https:\/\/www.portalalerta.com.br\/index.php\/wp-json\/wp\/v2\/posts\/45992\/revisions\/45993"}],"wp:featuredmedia":[{"embeddable":true,"href":"https:\/\/www.portalalerta.com.br\/index.php\/wp-json\/wp\/v2\/media\/34746"}],"wp:attachment":[{"href":"https:\/\/www.portalalerta.com.br\/index.php\/wp-json\/wp\/v2\/media?parent=45992"}],"wp:term":[{"taxonomy":"category","embeddable":true,"href":"https:\/\/www.portalalerta.com.br\/index.php\/wp-json\/wp\/v2\/categories?post=45992"},{"taxonomy":"post_tag","embeddable":true,"href":"https:\/\/www.portalalerta.com.br\/index.php\/wp-json\/wp\/v2\/tags?post=45992"}],"curies":[{"name":"wp","href":"https:\/\/api.w.org\/{rel}","templated":true}]}}