{"id":45994,"date":"2022-11-28T07:03:00","date_gmt":"2022-11-28T10:03:00","guid":{"rendered":"https:\/\/www.portalalerta.com.br\/?p=45994"},"modified":"2022-11-27T21:49:14","modified_gmt":"2022-11-28T00:49:14","slug":"mais-pessoas-podem-ser-responsabilizadas-pelos-ataques-em-aracruz-diz-governador-do-es","status":"publish","type":"post","link":"https:\/\/www.portalalerta.com.br\/index.php\/2022\/11\/28\/mais-pessoas-podem-ser-responsabilizadas-pelos-ataques-em-aracruz-diz-governador-do-es\/","title":{"rendered":"Mais pessoas podem ser responsabilizadas pelos ataques em Aracruz, diz governador do ES"},"content":{"rendered":"\n<p><strong>Jovem de 16 anos nega o envolvimento de outros na a\u00e7\u00e3o; pol\u00edcia busca poss\u00edvel v\u00ednculo com grupo nazista em&nbsp;celular e computador<\/strong><\/p>\n\n\n\n<!--more-->\n\n\n\n<p>O governador do Esp\u00edrito Santo, Renato Casagrande, disse, neste domingo (27), que existe a possibilidade de mais pessoas serem responsabilizadas pelo\u00a0atentado da \u00faltima sexta-feira (25) a duas escolas em Aracruz, que terminou com a morte de tr\u00eas professoras e de uma estudante e deixou 18 feridos.\u00a0<strong><em>&#8220;A investiga\u00e7\u00e3o vai dizer como ele [o jovem que atirou nas v\u00edtimas], com 16 anos, tinha tanta habilidade com armas, como ele conseguiu carregar, recarregar&#8221;<\/em><\/strong>, afirmou.<\/p>\n\n\n\n<p>Ele contou que os interrogat\u00f3rios, que s\u00e3o o primeiro passo na apura\u00e7\u00e3o do caso, j\u00e1 foram feitos, e o adolescente de 16 anos negou a participa\u00e7\u00e3o de outras pessoas, dizendo ter agido sozinho.<\/p>\n\n\n\n<div class=\"wp-block-image\"><figure class=\"alignleft size-full is-resized\"><img fetchpriority=\"high\" decoding=\"async\" src=\"https:\/\/www.portalalerta.com.br\/wp-content\/uploads\/2022\/11\/auto-escola-copa-do-mundo.jpeg\" alt=\"\" class=\"wp-image-45949\" width=\"391\" height=\"393\" srcset=\"https:\/\/www.portalalerta.com.br\/wp-content\/uploads\/2022\/11\/auto-escola-copa-do-mundo.jpeg 639w, https:\/\/www.portalalerta.com.br\/wp-content\/uploads\/2022\/11\/auto-escola-copa-do-mundo-239x240.jpeg 239w\" sizes=\"(max-width: 391px) 100vw, 391px\" \/><\/figure><\/div>\n\n\n\n<p><strong><em>&#8220;Isso n\u00e3o \u00e9 suficiente para a pol\u00edcia, que vai fazer toda a investiga\u00e7\u00e3o t\u00e9cnica. Hoje n\u00f3s j\u00e1 temos acesso ao telefone e aos computadores dele, al\u00e9m do interrogat\u00f3rio. \u00c9 o processo que vai mostrar se ele tinha v\u00ednculo com algum grupo de fora, neonazista ou fascista. O que est\u00e1 bem claro \u00e9 que ele sabia manusear muito bem as armas e que planejou a sua a\u00e7\u00e3o&#8221;<\/em><\/strong>, comentou o governador.<\/p>\n\n\n\n<p>Casagrande disse que ainda n\u00e3o \u00e9 poss\u00edvel afirmar se o pai do jovem, que \u00e9 policial militar, ser\u00e1 responsabilizado pelo atentado. <strong><em>&#8220;Por mais que a gente queira identificar tudo rapidamente, a investiga\u00e7\u00e3o \u00e9 que vai dizer se h\u00e1 mais respons\u00e1veis, se o uso da arma teve alguma responsabilidade do policial, que, naturalmente, estava com sua arma em casa&#8221;,<\/em><\/strong> explicou.<\/p>\n\n\n\n<p>Ele completou a afirma\u00e7\u00e3o dizendo que todo mundo sabe que quem tem uma arma precisa tomar muito cuidado para que um menor de idade n\u00e3o a use. &#8220;A Pol\u00edcia Militar est\u00e1 em processo de investiga\u00e7\u00e3o, mas \u00e9 a Pol\u00edcia Civil que vai ver se teve, de fato, cumplicidade de algu\u00e9m.&#8221;<\/p>\n\n\n\n<p>O menor vai responder por ato infracional an\u00e1logo a tr\u00eas homic\u00eddios e a dez tentativas de homic\u00eddio qualificadas. <strong><em>&#8220;Ele pode ficar preso, mas vai depender da avalia\u00e7\u00e3o psicol\u00f3gica e&nbsp;da avalia\u00e7\u00e3o de um psiquiatra tamb\u00e9m, das condi\u00e7\u00f5es dele&#8221;<\/em><\/strong>, disse o governador.<\/p>\n\n\n\n<p><strong><em>&#8220;N\u00f3s temos uma legisla\u00e7\u00e3o federal que tem que ser cumprida. Manter esse adolescente internado e, depois dos 18 anos, privado de sua liberdade \u00e9 o que o estado tem de fazer para proteger a sociedade.&#8221;<\/em><\/strong><\/p>\n\n\n\n<p>Qualificando o atentado como uma trag\u00e9dia,&nbsp;Casagrande diz que o momento \u00e9 de tristeza. <strong><em>&#8220;Ele nos leva a refletir sobre o ambiente coletivo que a gente est\u00e1 vivendo, de viol\u00eancia, que exige que a gente trabalhe uma cultura de paz. Se for poss\u00edvel tirar alguma coisa de positivo de uma trag\u00e9dia como essa, \u00e9 importante que a gente possa aproveitar para debater que sociedade n\u00f3s desejamos pro nosso pa\u00eds: se uma que vai ter acesso \u00e0s armas, qualquer que seja o calibre, ou se \u00e9 a que vai, de fato, cultivar a paz e, de forma coletiva, construir uma sociedade harmoniosa.&#8221;<\/em><\/strong><\/p>\n\n\n\n<p><strong>Entenda o caso<\/strong><\/p>\n\n\n\n<p>Um adolescente armado invadiu duas escolas na cidade de Aracruz, no Esp\u00edrito Santo, na manh\u00e3 da sexta-feira (25),&nbsp;por volta das 10h, e atirou contra estudantes e professores. Tr\u00eas pessoas morreram no local, duas professoras e uma estudante de 12 anos, e v\u00e1rios feridos foram encaminhados a hospitais da regi\u00e3o, alguns em estado grav\u00edssimo.&nbsp;<\/p>\n\n\n\n<p>De acordo com informa\u00e7\u00f5es do capit\u00e3o Alexandre, do 5\u00ba Batalh\u00e3o da Pol\u00edcia Militar, o atentado foi cometido por um jovem de 16 anos que estuda no per\u00edodo da tarde no col\u00e9gio Primo Bitti. <strong><em>&#8220;Ele teria entrado na escola, na sala dos professores, com uma pistola e v\u00e1rios carregadores e efetuado v\u00e1rios disparos, que atingiram seis pessoas no col\u00e9gio. Dois \u00f3bitos foram confirmados no local.&#8221;<\/em><\/strong><\/p>\n\n\n\n<p>Ele invadiu,&nbsp;al\u00e9m da Escola Estadual de Ensino Fundamental e M\u00e9dio Primo Bitti, o Centro Educacional Praia de Coqueiral, antes conhecida como Centro Darwin. Foram usadas duas armas, uma pistola .40, da Pol\u00edcia Militar, e um rev\u00f3lver 38, arma particular do pai do jovem, que \u00e9 policial.<\/p>\n\n\n\n<p>O adolescente confessou o crime. No momento do ataque, ele usava roupa camuflada, uma m\u00e1scara de caveira e um bracelete com uma su\u00e1stica, s\u00edmbolo nazista.<\/p>\n\n\n\n<p>Essa \u00e9 a terceira ocorr\u00eancia em escolas do Esp\u00edrito Santo neste ano. Nas outras duas, a pol\u00edcia foi chamada e conseguiu impedir os jovens de executarem os ataques planejados.<\/p>\n\n\n\n<p><em>Fonte: R7<\/em><\/p>\n","protected":false},"excerpt":{"rendered":"<p>Jovem de 16 anos nega o envolvimento de outros na a\u00e7\u00e3o; pol\u00edcia busca poss\u00edvel v\u00ednculo com grupo nazista em&nbsp;celular e computador<\/p>\n","protected":false},"author":2,"featured_media":45995,"comment_status":"open","ping_status":"open","sticky":false,"template":"","format":"standard","meta":{"om_disable_all_campaigns":false,"_monsterinsights_skip_tracking":false,"_monsterinsights_sitenote_active":false,"_monsterinsights_sitenote_note":"","_monsterinsights_sitenote_category":0,"footnotes":""},"categories":[34,70,69,22],"tags":[100,71,48,2042,4179,93,75,4178,4180,560,1349,129,107,393,4181,2074,132,230,439,3828,106,203,120,51,109,88,47,111,190],"class_list":["post-45994","post","type-post","status-publish","format-standard","has-post-thumbnail","hentry","category-brasil","category-destaques","category-noticias2","category-seguranca","tag-adustina","tag-antas","tag-araci","tag-ataques","tag-banzae-2","tag-brasil","tag-cicero-dantas","tag-cipo-2","tag-crisopolis-2","tag-escolas","tag-espirito-santo","tag-euclides-da-cunha","tag-fatima","tag-feridos","tag-heliopolis-2","tag-homicidios","tag-itapicuru","tag-jeremoabo","tag-mortes","tag-noticias","tag-nova-soure","tag-novo-triunfo","tag-olindina","tag-paripiranga","tag-quijingue","tag-ribeira-do-amparo","tag-ribeira-do-pombal","tag-sitio-do-quinto","tag-tucano"],"aioseo_notices":[],"_links":{"self":[{"href":"https:\/\/www.portalalerta.com.br\/index.php\/wp-json\/wp\/v2\/posts\/45994","targetHints":{"allow":["GET"]}}],"collection":[{"href":"https:\/\/www.portalalerta.com.br\/index.php\/wp-json\/wp\/v2\/posts"}],"about":[{"href":"https:\/\/www.portalalerta.com.br\/index.php\/wp-json\/wp\/v2\/types\/post"}],"author":[{"embeddable":true,"href":"https:\/\/www.portalalerta.com.br\/index.php\/wp-json\/wp\/v2\/users\/2"}],"replies":[{"embeddable":true,"href":"https:\/\/www.portalalerta.com.br\/index.php\/wp-json\/wp\/v2\/comments?post=45994"}],"version-history":[{"count":1,"href":"https:\/\/www.portalalerta.com.br\/index.php\/wp-json\/wp\/v2\/posts\/45994\/revisions"}],"predecessor-version":[{"id":45996,"href":"https:\/\/www.portalalerta.com.br\/index.php\/wp-json\/wp\/v2\/posts\/45994\/revisions\/45996"}],"wp:featuredmedia":[{"embeddable":true,"href":"https:\/\/www.portalalerta.com.br\/index.php\/wp-json\/wp\/v2\/media\/45995"}],"wp:attachment":[{"href":"https:\/\/www.portalalerta.com.br\/index.php\/wp-json\/wp\/v2\/media?parent=45994"}],"wp:term":[{"taxonomy":"category","embeddable":true,"href":"https:\/\/www.portalalerta.com.br\/index.php\/wp-json\/wp\/v2\/categories?post=45994"},{"taxonomy":"post_tag","embeddable":true,"href":"https:\/\/www.portalalerta.com.br\/index.php\/wp-json\/wp\/v2\/tags?post=45994"}],"curies":[{"name":"wp","href":"https:\/\/api.w.org\/{rel}","templated":true}]}}