{"id":45999,"date":"2022-11-28T11:01:00","date_gmt":"2022-11-28T14:01:00","guid":{"rendered":"https:\/\/www.portalalerta.com.br\/?p=45999"},"modified":"2022-11-27T22:05:28","modified_gmt":"2022-11-28T01:05:28","slug":"prefeitura-de-ribeira-do-pombal-ba-substitui-arvores-da-praca-da-juventude","status":"publish","type":"post","link":"https:\/\/www.portalalerta.com.br\/index.php\/2022\/11\/28\/prefeitura-de-ribeira-do-pombal-ba-substitui-arvores-da-praca-da-juventude\/","title":{"rendered":"Prefeitura de Ribeira do Pombal-BA substitui \u00e1rvores da Pra\u00e7a da Juventude"},"content":{"rendered":"\n<p>A Secretaria de Meio Ambiente iniciou processo de substitui\u00e7\u00e3o de \u00e1rvores da Pra\u00e7a da Juventude, em Ribeira do Pombal-BA. A a\u00e7\u00e3o busca reverter danos causados na estrutura da ra\u00e7a como a eleva\u00e7\u00e3o do solo que prejudica quem transita no local ou faz atividade f\u00edsica como caminhar ou pedalar.<\/p>\n\n\n\n<!--more-->\n\n\n\n<p>A Secretaria est\u00e1 removendo apenas \u00e1rvores da esp\u00e9cie \u201cneem\u201d, que n\u00e3o integram o bioma pombalense, por esp\u00e9cies de \u00e1rvores mais apropriadas \u00e0 compor a paisagem dessa pra\u00e7a de grande porte, inclusive que se ajustem \u00e0s demais esp\u00e9cies plantadas aqui, como o Pau Brasil e o Ip\u00ea.<\/p>\n\n\n\n<p>A A\u00e7\u00e3o est\u00e1 sendo realizada em conjunto entres as secretarias de Meio Ambiente e de Obras para acontecer de forma tranquila e discreta para tentar minimizar poss\u00edveis impactos ao dia a dia da popula\u00e7\u00e3o da regi\u00e3o.<\/p>\n\n\n\n<p><em>Fonte: SECOM\/ Ribeira do Pombal<\/em><\/p>\n","protected":false},"excerpt":{"rendered":"<p>A Secretaria de Meio Ambiente iniciou processo de substitui\u00e7\u00e3o de \u00e1rvores da Pra\u00e7a da Juventude, em Ribeira do Pombal-BA. A a\u00e7\u00e3o busca reverter danos causados na estrutura da ra\u00e7a como a eleva\u00e7\u00e3o do solo que prejudica quem transita no local ou faz atividade f\u00edsica como caminhar ou pedalar.<\/p>\n","protected":false},"author":2,"featured_media":46000,"comment_status":"open","ping_status":"open","sticky":false,"template":"","format":"standard","meta":{"om_disable_all_campaigns":false,"_monsterinsights_skip_tracking":false,"_monsterinsights_sitenote_active":false,"_monsterinsights_sitenote_note":"","_monsterinsights_sitenote_category":0,"footnotes":""},"categories":[70,69,32,3],"tags":[5731,47,5730],"class_list":["post-45999","post","type-post","status-publish","format-standard","has-post-thumbnail","hentry","category-destaques","category-noticias2","category-regiao","category-ribeira-do-pombal","tag-arvores","tag-ribeira-do-pombal","tag-secretaria-municipal-do-meio-ambiente"],"aioseo_notices":[],"_links":{"self":[{"href":"https:\/\/www.portalalerta.com.br\/index.php\/wp-json\/wp\/v2\/posts\/45999","targetHints":{"allow":["GET"]}}],"collection":[{"href":"https:\/\/www.portalalerta.com.br\/index.php\/wp-json\/wp\/v2\/posts"}],"about":[{"href":"https:\/\/www.portalalerta.com.br\/index.php\/wp-json\/wp\/v2\/types\/post"}],"author":[{"embeddable":true,"href":"https:\/\/www.portalalerta.com.br\/index.php\/wp-json\/wp\/v2\/users\/2"}],"replies":[{"embeddable":true,"href":"https:\/\/www.portalalerta.com.br\/index.php\/wp-json\/wp\/v2\/comments?post=45999"}],"version-history":[{"count":1,"href":"https:\/\/www.portalalerta.com.br\/index.php\/wp-json\/wp\/v2\/posts\/45999\/revisions"}],"predecessor-version":[{"id":46001,"href":"https:\/\/www.portalalerta.com.br\/index.php\/wp-json\/wp\/v2\/posts\/45999\/revisions\/46001"}],"wp:featuredmedia":[{"embeddable":true,"href":"https:\/\/www.portalalerta.com.br\/index.php\/wp-json\/wp\/v2\/media\/46000"}],"wp:attachment":[{"href":"https:\/\/www.portalalerta.com.br\/index.php\/wp-json\/wp\/v2\/media?parent=45999"}],"wp:term":[{"taxonomy":"category","embeddable":true,"href":"https:\/\/www.portalalerta.com.br\/index.php\/wp-json\/wp\/v2\/categories?post=45999"},{"taxonomy":"post_tag","embeddable":true,"href":"https:\/\/www.portalalerta.com.br\/index.php\/wp-json\/wp\/v2\/tags?post=45999"}],"curies":[{"name":"wp","href":"https:\/\/api.w.org\/{rel}","templated":true}]}}