{"id":46010,"date":"2022-11-28T18:01:00","date_gmt":"2022-11-28T21:01:00","guid":{"rendered":"https:\/\/www.portalalerta.com.br\/?p=46010"},"modified":"2022-11-27T22:44:28","modified_gmt":"2022-11-28T01:44:28","slug":"cidades-entram-em-alerta-pela-suspensao-da-operacao-carro-pipa-no-nordeste","status":"publish","type":"post","link":"https:\/\/www.portalalerta.com.br\/index.php\/2022\/11\/28\/cidades-entram-em-alerta-pela-suspensao-da-operacao-carro-pipa-no-nordeste\/","title":{"rendered":"Cidades entram em alerta pela suspens\u00e3o da Opera\u00e7\u00e3o Carro-Pipa no Nordeste"},"content":{"rendered":"\n<p>Senadores foram ao TCU e MPF para pedir a retomada<\/p>\n\n\n\n<!--more-->\n\n\n\n<p>O Programa Emergencial de Distribui\u00e7\u00e3o de \u00c1gua, conhecido como Opera\u00e7\u00e3o Carro-Pipa, sofre com suspens\u00e3o de repasses do governo federal&nbsp;pela segunda vez. O problema, que j\u00e1 havia ocorrido em mar\u00e7o de 2021, volta agora, no fim de 2022.<\/p>\n\n\n\n<p>Nessa \u00faltima quinta-feira (24), dez senadores, entre eles, o pernambucano Humberto Costa (PT-PE), acionaram o Minist\u00e9rio P\u00fablico Federal (MPF) e o Tribunal de Contas da Uni\u00e3o (TCU) para que a Opera\u00e7\u00e3o Carro-Pipa seja retomada e que seja feita uma investiga\u00e7\u00e3o sobre os motivos que levaram \u00e0 suspens\u00e3o. Alguns deles repercutiram ap\u00f3s a publica\u00e7\u00e3o de uma mat\u00e9ria constru\u00edda nos \u00faltimos dias explicando no site UOL, onde o caso era explicado.&nbsp;<\/p>\n\n\n\n<p><strong><em>\u201cOs fatos comp\u00f5em uma situa\u00e7\u00e3o que demanda a mais pronta interven\u00e7\u00e3o dos \u00f3rg\u00e3os de controle sobre a administra\u00e7\u00e3o p\u00fablica, porque se afigura imin\u00eancia de morte se essa popula\u00e7\u00e3o seguir desassistida da entrega de \u00e1gua pot\u00e1vel, cabendo ponderar que nesse contexto as vulnerabilidades se somam: al\u00e9m do n\u00e3o acesso a bem imprescind\u00edvel ao viver, h\u00e1, nesse contingente, crian\u00e7as, idosos, gestantes, pessoas com doen\u00e7as graves\u201d<\/em><\/strong>, afirmam os parlamentares.<\/p>\n\n\n\n<p><em>Fonte: Metro1<\/em><\/p>\n","protected":false},"excerpt":{"rendered":"<p>Senadores foram ao TCU e MPF para pedir a retomada<\/p>\n","protected":false},"author":2,"featured_media":46011,"comment_status":"open","ping_status":"open","sticky":false,"template":"","format":"standard","meta":{"om_disable_all_campaigns":false,"_monsterinsights_skip_tracking":false,"_monsterinsights_sitenote_active":false,"_monsterinsights_sitenote_note":"","_monsterinsights_sitenote_category":0,"footnotes":""},"categories":[34,70,69],"tags":[100,2605,71,48,4179,93,5732,75,4178,4180,129,107,4181,132,230,3828,106,203,120,51,109,88,47,111],"class_list":["post-46010","post","type-post","status-publish","format-standard","has-post-thumbnail","hentry","category-brasil","category-destaques","category-noticias2","tag-adustina","tag-agua","tag-antas","tag-araci","tag-banzae-2","tag-brasil","tag-caminhao-pipa","tag-cicero-dantas","tag-cipo-2","tag-crisopolis-2","tag-euclides-da-cunha","tag-fatima","tag-heliopolis-2","tag-itapicuru","tag-jeremoabo","tag-noticias","tag-nova-soure","tag-novo-triunfo","tag-olindina","tag-paripiranga","tag-quijingue","tag-ribeira-do-amparo","tag-ribeira-do-pombal","tag-sitio-do-quinto"],"aioseo_notices":[],"_links":{"self":[{"href":"https:\/\/www.portalalerta.com.br\/index.php\/wp-json\/wp\/v2\/posts\/46010","targetHints":{"allow":["GET"]}}],"collection":[{"href":"https:\/\/www.portalalerta.com.br\/index.php\/wp-json\/wp\/v2\/posts"}],"about":[{"href":"https:\/\/www.portalalerta.com.br\/index.php\/wp-json\/wp\/v2\/types\/post"}],"author":[{"embeddable":true,"href":"https:\/\/www.portalalerta.com.br\/index.php\/wp-json\/wp\/v2\/users\/2"}],"replies":[{"embeddable":true,"href":"https:\/\/www.portalalerta.com.br\/index.php\/wp-json\/wp\/v2\/comments?post=46010"}],"version-history":[{"count":1,"href":"https:\/\/www.portalalerta.com.br\/index.php\/wp-json\/wp\/v2\/posts\/46010\/revisions"}],"predecessor-version":[{"id":46012,"href":"https:\/\/www.portalalerta.com.br\/index.php\/wp-json\/wp\/v2\/posts\/46010\/revisions\/46012"}],"wp:featuredmedia":[{"embeddable":true,"href":"https:\/\/www.portalalerta.com.br\/index.php\/wp-json\/wp\/v2\/media\/46011"}],"wp:attachment":[{"href":"https:\/\/www.portalalerta.com.br\/index.php\/wp-json\/wp\/v2\/media?parent=46010"}],"wp:term":[{"taxonomy":"category","embeddable":true,"href":"https:\/\/www.portalalerta.com.br\/index.php\/wp-json\/wp\/v2\/categories?post=46010"},{"taxonomy":"post_tag","embeddable":true,"href":"https:\/\/www.portalalerta.com.br\/index.php\/wp-json\/wp\/v2\/tags?post=46010"}],"curies":[{"name":"wp","href":"https:\/\/api.w.org\/{rel}","templated":true}]}}