{"id":46015,"date":"2022-11-28T18:13:07","date_gmt":"2022-11-28T21:13:07","guid":{"rendered":"https:\/\/www.portalalerta.com.br\/?p=46015"},"modified":"2022-11-28T19:48:11","modified_gmt":"2022-11-28T22:48:11","slug":"com-segunda-vitoria-consecutiva-brasil-e-portugal-garantem-vaga-na-proxima-fase-veja-como-foi-o-dia-da-copa-do-mundo","status":"publish","type":"post","link":"https:\/\/www.portalalerta.com.br\/index.php\/2022\/11\/28\/com-segunda-vitoria-consecutiva-brasil-e-portugal-garantem-vaga-na-proxima-fase-veja-como-foi-o-dia-da-copa-do-mundo\/","title":{"rendered":"Com segunda vit\u00f3ria consecutiva, Brasil e Portugal garantem vaga na pr\u00f3xima fase. Veja como foi o dia da Copa do Mundo!"},"content":{"rendered":"\n<p>O Brasil conquistou nesta segunda-feira (28) sua vaga nas oitavas de final da Copa do Mundo de 2022, no Catar. Em jogo pela segunda rodada do Grupo G da competi\u00e7\u00e3o, o time venceu a Su\u00ed\u00e7a por 1 a 0, gra\u00e7as a um gol de Casemiro, e contou com uma combina\u00e7\u00e3o de resultados para assegurar presen\u00e7a na pr\u00f3xima fase.<\/p>\n\n\n\n<!--more-->\n\n\n\n<p>Ao longo da primeira etapa da partida, o Brasil teve dificuldades para oferecer perigo. Na melhor chance, aos 26 minutos, Raphinha cruzou pela direita e Vin\u00edcius J\u00fanior apareceu na esquerda para escorar, parando na defesa do goleiro Yann Sommer. O fim do primeiro tempo ainda foi marcado por um breve apag\u00e3o no est\u00e1dio.<\/p>\n\n\n\n<p>No segundo tempo, logo aos 10, Vin\u00edcius J\u00fanior cruzou pela esquerda, mas Richarlison n\u00e3o alcan\u00e7ou. Aos 18, o pr\u00f3prio Vin\u00edcius recebeu livre pela esquerda, entrou na \u00e1rea e marcou, mas a arbitragem checou o VAR e invalidou o lance, apontando um impedimento de Richarlison na origem do lance.<\/p>\n\n\n\n<div class=\"wp-block-image\"><figure class=\"alignleft size-full is-resized\"><img fetchpriority=\"high\" decoding=\"async\" src=\"https:\/\/www.portalalerta.com.br\/wp-content\/uploads\/2021\/04\/ELAB.jpg\" alt=\"\" class=\"wp-image-34795\" width=\"397\" height=\"317\" srcset=\"https:\/\/www.portalalerta.com.br\/wp-content\/uploads\/2021\/04\/ELAB.jpg 1000w, https:\/\/www.portalalerta.com.br\/wp-content\/uploads\/2021\/04\/ELAB-300x240.jpg 300w, https:\/\/www.portalalerta.com.br\/wp-content\/uploads\/2021\/04\/ELAB-768x614.jpg 768w, https:\/\/www.portalalerta.com.br\/wp-content\/uploads\/2021\/04\/ELAB-183x146.jpg 183w, https:\/\/www.portalalerta.com.br\/wp-content\/uploads\/2021\/04\/ELAB-50x40.jpg 50w, https:\/\/www.portalalerta.com.br\/wp-content\/uploads\/2021\/04\/ELAB-94x75.jpg 94w\" sizes=\"(max-width: 397px) 100vw, 397px\" \/><\/figure><\/div>\n\n\n\n<p>De tanto pressionar, o Brasil finalmente chegou ao 1 a 0. Aos 37 minutos, ap\u00f3s troca de passes pela esquerda, Rodrygo tocou na \u00e1rea para Casemiro, que soltou o p\u00e9 de primeira \u2013 a bola ainda desviou em Manuel Akanji antes de morrer nas redes.<\/p>\n\n\n\n<p>Com o resultado, o Brasil chegou a seis pontos em dois jogos \u2013 a Su\u00ed\u00e7a, com tr\u00eas, \u00e9 vice-l\u00edder na chave. Camar\u00f5es e S\u00e9rvia t\u00eam um ponto cada&nbsp;ap\u00f3s empatarem por 3 a 3&nbsp;e n\u00e3o podem mais ultrapassar a sele\u00e7\u00e3o brasileira na \u00faltima rodada.<\/p>\n\n\n\n<p>Brasileiros e su\u00ed\u00e7os voltam agora a entrar em campo na sexta-feira (2), \u00e0s 16h (hor\u00e1rio de Bras\u00edlia), para os jogos da terceira rodada do Grupo G. Enquanto a Su\u00ed\u00e7a encara a S\u00e9rvia no Est\u00e1dio 974, o Brasil mede for\u00e7as com Camar\u00f5es no Est\u00e1dio Ic\u00f4nico de Lusail.<\/p>\n\n\n\n<p><strong>T\u00e9cnico da S\u00e9rvia acusa jogadores de perderem a cabe\u00e7a em empate contra Camar\u00f5es<\/strong><\/p>\n\n\n\n<p>S\u00e9rvios chegaram a abrir vantagem de 3 a 1 no placar, mas viram Camar\u00f5es buscar o empate em tr\u00eas minutos<\/p>\n\n\n\n<div class=\"wp-block-image\"><figure class=\"aligncenter size-full\"><img decoding=\"async\" width=\"876\" height=\"484\" src=\"https:\/\/www.portalalerta.com.br\/wp-content\/uploads\/2022\/11\/Dragan-Stojkovic.jpg\" alt=\"\" class=\"wp-image-46016\" srcset=\"https:\/\/www.portalalerta.com.br\/wp-content\/uploads\/2022\/11\/Dragan-Stojkovic.jpg 876w, https:\/\/www.portalalerta.com.br\/wp-content\/uploads\/2022\/11\/Dragan-Stojkovic-434x240.jpg 434w, https:\/\/www.portalalerta.com.br\/wp-content\/uploads\/2022\/11\/Dragan-Stojkovic-768x424.jpg 768w\" sizes=\"(max-width: 876px) 100vw, 876px\" \/><\/figure><\/div>\n\n\n\n<p>O&nbsp;t\u00e9cnico&nbsp;da&nbsp;sele\u00e7\u00e3o&nbsp;da&nbsp;S\u00e9rvia, Dragan Stojkovic, acusou seus&nbsp;jogadores&nbsp;de&nbsp;perderem a&nbsp;cabe\u00e7a&nbsp;ap\u00f3s um apag\u00e3o&nbsp;de&nbsp;tr\u00eas minutos na partida contra&nbsp;Camar\u00f5es, que terminou empatada em 3 a 3&nbsp;nesta segunda-feira (28).<\/p>\n\n\n\n<p>A&nbsp;S\u00e9rvia&nbsp;havia feito 3 a 1 no segundo tempo,&nbsp;depois&nbsp;de&nbsp;marcar duas vezes nos acr\u00e9scimos&nbsp;da&nbsp;primeira etapa com Strahinja Pavlovic e Sergej Milinkovic-Savic, antes&nbsp;de&nbsp;Aleksandar Mitrovic acrescentar um terceiro ap\u00f3s o intervalo.<\/p>\n\n\n\n<p>Isso os colocou \u00e0 beira&nbsp;de&nbsp;uma vit\u00f3ria que teria revitalizado sua campanha na Copa do Mundo rumo&nbsp;ao&nbsp;\u00faltimo jogo do Grupo G contra a Su\u00ed\u00e7a, na sexta-feira (2).<\/p>\n\n\n\n<p>No entanto, a entrada&nbsp;de&nbsp;Vincent Aboubakar na equipe camaronesa&nbsp;deu um impulso adicional \u00e0 sele\u00e7\u00e3o africana, e o \u00edmpeto mudou rapidamente no Est\u00e1dio Al Janoub.<\/p>\n\n\n\n<p>Aboubakar fez um gol&nbsp;aos 18 minutos do segundo tempo e&nbsp;deu o passe para Eric Choupo-Moting empatar, tr\u00eas minutos&nbsp;depois.<\/p>\n\n\n\n<p>Em ambos os gols camaroneses, a&nbsp;S\u00e9rvia&nbsp;foi surpreendida&nbsp;na&nbsp;defesa, jogando em linha alta e&nbsp;deixando espa\u00e7o para os camaroneses explorarem.<\/p>\n\n\n\n<p><strong><em>\u201c\u00c9 claro que os&nbsp;jogadores&nbsp;n\u00e3o&nbsp;devem perder a&nbsp;cabe\u00e7a\u201c<\/em><\/strong>, disse Stojkovic&nbsp;aos rep\u00f3rteres. <strong><em>\u201cEstamos frustrados porque quer\u00edamos a vit\u00f3ria e t\u00ednhamos a partida&nbsp;em nossas m\u00e3os, mas nossos erros bobos permitiram que&nbsp;Camar\u00f5es&nbsp;evitasse a&nbsp;derrota.\u201d<\/em><\/strong><\/p>\n\n\n\n<p><strong><em>\u201cCometemos dois grandes erros na&nbsp;defesa. Neste n\u00edvel, \u00e9 muito perigoso subir muito alto quando seu advers\u00e1rio tem a bola \u2013 estes dois erros nos custaram a vit\u00f3ria. \u00c9 dif\u00edcil&nbsp;de&nbsp;entender e completamente&nbsp;desnecess\u00e1rio\u201d<\/em><\/strong>, disse.<\/p>\n\n\n\n<p>O&nbsp;empate&nbsp;deixou a&nbsp;S\u00e9rvia, com um ponto em dois jogos, precisando vencer a Su\u00ed\u00e7a em sua \u00faltima partida&nbsp;para ter uma chance&nbsp;de&nbsp;chegar \u00e0s oitavas&nbsp;de&nbsp;final.<\/p>\n\n\n\n<p>Sedesempenho&nbsp;da&nbsp;S\u00e9rvia&nbsp;n\u00e3o foi totalmente negativo para Stojkovic, no entanto. Ele viu um time diferente&nbsp;daquele que foi&nbsp;derrotado por 2 x 0 pelo Brasil na estreia.<\/p>\n\n\n\n<p>O terceiro gol&nbsp;da&nbsp;equipe, em particular, mostrou que eles s\u00e3o capazes&nbsp;de&nbsp;furar as linhas&nbsp;defensivas dos oponentes, j\u00e1 que uma jogada&nbsp;de&nbsp;passe bem trabalhada&nbsp;terminou com Mitrovic finalizando a curta dist\u00e2ncia.<\/p>\n\n\n\n<p><strong><em>\u201cEstou muito satisfeito com meus&nbsp;jogadores&nbsp;porque eles mostraram uma cara nova em rela\u00e7\u00e3o \u00e0 primeira partida\u201c<\/em><\/strong>, disse Stojkovic. <strong><em>\u201cCriamos muitas chances e situa\u00e7\u00f5es perigosas, acertamos a trave e perdemos oportunidades tamb\u00e9m. Estou muito satisfeito com a forma como reagimos, especialmente quando perd\u00edamos por 1 a 0.\u201d<\/em><\/strong><\/p>\n\n\n\n<h2 class=\"wp-block-heading\"><strong>Gana sofre, mas derrota Coreia do Sul por 3 a 2 pelo Grupo H da Copa<\/strong><\/h2>\n\n\n\n<div class=\"wp-block-image\"><figure class=\"aligncenter size-large\"><img decoding=\"async\" width=\"1024\" height=\"613\" src=\"https:\/\/www.portalalerta.com.br\/wp-content\/uploads\/2022\/11\/Gana-e-Coreia-do-Sul-2022-1024x613.jpg\" alt=\"\" class=\"wp-image-46017\" srcset=\"https:\/\/www.portalalerta.com.br\/wp-content\/uploads\/2022\/11\/Gana-e-Coreia-do-Sul-2022-1024x613.jpg 1024w, https:\/\/www.portalalerta.com.br\/wp-content\/uploads\/2022\/11\/Gana-e-Coreia-do-Sul-2022-401x240.jpg 401w, https:\/\/www.portalalerta.com.br\/wp-content\/uploads\/2022\/11\/Gana-e-Coreia-do-Sul-2022-768x459.jpg 768w, https:\/\/www.portalalerta.com.br\/wp-content\/uploads\/2022\/11\/Gana-e-Coreia-do-Sul-2022.jpg 1170w\" sizes=\"(max-width: 1024px) 100vw, 1024px\" \/><\/figure><\/div>\n\n\n\n<h3 class=\"wp-block-heading\"><em>Vit\u00f3ria al\u00e7ou pa\u00eds africano \u00e0 vice-lideran\u00e7a da chave, com tr\u00eas pontos<\/em><\/h3>\n\n\n\n<p>Em mais um duelo eletrizante na manh\u00e3 desta&nbsp;segunda&nbsp;(28), Gana bateu a Coreia do Sul por 3 a 2 e se recuperou da derrota &#8211; pelo mesmo placar &#8211; para Portugal na estreia, somando seus primeiros pontos no grupo H da Copa do Mundo do Catar. A sele\u00e7\u00e3o africana conseguiu suportar um segundo tempo de intensa press\u00e3o sul-coreana, que resultou em uma rea\u00e7\u00e3o fulminante para empatar a partida em 2 a 2 e quase culminou em outra igualdade nos minutos finais. Agora, os ganeses chegam \u00e0 \u00faltima rodada com boas chances de classifica\u00e7\u00e3o. Vale lembrar que saem do grupo H os advers\u00e1rios do Brasil (Grupo G) nas oitavas de final.<\/p>\n\n\n\n<p>O duelo no Est\u00e1dio Cidade da Educa\u00e7\u00e3o come\u00e7ou com a sele\u00e7\u00e3o da Coreia do Sul mais ativa, procurando mais o jogo e tendo a posse de bola. No entanto, a falta de maior objetividade criou uma brecha para Gana explorar uma virtude: as jogadas a\u00e9reas.&nbsp;<\/p>\n\n\n\n<p>Aos 24 minutos, o placar foi aberto desta forma. Ap\u00f3s cobran\u00e7a de falta na \u00e1rea, a zaga n\u00e3o conseguiu afastar o perigo e a bola sobrou para Salisu completar para as redes. O lance foi checado brevemente pelo VAR e validado.&nbsp;<\/p>\n\n\n\n<p>Dez minutos depois, veio o segundo. Jordan Ayew levantou bola na \u00e1rea e encontrou Kudus sem marca\u00e7\u00e3o. Ele desviou de leve com a cabe\u00e7a e marcou.<\/p>\n\n\n\n<h2 class=\"wp-block-heading\"><strong>Rea\u00e7\u00e3o da Coreia e press\u00e3o at\u00e9 o fim<\/strong><\/h2>\n\n\n\n<p>No segundo tempo, a sele\u00e7\u00e3o asi\u00e1tica, comandada pelo portugu\u00eas Paulo Bento, que j\u00e1 foi t\u00e9cnico do Cruzeiro, partiu com tudo para o empate. O grande nome da equipe, o atacante Son Heung-Min, n\u00e3o estava em um dia dos mais inspirados. Coube ao companheiro de ataque dele a miss\u00e3o de ser o protagonista da rea\u00e7\u00e3o sul-coreana. Em duas jogadas quase em sequ\u00eancia, o empate veio n\u00e3o dos p\u00e9s, mas da cabe\u00e7a de Cho Gue-Sung.<\/p>\n\n\n\n<p>Aos 13, ele se antecipou \u00e0 zaga, se abaixou e foi ao encontro da bola cruzada na \u00e1rea para diminuir a vantagem constru\u00edda por Gana. Aos 15, veio o empate: nova bola levantada na \u00e1rea e dessa vez ele voou para chegar primeiro na bola e cabecear para o gol.<\/p>\n\n\n\n<p>Com o momento favor\u00e1vel, os asi\u00e1ticos tentaram manter o ritmo. Por\u00e9m, n\u00e3o contavam que em um lance cir\u00fargico os advers\u00e1rios acabariam por definir o placar. Aos 22, Mensah foi acionado pela esquerda e cruzou rasteiro. I\u00f1aki Williams furou, mas Kudus estava atento e pegou de primeira para acertar o contra-p\u00e9 do goleiro Kim Seung-Gyu, que ainda tocou na bola antes de ela entrar.&nbsp;<\/p>\n\n\n\n<p>Da\u00ed em diante, o que se viu foi o cl\u00e1ssico ataque-contra-defesa. A Coreia do Sul intensificou a press\u00e3o e o goleiro Zigi evitou um novo empate. Aos 29, a falta cobrada por Lee Kang-In tinha endere\u00e7o certo, mas o camisa 1 foi buscar a bola no canto esquerdo inferior. No minuto seguinte, o chute de Kim Jin-Su j\u00e1 dentro da \u00e1rea passou por ele, mas a zaga salvou em cima da linha. Aos 48, Zigi brilhou de novo em chute forte de Cho Gue-Sung no \u00e2ngulo direito.&nbsp;<\/p>\n\n\n\n<p>Com os dez minutos acrescentados ao tempo regulamentar, a Coreia do Sul adotou a t\u00e1tica dos cruzamentos para a \u00e1rea ganesa e praticamente n\u00e3o deixou o advers\u00e1rio respirar. No entanto, na reta final n\u00e3o conseguiu mais finalizar de fato e Gana p\u00f4de enfim sentir o al\u00edvio da vit\u00f3ria com o apito derradeiro.<\/p>\n\n\n\n<p>Agora, a sele\u00e7\u00e3o africana tem outro duelo complicado. Encara o Uruguai na\u00a0sexta\u00a0(2), no Est\u00e1dio Al-Janoub, ao meio-dia (hor\u00e1rio de Bras\u00edlia), em uma reedi\u00e7\u00e3o da hist\u00f3rica partida das quartas de final da Copa do Mundo de 2010. No mesmo dia e hor\u00e1rio, a Coreia do Sul, novamente no Est\u00e1dio Cidade da Educa\u00e7\u00e3o, mede for\u00e7as com Portugal. Todos os times da chave chegar\u00e3o \u00e0 \u00faltima rodada com chance de classifica\u00e7\u00e3o.<\/p>\n\n\n\n<h1 class=\"wp-block-heading\">Portugal vence Uruguai e garante vaga nas oitavas de final da Copa<\/h1>\n\n\n\n<div class=\"wp-block-image\"><figure class=\"aligncenter size-full\"><img loading=\"lazy\" decoding=\"async\" width=\"960\" height=\"540\" src=\"https:\/\/www.portalalerta.com.br\/wp-content\/uploads\/2022\/11\/Portugal-e-Uruguai-2022.jpg\" alt=\"\" class=\"wp-image-46021\" srcset=\"https:\/\/www.portalalerta.com.br\/wp-content\/uploads\/2022\/11\/Portugal-e-Uruguai-2022.jpg 960w, https:\/\/www.portalalerta.com.br\/wp-content\/uploads\/2022\/11\/Portugal-e-Uruguai-2022-427x240.jpg 427w, https:\/\/www.portalalerta.com.br\/wp-content\/uploads\/2022\/11\/Portugal-e-Uruguai-2022-768x432.jpg 768w, https:\/\/www.portalalerta.com.br\/wp-content\/uploads\/2022\/11\/Portugal-e-Uruguai-2022-390x220.jpg 390w\" sizes=\"(max-width: 960px) 100vw, 960px\" \/><\/figure><\/div>\n\n\n\n<p>Portugal e Uruguai se enfrentaram nesta segunda-feira (28), e com a vit\u00f3ria por 2 a 0,\u00a0 o time de Cristiano Ronaldo pode respirar aliviado, j\u00e1 que alcan\u00e7ou seis pontos,\u00a0na segunda rodada do Grupo H\u00a0, e de forma antecipada, se classificou \u00e0s oitavas do Mundial.<\/p>\n\n\n\n<p>Diferente do primeiro tempo, que foi mais truncado e sem gols, a segunda etapa trouxe mais emo\u00e7\u00e3o. Portugal avan\u00e7ou pelo lado direito com o meia&nbsp; Bruno Fernandes, cruzou na \u00e1rea para o CR7 que cabeceou para o fundo do gol logo aos 8 minutos.<\/p>\n\n\n\n<p>No entanto, a Fifa reavaliou o tento de Cristiano Ronaldo e o aplicou a Bruno Fernandes, n\u00e3o mais ao camisa 7. Com a justificativa de que n\u00e3o houve toque do atacante na hora de cabecear.<\/p>\n\n\n\n<p>O Uruguai tamb\u00e9m teve chances, mas n\u00e3o finalizou bem. A maior oportunidade foi quando a equipe acelerou o jogo pelo lado esquerdo com Facundo Pellistri, tocou para Maxi G\u00f3mez, que por sua vez, chutou de primeira e a bola explodiu na trave.<\/p>\n\n\n\n<p>Aos 45 minutos, o juiz confirmou o toque de m\u00e3o do uruguaio Gim\u00e9nez depois que Bruno Fernandes tentou dar caneta dentro da \u00e1rea. Diante disso: penalidade m\u00e1xima.&nbsp; Bom para os portugueses, que n\u00e3o desperdi\u00e7aram o lance, e ampliaram o placar com o camisa 11, o grande destaque da partida.<\/p>\n\n\n\n<p><em>Fonte: CNN, Ag\u00eancia Brasil<\/em> e <em>Band<\/em><\/p>\n","protected":false},"excerpt":{"rendered":"<p>O Brasil conquistou nesta segunda-feira (28) sua vaga nas oitavas de final da Copa do Mundo de 2022, no Catar. Em jogo pela segunda rodada do Grupo G da competi\u00e7\u00e3o, o time venceu a Su\u00ed\u00e7a por 1 a 0, gra\u00e7as a um gol de Casemiro, e contou com uma combina\u00e7\u00e3o de resultados para assegurar presen\u00e7a &hellip;<\/p>\n","protected":false},"author":2,"featured_media":46018,"comment_status":"open","ping_status":"open","sticky":false,"template":"","format":"standard","meta":{"om_disable_all_campaigns":false,"_monsterinsights_skip_tracking":false,"_monsterinsights_sitenote_active":false,"_monsterinsights_sitenote_note":"","_monsterinsights_sitenote_category":0,"footnotes":""},"categories":[34,70,2,35,69],"tags":[100,71,48,4179,93,5719,75,4178,123,341,4180,96,129,107,4142,4181,132,230,339,3828,106,203,120,51,1049,109,88,47,1247,111,1250,190,1275],"class_list":["post-46015","post","type-post","status-publish","format-standard","has-post-thumbnail","hentry","category-brasil","category-destaques","category-esportes","category-mundo","category-noticias2","tag-adustina","tag-antas","tag-araci","tag-banzae-2","tag-brasil","tag-camaroes","tag-cicero-dantas","tag-cipo-2","tag-copa-do-mundo","tag-coreia-do-sul","tag-crisopolis-2","tag-esporte","tag-euclides-da-cunha","tag-fatima","tag-gana","tag-heliopolis-2","tag-itapicuru","tag-jeremoabo","tag-mundo","tag-noticias","tag-nova-soure","tag-novo-triunfo","tag-olindina","tag-paripiranga","tag-portugal","tag-quijingue","tag-ribeira-do-amparo","tag-ribeira-do-pombal","tag-servia","tag-sitio-do-quinto","tag-suica","tag-tucano","tag-uruguai"],"aioseo_notices":[],"_links":{"self":[{"href":"https:\/\/www.portalalerta.com.br\/index.php\/wp-json\/wp\/v2\/posts\/46015","targetHints":{"allow":["GET"]}}],"collection":[{"href":"https:\/\/www.portalalerta.com.br\/index.php\/wp-json\/wp\/v2\/posts"}],"about":[{"href":"https:\/\/www.portalalerta.com.br\/index.php\/wp-json\/wp\/v2\/types\/post"}],"author":[{"embeddable":true,"href":"https:\/\/www.portalalerta.com.br\/index.php\/wp-json\/wp\/v2\/users\/2"}],"replies":[{"embeddable":true,"href":"https:\/\/www.portalalerta.com.br\/index.php\/wp-json\/wp\/v2\/comments?post=46015"}],"version-history":[{"count":2,"href":"https:\/\/www.portalalerta.com.br\/index.php\/wp-json\/wp\/v2\/posts\/46015\/revisions"}],"predecessor-version":[{"id":46022,"href":"https:\/\/www.portalalerta.com.br\/index.php\/wp-json\/wp\/v2\/posts\/46015\/revisions\/46022"}],"wp:featuredmedia":[{"embeddable":true,"href":"https:\/\/www.portalalerta.com.br\/index.php\/wp-json\/wp\/v2\/media\/46018"}],"wp:attachment":[{"href":"https:\/\/www.portalalerta.com.br\/index.php\/wp-json\/wp\/v2\/media?parent=46015"}],"wp:term":[{"taxonomy":"category","embeddable":true,"href":"https:\/\/www.portalalerta.com.br\/index.php\/wp-json\/wp\/v2\/categories?post=46015"},{"taxonomy":"post_tag","embeddable":true,"href":"https:\/\/www.portalalerta.com.br\/index.php\/wp-json\/wp\/v2\/tags?post=46015"}],"curies":[{"name":"wp","href":"https:\/\/api.w.org\/{rel}","templated":true}]}}