{"id":46025,"date":"2022-11-29T15:56:39","date_gmt":"2022-11-29T18:56:39","guid":{"rendered":"https:\/\/www.portalalerta.com.br\/?p=46025"},"modified":"2022-11-29T15:56:41","modified_gmt":"2022-11-29T18:56:41","slug":"prefeito-de-adustina-ba-sem-oposicao-na-camara-de-vereadores","status":"publish","type":"post","link":"https:\/\/www.portalalerta.com.br\/index.php\/2022\/11\/29\/prefeito-de-adustina-ba-sem-oposicao-na-camara-de-vereadores\/","title":{"rendered":"Prefeito de Adustina-BA sem oposi\u00e7\u00e3o na C\u00e2mara de Vereadores"},"content":{"rendered":"\n<p>O governo do prefeito de Adustina, Paulo S\u00e9rgio (PSD), apresenta bons sinais de aprova\u00e7\u00e3o e o fato reflete na classe pol\u00edtica do munic\u00edpio. Na \u00faltima segunda-feira (28), dois vereadores eleitos pela oposi\u00e7\u00e3o, Crist\u00f3v\u00e3o de Netinho e Selma Enfermeira, ambos PDT, aderiram \u00e0 bancada governista e passam a partir de agora a dar sustenta\u00e7\u00e3o \u00e0 gest\u00e3o do prefeito Paulo S\u00e9rgio.<\/p>\n\n\n\n<!--more-->\n\n\n\n<p>O prefeito atrav\u00e9s de um v\u00eddeo, anunciou nas redes sociais que a pouco instante estava em reuni\u00e3o na resid\u00eancia da parlamentar Selma, e confirmou a uni\u00e3o dos vereadores para a base governista.<\/p>\n\n\n\n<p>Com a decis\u00e3o de Crist\u00f3v\u00e3o de Netinho e Selma Enfermeira, o grupo de vereadores da situa\u00e7\u00e3o em Adustina agora passa a contar com unanimidade, sem oposi\u00e7\u00e3o, fato in\u00e9dito na hist\u00f3ria do munic\u00edpio e na regi\u00e3o.<\/p>\n\n\n\n<figure class=\"wp-block-embed is-type-video is-provider-youtube wp-block-embed-youtube wp-embed-aspect-16-9 wp-has-aspect-ratio\"><div class=\"wp-block-embed__wrapper\">\n<iframe title=\"Prefeito de Adustina, Paulo S\u00e9rgio, anuncia ades\u00f5es de vereadores de oposi\u00e7\u00e3o\" width=\"500\" height=\"281\" src=\"https:\/\/www.youtube.com\/embed\/DkndyT6fgXo?feature=oembed\" frameborder=\"0\" allow=\"accelerometer; autoplay; clipboard-write; encrypted-media; gyroscope; picture-in-picture; web-share\" referrerpolicy=\"strict-origin-when-cross-origin\" allowfullscreen><\/iframe>\n<\/div><\/figure>\n\n\n\n<p><em>Fonte: Rodrygo Ferraz<\/em><\/p>\n","protected":false},"excerpt":{"rendered":"<p>O governo do prefeito de Adustina, Paulo S\u00e9rgio (PSD), apresenta bons sinais de aprova\u00e7\u00e3o e o fato reflete na classe pol\u00edtica do munic\u00edpio. Na \u00faltima segunda-feira (28), dois vereadores eleitos pela oposi\u00e7\u00e3o, Crist\u00f3v\u00e3o de Netinho e Selma Enfermeira, ambos PDT, aderiram \u00e0 bancada governista e passam a partir de agora a dar sustenta\u00e7\u00e3o \u00e0 gest\u00e3o &hellip;<\/p>\n","protected":false},"author":2,"featured_media":46026,"comment_status":"open","ping_status":"open","sticky":false,"template":"","format":"standard","meta":{"om_disable_all_campaigns":false,"_monsterinsights_skip_tracking":false,"_monsterinsights_sitenote_active":false,"_monsterinsights_sitenote_note":"","_monsterinsights_sitenote_category":0,"footnotes":""},"categories":[40,70,69,21,32,68],"tags":[5718,100,646,3546,198,145,1654,135],"class_list":["post-46025","post","type-post","status-publish","format-standard","has-post-thumbnail","hentry","category-adustina","category-destaques","category-noticias2","category-politica","category-regiao","category-videos","tag-adesao","tag-adustina","tag-oposicao","tag-paulo-sergio","tag-prefeito","tag-prefeitura","tag-situacao","tag-vereadores"],"aioseo_notices":[],"_links":{"self":[{"href":"https:\/\/www.portalalerta.com.br\/index.php\/wp-json\/wp\/v2\/posts\/46025","targetHints":{"allow":["GET"]}}],"collection":[{"href":"https:\/\/www.portalalerta.com.br\/index.php\/wp-json\/wp\/v2\/posts"}],"about":[{"href":"https:\/\/www.portalalerta.com.br\/index.php\/wp-json\/wp\/v2\/types\/post"}],"author":[{"embeddable":true,"href":"https:\/\/www.portalalerta.com.br\/index.php\/wp-json\/wp\/v2\/users\/2"}],"replies":[{"embeddable":true,"href":"https:\/\/www.portalalerta.com.br\/index.php\/wp-json\/wp\/v2\/comments?post=46025"}],"version-history":[{"count":1,"href":"https:\/\/www.portalalerta.com.br\/index.php\/wp-json\/wp\/v2\/posts\/46025\/revisions"}],"predecessor-version":[{"id":46027,"href":"https:\/\/www.portalalerta.com.br\/index.php\/wp-json\/wp\/v2\/posts\/46025\/revisions\/46027"}],"wp:featuredmedia":[{"embeddable":true,"href":"https:\/\/www.portalalerta.com.br\/index.php\/wp-json\/wp\/v2\/media\/46026"}],"wp:attachment":[{"href":"https:\/\/www.portalalerta.com.br\/index.php\/wp-json\/wp\/v2\/media?parent=46025"}],"wp:term":[{"taxonomy":"category","embeddable":true,"href":"https:\/\/www.portalalerta.com.br\/index.php\/wp-json\/wp\/v2\/categories?post=46025"},{"taxonomy":"post_tag","embeddable":true,"href":"https:\/\/www.portalalerta.com.br\/index.php\/wp-json\/wp\/v2\/tags?post=46025"}],"curies":[{"name":"wp","href":"https:\/\/api.w.org\/{rel}","templated":true}]}}