{"id":46040,"date":"2022-11-29T19:41:43","date_gmt":"2022-11-29T22:41:43","guid":{"rendered":"https:\/\/www.portalalerta.com.br\/?p=46040"},"modified":"2022-11-29T19:41:44","modified_gmt":"2022-11-29T22:41:44","slug":"falha-da-prefeitura-na-gestao-do-transporte-escolar-compromete-o-ano-letivo-em-jeremoabo-ba","status":"publish","type":"post","link":"https:\/\/www.portalalerta.com.br\/index.php\/2022\/11\/29\/falha-da-prefeitura-na-gestao-do-transporte-escolar-compromete-o-ano-letivo-em-jeremoabo-ba\/","title":{"rendered":"Falha da Prefeitura na gest\u00e3o do transporte escolar compromete o ano letivo em Jeremoabo-BA"},"content":{"rendered":"\n<p>O transporte escolar em Jeremoabo-BA \u00e9 feito em regime de coopera\u00e7\u00e3o entre as redes municipal e estadual: A prefeitura recebe a verba e faz a gest\u00e3o do transporte que atende as duas redes, por\u00e9m a prefeitura tem deixado a desejar.<\/p>\n\n\n\n<!--more-->\n\n\n\n<div class=\"wp-block-image\"><figure class=\"alignleft size-full is-resized\"><img fetchpriority=\"high\" decoding=\"async\" src=\"https:\/\/www.portalalerta.com.br\/wp-content\/uploads\/2021\/04\/ELAB.jpg\" alt=\"\" class=\"wp-image-34795\" width=\"377\" height=\"301\" srcset=\"https:\/\/www.portalalerta.com.br\/wp-content\/uploads\/2021\/04\/ELAB.jpg 1000w, https:\/\/www.portalalerta.com.br\/wp-content\/uploads\/2021\/04\/ELAB-300x240.jpg 300w, https:\/\/www.portalalerta.com.br\/wp-content\/uploads\/2021\/04\/ELAB-768x614.jpg 768w, https:\/\/www.portalalerta.com.br\/wp-content\/uploads\/2021\/04\/ELAB-183x146.jpg 183w, https:\/\/www.portalalerta.com.br\/wp-content\/uploads\/2021\/04\/ELAB-50x40.jpg 50w, https:\/\/www.portalalerta.com.br\/wp-content\/uploads\/2021\/04\/ELAB-94x75.jpg 94w\" sizes=\"(max-width: 377px) 100vw, 377px\" \/><\/figure><\/div>\n\n\n\n<p>N\u00e3o s\u00e3o raras as reclama\u00e7\u00f5es, neste final de ano existe um impasse no transporte escolar em Jeremoabo. O calend\u00e1rio letivo da rede municipal de educa\u00e7\u00e3o em Jeremoabo ser\u00e1 encerrado no dia 30 de novembro, mas a rede estadual da Bahia s\u00f3 encerra o ano letivo em 28 de dezembro e a prefeitura at\u00e9 o momento n\u00e3o garantiu o transporte escolar para a rede estadual durante o m\u00eas de dezembro.<\/p>\n\n\n\n<p>S\u00e3o tr\u00eas escolas da rede estadual no munic\u00edpio de Jeremoabo e as mesmas est\u00e3o prejudicadas porque precisar\u00e3o antecipar o fim do ano letivo antes do prazo determinado, porque boa parte dos estudantes moram na zona rural e n\u00e3o ter\u00e3o como se deslocar at\u00e9 as unidades escolares.<\/p>\n\n\n\n<p>Segundo informa\u00e7\u00f5es, as escolas comunicaram a situa\u00e7\u00e3o para a Secretaria Estadual de Educa\u00e7\u00e3o e est\u00e3o aguardando uma solu\u00e7\u00e3o. Quanto a Secretaria Municipal de Educa\u00e7\u00e3o at\u00e9 o momento n\u00e3o se posicionou sobre o caso.<\/p>\n\n\n\n<p><em>Fonte: Rodrygo Ferraz<\/em><\/p>\n","protected":false},"excerpt":{"rendered":"<p>O transporte escolar em Jeremoabo-BA \u00e9 feito em regime de coopera\u00e7\u00e3o entre as redes municipal e estadual: A prefeitura recebe a verba e faz a gest\u00e3o do transporte que atende as duas redes, por\u00e9m a prefeitura tem deixado a desejar.<\/p>\n","protected":false},"author":2,"featured_media":39407,"comment_status":"open","ping_status":"open","sticky":false,"template":"","format":"standard","meta":{"om_disable_all_campaigns":false,"_monsterinsights_skip_tracking":false,"_monsterinsights_sitenote_active":false,"_monsterinsights_sitenote_note":"","_monsterinsights_sitenote_category":0,"footnotes":""},"categories":[70,20,9,69,32],"tags":[140,230,1157,1522],"class_list":["post-46040","post","type-post","status-publish","format-standard","has-post-thumbnail","hentry","category-destaques","category-educacao","category-jeremoabo","category-noticias2","category-regiao","tag-educacao","tag-jeremoabo","tag-rede-estadual-de-ensino","tag-transporte-escolar"],"aioseo_notices":[],"_links":{"self":[{"href":"https:\/\/www.portalalerta.com.br\/index.php\/wp-json\/wp\/v2\/posts\/46040","targetHints":{"allow":["GET"]}}],"collection":[{"href":"https:\/\/www.portalalerta.com.br\/index.php\/wp-json\/wp\/v2\/posts"}],"about":[{"href":"https:\/\/www.portalalerta.com.br\/index.php\/wp-json\/wp\/v2\/types\/post"}],"author":[{"embeddable":true,"href":"https:\/\/www.portalalerta.com.br\/index.php\/wp-json\/wp\/v2\/users\/2"}],"replies":[{"embeddable":true,"href":"https:\/\/www.portalalerta.com.br\/index.php\/wp-json\/wp\/v2\/comments?post=46040"}],"version-history":[{"count":1,"href":"https:\/\/www.portalalerta.com.br\/index.php\/wp-json\/wp\/v2\/posts\/46040\/revisions"}],"predecessor-version":[{"id":46041,"href":"https:\/\/www.portalalerta.com.br\/index.php\/wp-json\/wp\/v2\/posts\/46040\/revisions\/46041"}],"wp:featuredmedia":[{"embeddable":true,"href":"https:\/\/www.portalalerta.com.br\/index.php\/wp-json\/wp\/v2\/media\/39407"}],"wp:attachment":[{"href":"https:\/\/www.portalalerta.com.br\/index.php\/wp-json\/wp\/v2\/media?parent=46040"}],"wp:term":[{"taxonomy":"category","embeddable":true,"href":"https:\/\/www.portalalerta.com.br\/index.php\/wp-json\/wp\/v2\/categories?post=46040"},{"taxonomy":"post_tag","embeddable":true,"href":"https:\/\/www.portalalerta.com.br\/index.php\/wp-json\/wp\/v2\/tags?post=46040"}],"curies":[{"name":"wp","href":"https:\/\/api.w.org\/{rel}","templated":true}]}}