{"id":46050,"date":"2022-11-30T07:00:00","date_gmt":"2022-11-30T10:00:00","guid":{"rendered":"https:\/\/www.portalalerta.com.br\/?p=46050"},"modified":"2022-11-30T00:52:57","modified_gmt":"2022-11-30T03:52:57","slug":"governo-da-ba-anuncia-decreto-que-restabelece-obrigatoriedade-do-uso-de-mascaras","status":"publish","type":"post","link":"https:\/\/www.portalalerta.com.br\/index.php\/2022\/11\/30\/governo-da-ba-anuncia-decreto-que-restabelece-obrigatoriedade-do-uso-de-mascaras\/","title":{"rendered":"Governo da BA anuncia decreto que restabelece obrigatoriedade do uso de m\u00e1scaras"},"content":{"rendered":"\n<p>O governo da Bahia anunciou na noite da \u00faltima segunda-feira (28), a publica\u00e7\u00e3o de um decreto que determina as circunst\u00e2ncias nas quais estar\u00e1 restabelecida a obrigatoriedade do uso de m\u00e1scaras.<\/p>\n\n\n\n<!--more-->\n\n\n\n<p>A medida, autorizada pelo governador Rui Costa, foi publicada no Di\u00e1rio Oficial do Estado (DOE), na edi\u00e7\u00e3o de ter\u00e7a-feira (29), quando entrou em vigor em todo o territ\u00f3rio baiano. De acordo com o governo, o objetivo \u00e9 conter a dissemina\u00e7\u00e3o do coronav\u00edrus ap\u00f3s o aumento dos casos de Covid-19 e Rui Costa j\u00e1 havia informado sobre a an\u00e1lise da volta do uso do equipamento de prote\u00e7\u00e3o.<\/p>\n\n\n\n<div class=\"wp-block-image\"><figure class=\"alignleft size-full is-resized\"><img fetchpriority=\"high\" decoding=\"async\" src=\"https:\/\/www.portalalerta.com.br\/wp-content\/uploads\/2022\/03\/Cred-Real.1.jpg\" alt=\"\" class=\"wp-image-41523\" width=\"421\" height=\"337\" srcset=\"https:\/\/www.portalalerta.com.br\/wp-content\/uploads\/2022\/03\/Cred-Real.1.jpg 500w, https:\/\/www.portalalerta.com.br\/wp-content\/uploads\/2022\/03\/Cred-Real.1-300x240.jpg 300w, https:\/\/www.portalalerta.com.br\/wp-content\/uploads\/2022\/03\/Cred-Real.1-183x146.jpg 183w, https:\/\/www.portalalerta.com.br\/wp-content\/uploads\/2022\/03\/Cred-Real.1-50x40.jpg 50w, https:\/\/www.portalalerta.com.br\/wp-content\/uploads\/2022\/03\/Cred-Real.1-94x75.jpg 94w\" sizes=\"(max-width: 421px) 100vw, 421px\" \/><\/figure><\/div>\n\n\n\n<p>O uso de m\u00e1scaras voltar\u00e1 a ser obrigat\u00f3rio em transportes p\u00fablicos, como trens, metr\u00f4, \u00f4nibus, lanchas e ferry-boat, e seus respectivos locais de acesso, como esta\u00e7\u00f5es de embarque; em sal\u00f5es de beleza e centros de est\u00e9tica; em bares, restaurantes, lanchonetes e demais estabelecimentos similares; em templos para atos religiosos lit\u00fargicos; em escolas e universidades; em ambientes fechados, tais como teatros, cinemas, museus, parques de exposi\u00e7\u00f5es e espa\u00e7os cong\u00eaneres. Eventos de diversas modalidades seguem com realiza\u00e7\u00e3o autorizada. No entanto, volta a ser exigido o uso de m\u00e1scara e comprova\u00e7\u00e3o de vacina para que haja controle de acesso e venda de ingressos.<\/p>\n\n\n\n<p>A comprova\u00e7\u00e3o de vacina\u00e7\u00e3o, em todos os casos em que \u00e9 solicitada, ser\u00e1 feita mediante apresenta\u00e7\u00e3o do documento fornecido no momento da imuniza\u00e7\u00e3o ou do Certificado Covid-19, obtido por meio do aplicativo \u201cCONECT SUS\u201d.A necessidade da demonstra\u00e7\u00e3o de vacina\u00e7\u00e3o ser\u00e1 obrigat\u00f3ria tamb\u00e9m para o acesso a quaisquer pr\u00e9dios p\u00fablicos, nos quais se situem \u00f3rg\u00e3os, entidades e unidades administrativas. Os atendimentos presenciais no Departamento Estadual de Tr\u00e2nsito (Detran) e no Servi\u00e7o de Atendimento ao Cidad\u00e3o (SAC) ficam condicionados \u00e0 comprova\u00e7\u00e3o da vacina\u00e7\u00e3o e \u00e0 obrigatoriedade do uso de m\u00e1scaras de prote\u00e7\u00e3o.<\/p>\n\n\n\n<p>De acordo com a secret\u00e1ria da Sa\u00fade do Estado, Ad\u00e9lia Pinheiro, as medidas contidas no decreto visam reduzir o avan\u00e7o da Covid-19 no estado.\u201dEssas a\u00e7\u00f5es, que poder\u00e3o ser juntadas a outras a depender da evolu\u00e7\u00e3o da pandemia, s\u00e3o importantes para que a popula\u00e7\u00e3o esteja melhor protegida e para que possamos deixar todos assistidos\u201d, afirma.<\/p>\n\n\n\n<p><em>Fonte: A Voz do Campo<\/em><\/p>\n","protected":false},"excerpt":{"rendered":"<p>O governo da Bahia anunciou na noite da \u00faltima segunda-feira (28), a publica\u00e7\u00e3o de um decreto que determina as circunst\u00e2ncias nas quais estar\u00e1 restabelecida a obrigatoriedade do uso de m\u00e1scaras.<\/p>\n","protected":false},"author":2,"featured_media":43709,"comment_status":"open","ping_status":"open","sticky":false,"template":"","format":"standard","meta":{"om_disable_all_campaigns":false,"_monsterinsights_skip_tracking":false,"_monsterinsights_sitenote_active":false,"_monsterinsights_sitenote_note":"","_monsterinsights_sitenote_category":0,"footnotes":""},"categories":[33,70,69,19],"tags":[54,3429,3486,3503,4573,61],"class_list":["post-46050","post","type-post","status-publish","format-standard","has-post-thumbnail","hentry","category-bahia","category-destaques","category-noticias2","category-saude","tag-bahia","tag-coronavirus","tag-covid-19","tag-decreto-estadual","tag-mascaras","tag-saude"],"aioseo_notices":[],"_links":{"self":[{"href":"https:\/\/www.portalalerta.com.br\/index.php\/wp-json\/wp\/v2\/posts\/46050","targetHints":{"allow":["GET"]}}],"collection":[{"href":"https:\/\/www.portalalerta.com.br\/index.php\/wp-json\/wp\/v2\/posts"}],"about":[{"href":"https:\/\/www.portalalerta.com.br\/index.php\/wp-json\/wp\/v2\/types\/post"}],"author":[{"embeddable":true,"href":"https:\/\/www.portalalerta.com.br\/index.php\/wp-json\/wp\/v2\/users\/2"}],"replies":[{"embeddable":true,"href":"https:\/\/www.portalalerta.com.br\/index.php\/wp-json\/wp\/v2\/comments?post=46050"}],"version-history":[{"count":1,"href":"https:\/\/www.portalalerta.com.br\/index.php\/wp-json\/wp\/v2\/posts\/46050\/revisions"}],"predecessor-version":[{"id":46051,"href":"https:\/\/www.portalalerta.com.br\/index.php\/wp-json\/wp\/v2\/posts\/46050\/revisions\/46051"}],"wp:featuredmedia":[{"embeddable":true,"href":"https:\/\/www.portalalerta.com.br\/index.php\/wp-json\/wp\/v2\/media\/43709"}],"wp:attachment":[{"href":"https:\/\/www.portalalerta.com.br\/index.php\/wp-json\/wp\/v2\/media?parent=46050"}],"wp:term":[{"taxonomy":"category","embeddable":true,"href":"https:\/\/www.portalalerta.com.br\/index.php\/wp-json\/wp\/v2\/categories?post=46050"},{"taxonomy":"post_tag","embeddable":true,"href":"https:\/\/www.portalalerta.com.br\/index.php\/wp-json\/wp\/v2\/tags?post=46050"}],"curies":[{"name":"wp","href":"https:\/\/api.w.org\/{rel}","templated":true}]}}