{"id":46052,"date":"2022-11-30T07:01:00","date_gmt":"2022-11-30T10:01:00","guid":{"rendered":"https:\/\/www.portalalerta.com.br\/?p=46052"},"modified":"2022-11-30T01:00:32","modified_gmt":"2022-11-30T04:00:32","slug":"feirantes-de-araci-ba-participam-de-formacao-e-recebem-certificado-de-qualidade-do-sebrae","status":"publish","type":"post","link":"https:\/\/www.portalalerta.com.br\/index.php\/2022\/11\/30\/feirantes-de-araci-ba-participam-de-formacao-e-recebem-certificado-de-qualidade-do-sebrae\/","title":{"rendered":"Feirantes de Araci-BA participam de forma\u00e7\u00e3o e recebem certificado de qualidade do Sebrae"},"content":{"rendered":"\n<p>Feirantes de Araci-BA participaram do curso <strong>\u2018De Olho na Qualidade Rural\u2019<\/strong> promovido pelo Sebrae-BA em parceria com a prefeitura de Araci-BA, e receberam nesta segunda-feira (28) o certificado de conclus\u00e3o da capacita\u00e7\u00e3o. O curso teve como objetivo estimular a gera\u00e7\u00e3o de oportunidades de neg\u00f3cio e estimular o surgimento e amplia\u00e7\u00e3o de empreendimentos sustent\u00e1veis e proporcionar a qualifica\u00e7\u00e3o profissional dos feirantes. A entrega foi feita aos feirantes pelo secret\u00e1rio de Agricultura e Meio Ambiente, Edcarlos Pastor e funcion\u00e1rios da pasta.<\/p>\n\n\n\n<!--more-->\n\n\n\n<p>Para o secret\u00e1rio, o objetivo da capacita\u00e7\u00e3o \u00e9 oferecer aos consumidores um produto local saud\u00e1vel e de qualidade. <strong><em>\u201cAl\u00e9m disso a forma\u00e7\u00e3o dos feirantes visa mais seguran\u00e7a alimentar e adequa\u00e7\u00f5es as normas sanit\u00e1rias. J\u00e1 \u00e9 vis\u00edvel a organiza\u00e7\u00e3o das barracas pelo com\u00e9rcio local. O curso trar\u00e1 um resultado que vai impactar na valoriza\u00e7\u00e3o do produto e no aumento das vendas\u201d<\/em><\/strong>, explicou Pastor ao Voz do Campo.<\/p>\n\n\n\n<p>A feira livre de Araci que ocorre com mais for\u00e7a as segundas e quintas-feiras \u00e9 muito visitada n\u00e3o s\u00f3 pelos moradores do munic\u00edpio, bem como pessoas de diversas cidades circunvizinhas. A organiza\u00e7\u00e3o, higiene e atendimento s\u00e3o pilares fundamentais para o crescimento s\u00f3lido deste empreendimento que \u00e9 parte fundamental da economia local.<\/p>\n\n\n\n<p><em>Fonte: A Voz do Campo<\/em><\/p>\n","protected":false},"excerpt":{"rendered":"<p>Feirantes de Araci-BA participaram do curso \u2018De Olho na Qualidade Rural\u2019 promovido pelo Sebrae-BA em parceria com a prefeitura de Araci-BA, e receberam nesta segunda-feira (28) o certificado de conclus\u00e3o da capacita\u00e7\u00e3o. O curso teve como objetivo estimular a gera\u00e7\u00e3o de oportunidades de neg\u00f3cio e estimular o surgimento e amplia\u00e7\u00e3o de empreendimentos sustent\u00e1veis e proporcionar &hellip;<\/p>\n","protected":false},"author":2,"featured_media":46053,"comment_status":"open","ping_status":"open","sticky":false,"template":"","format":"standard","meta":{"om_disable_all_campaigns":false,"_monsterinsights_skip_tracking":false,"_monsterinsights_sitenote_active":false,"_monsterinsights_sitenote_note":"","_monsterinsights_sitenote_category":0,"footnotes":""},"categories":[41,70,69,32],"tags":[48,937,1308,5736,1033],"class_list":["post-46052","post","type-post","status-publish","format-standard","has-post-thumbnail","hentry","category-araci","category-destaques","category-noticias2","category-regiao","tag-araci","tag-curso-de-formacao","tag-feira-livre","tag-feirantes","tag-sebrae"],"aioseo_notices":[],"_links":{"self":[{"href":"https:\/\/www.portalalerta.com.br\/index.php\/wp-json\/wp\/v2\/posts\/46052","targetHints":{"allow":["GET"]}}],"collection":[{"href":"https:\/\/www.portalalerta.com.br\/index.php\/wp-json\/wp\/v2\/posts"}],"about":[{"href":"https:\/\/www.portalalerta.com.br\/index.php\/wp-json\/wp\/v2\/types\/post"}],"author":[{"embeddable":true,"href":"https:\/\/www.portalalerta.com.br\/index.php\/wp-json\/wp\/v2\/users\/2"}],"replies":[{"embeddable":true,"href":"https:\/\/www.portalalerta.com.br\/index.php\/wp-json\/wp\/v2\/comments?post=46052"}],"version-history":[{"count":1,"href":"https:\/\/www.portalalerta.com.br\/index.php\/wp-json\/wp\/v2\/posts\/46052\/revisions"}],"predecessor-version":[{"id":46054,"href":"https:\/\/www.portalalerta.com.br\/index.php\/wp-json\/wp\/v2\/posts\/46052\/revisions\/46054"}],"wp:featuredmedia":[{"embeddable":true,"href":"https:\/\/www.portalalerta.com.br\/index.php\/wp-json\/wp\/v2\/media\/46053"}],"wp:attachment":[{"href":"https:\/\/www.portalalerta.com.br\/index.php\/wp-json\/wp\/v2\/media?parent=46052"}],"wp:term":[{"taxonomy":"category","embeddable":true,"href":"https:\/\/www.portalalerta.com.br\/index.php\/wp-json\/wp\/v2\/categories?post=46052"},{"taxonomy":"post_tag","embeddable":true,"href":"https:\/\/www.portalalerta.com.br\/index.php\/wp-json\/wp\/v2\/tags?post=46052"}],"curies":[{"name":"wp","href":"https:\/\/api.w.org\/{rel}","templated":true}]}}