{"id":46055,"date":"2022-11-30T07:02:00","date_gmt":"2022-11-30T10:02:00","guid":{"rendered":"https:\/\/www.portalalerta.com.br\/?p=46055"},"modified":"2022-11-30T01:13:14","modified_gmt":"2022-11-30T04:13:14","slug":"carater-particular-diz-camara-sobre-viagem-de-eduardo-bolsonaro","status":"publish","type":"post","link":"https:\/\/www.portalalerta.com.br\/index.php\/2022\/11\/30\/carater-particular-diz-camara-sobre-viagem-de-eduardo-bolsonaro\/","title":{"rendered":"\u201cCar\u00e1ter particular\u201d, diz C\u00e2mara sobre viagem de Eduardo Bolsonaro"},"content":{"rendered":"\n<p>De acordo com o parlamento, viagem do filho 03 do presidente n\u00e3o teve \u00f4nus para a Casa<\/p>\n\n\n\n<!--more-->\n\n\n\n<p>A C\u00e2mara dos Deputados informou que a ida do deputado federal Eduardo Bolsonaro (PL-SP) ao Catar, pa\u00eds-sede da Copa do Mundo 2022, \u00e9 de \u201ccar\u00e1ter particular\u201d e n\u00e3o teve o uso de dinheiro da Casa para a viagem do filho 03 do presidente da Rep\u00fablica, Jair Bolsonaro (PL).<\/p>\n\n\n\n<div class=\"wp-block-image\"><figure class=\"alignleft size-large is-resized\"><img fetchpriority=\"high\" decoding=\"async\" src=\"https:\/\/www.portalalerta.com.br\/wp-content\/uploads\/2022\/11\/Novembro-Azul-Elab-2022-1024x750.jpeg\" alt=\"\" class=\"wp-image-45666\" width=\"419\" height=\"307\" srcset=\"https:\/\/www.portalalerta.com.br\/wp-content\/uploads\/2022\/11\/Novembro-Azul-Elab-2022-1024x750.jpeg 1024w, https:\/\/www.portalalerta.com.br\/wp-content\/uploads\/2022\/11\/Novembro-Azul-Elab-2022-328x240.jpeg 328w, https:\/\/www.portalalerta.com.br\/wp-content\/uploads\/2022\/11\/Novembro-Azul-Elab-2022-768x562.jpeg 768w, https:\/\/www.portalalerta.com.br\/wp-content\/uploads\/2022\/11\/Novembro-Azul-Elab-2022.jpeg 1080w\" sizes=\"(max-width: 419px) 100vw, 419px\" \/><\/figure><\/div>\n\n\n\n<p>Ainda de acordo com a C\u00e2mara, ele informou a Casa no dia 23 de novembro sobre a viagem. Eduardo apontou que ficaria fora do pa\u00eds entre os dias 23 de novembro e 5 de dezembro.<\/p>\n\n\n\n<p><strong><em>&#8220;O deputado Eduardo Bolsonaro informou, no dia 23 de novembro, \u00e0 Presid\u00eancia da C\u00e2mara dos Deputados que ficar\u00e1 ausente do pa\u00eds entre os dias 23 de novembro e 5 de dezembro, quando estar\u00e1 em viagem de car\u00e1ter particular ao Oriente M\u00e9dio. N\u00e3o h\u00e1 \u00f4nus para a Casa&#8221;<\/em><\/strong>, disse a C\u00e2mara, em nota.<\/p>\n\n\n\n<p>Eduardo se tornou alvo de cr\u00edticas, at\u00e9 de aliados, desde que sua\u00a0<strong><a href=\"https:\/\/www.portalalerta.com.br\/index.php\/2022\/11\/29\/eduardo-bolsonaro-e-flagrado-no-catar-e-vira-alvo-de-ataque-de-bolsonaristas\/\">presen\u00e7a no pa\u00eds que realiza a Copa do Mundo<\/a><\/strong>\u00a0foi revelada pela transmiss\u00e3o oficial da Fifa.<\/p>\n\n\n\n<p>Nesta ter\u00e7a-feira, 29, o deputado federal justificou, em v\u00eddeo que come\u00e7ou a circular nesta em grupos bolsonaristas nas redes sociais, que\u00a0foi ao Catar levar pen-drives\u00a0com \u201cv\u00eddeos em ingl\u00eas explicando a situa\u00e7\u00e3o no Brasil\u201d.<\/p>\n\n\n\n<p><em>Fonte: A Tarde<\/em><\/p>\n","protected":false},"excerpt":{"rendered":"<p>De acordo com o parlamento, viagem do filho 03 do presidente n\u00e3o teve \u00f4nus para a Casa<\/p>\n","protected":false},"author":2,"featured_media":46029,"comment_status":"open","ping_status":"open","sticky":false,"template":"","format":"standard","meta":{"om_disable_all_campaigns":false,"_monsterinsights_skip_tracking":false,"_monsterinsights_sitenote_active":false,"_monsterinsights_sitenote_note":"","_monsterinsights_sitenote_category":0,"footnotes":""},"categories":[34,70,35,69,21],"tags":[100,71,48,4179,5734,75,4178,4180,215,2058,129,107,4181,132,230,339,3828,106,203,120,51,199,109,88,47,111],"class_list":["post-46055","post","type-post","status-publish","format-standard","has-post-thumbnail","hentry","category-brasil","category-destaques","category-mundo","category-noticias2","category-politica","tag-adustina","tag-antas","tag-araci","tag-banzae-2","tag-catar","tag-cicero-dantas","tag-cipo-2","tag-crisopolis-2","tag-deputado-federal","tag-eduardo-bolsonaro","tag-euclides-da-cunha","tag-fatima","tag-heliopolis-2","tag-itapicuru","tag-jeremoabo","tag-mundo","tag-noticias","tag-nova-soure","tag-novo-triunfo","tag-olindina","tag-paripiranga","tag-politica","tag-quijingue","tag-ribeira-do-amparo","tag-ribeira-do-pombal","tag-sitio-do-quinto"],"aioseo_notices":[],"_links":{"self":[{"href":"https:\/\/www.portalalerta.com.br\/index.php\/wp-json\/wp\/v2\/posts\/46055","targetHints":{"allow":["GET"]}}],"collection":[{"href":"https:\/\/www.portalalerta.com.br\/index.php\/wp-json\/wp\/v2\/posts"}],"about":[{"href":"https:\/\/www.portalalerta.com.br\/index.php\/wp-json\/wp\/v2\/types\/post"}],"author":[{"embeddable":true,"href":"https:\/\/www.portalalerta.com.br\/index.php\/wp-json\/wp\/v2\/users\/2"}],"replies":[{"embeddable":true,"href":"https:\/\/www.portalalerta.com.br\/index.php\/wp-json\/wp\/v2\/comments?post=46055"}],"version-history":[{"count":1,"href":"https:\/\/www.portalalerta.com.br\/index.php\/wp-json\/wp\/v2\/posts\/46055\/revisions"}],"predecessor-version":[{"id":46056,"href":"https:\/\/www.portalalerta.com.br\/index.php\/wp-json\/wp\/v2\/posts\/46055\/revisions\/46056"}],"wp:featuredmedia":[{"embeddable":true,"href":"https:\/\/www.portalalerta.com.br\/index.php\/wp-json\/wp\/v2\/media\/46029"}],"wp:attachment":[{"href":"https:\/\/www.portalalerta.com.br\/index.php\/wp-json\/wp\/v2\/media?parent=46055"}],"wp:term":[{"taxonomy":"category","embeddable":true,"href":"https:\/\/www.portalalerta.com.br\/index.php\/wp-json\/wp\/v2\/categories?post=46055"},{"taxonomy":"post_tag","embeddable":true,"href":"https:\/\/www.portalalerta.com.br\/index.php\/wp-json\/wp\/v2\/tags?post=46055"}],"curies":[{"name":"wp","href":"https:\/\/api.w.org\/{rel}","templated":true}]}}