{"id":46060,"date":"2022-11-30T11:00:00","date_gmt":"2022-11-30T14:00:00","guid":{"rendered":"https:\/\/www.portalalerta.com.br\/?p=46060"},"modified":"2022-11-30T01:36:05","modified_gmt":"2022-11-30T04:36:05","slug":"ribeira-do-pombal-ba-se-tornou-palco-da-capoeira-brasileira","status":"publish","type":"post","link":"https:\/\/www.portalalerta.com.br\/index.php\/2022\/11\/30\/ribeira-do-pombal-ba-se-tornou-palco-da-capoeira-brasileira\/","title":{"rendered":"Ribeira do Pombal-BA se tornou palco da Capoeira Brasileira"},"content":{"rendered":"\n<p>No \u00faltimo domingo (27), Ribeira do Pombal-BA recebeu capoeiristas de diversos munic\u00edpios do Brasil que participaram da cerim\u00f4nia de batizados e gradua\u00e7\u00e3o de mais de 150 atletas. Grupos de capoeira de diversos munic\u00edpio da regi\u00e3o, como Euclides da Cunha, Tucano, C\u00edcero Dantas, F\u00e1tima, Ribeira do Amparo, Cip\u00f3, Inhambupe, Araci, Teofil\u00e2ndia e Coit\u00e9, Alagoinha, Serrinha, Feira de Santana, Cama\u00e7ari, Catu, Santo Amaro da Purifica\u00e7\u00e3o, Salvador, al\u00e9m de representantes de Sergipe e Santa Catarina, marcaram presen\u00e7a.<\/p>\n\n\n\n<!--more-->\n\n\n\n<div class=\"wp-block-image\"><figure class=\"alignleft size-full is-resized\"><img fetchpriority=\"high\" decoding=\"async\" src=\"https:\/\/www.portalalerta.com.br\/wp-content\/uploads\/2022\/03\/Cred-Real.1.jpg\" alt=\"\" class=\"wp-image-41523\" width=\"405\" height=\"324\" srcset=\"https:\/\/www.portalalerta.com.br\/wp-content\/uploads\/2022\/03\/Cred-Real.1.jpg 500w, https:\/\/www.portalalerta.com.br\/wp-content\/uploads\/2022\/03\/Cred-Real.1-300x240.jpg 300w, https:\/\/www.portalalerta.com.br\/wp-content\/uploads\/2022\/03\/Cred-Real.1-183x146.jpg 183w, https:\/\/www.portalalerta.com.br\/wp-content\/uploads\/2022\/03\/Cred-Real.1-50x40.jpg 50w, https:\/\/www.portalalerta.com.br\/wp-content\/uploads\/2022\/03\/Cred-Real.1-94x75.jpg 94w\" sizes=\"(max-width: 405px) 100vw, 405px\" \/><\/figure><\/div>\n\n\n\n<p>O evento foi promovido pela Associa\u00e7\u00e3o de Capoeira Arte Brasileira e a Prefeitura de Ribeira do Pombal que j\u00e1 se destaca com uma das principais incentivadoras do esporte na regi\u00e3o nordeste da Bahia. A Capoeira, que \u00e9 uma modalidade esportiva e tamb\u00e9m uma arte que faz parte da cultura baiana e nordestina, est\u00e1 projetada para integrar o Programa Esporte na Escola que promove a pr\u00e1tica de diversas modalidades de esporte entre os alunos da Rede Municipal de Educa\u00e7\u00e3o.<\/p>\n\n\n\n<p><em>Fonte: SECOM\/ Ribeira do Pombal<\/em><\/p>\n","protected":false},"excerpt":{"rendered":"<p>No \u00faltimo domingo (27), Ribeira do Pombal-BA recebeu capoeiristas de diversos munic\u00edpios do Brasil que participaram da cerim\u00f4nia de batizados e gradua\u00e7\u00e3o de mais de 150 atletas. Grupos de capoeira de diversos munic\u00edpio da regi\u00e3o, como Euclides da Cunha, Tucano, C\u00edcero Dantas, F\u00e1tima, Ribeira do Amparo, Cip\u00f3, Inhambupe, Araci, Teofil\u00e2ndia e Coit\u00e9, Alagoinha, Serrinha, Feira &hellip;<\/p>\n","protected":false},"author":2,"featured_media":46061,"comment_status":"open","ping_status":"open","sticky":false,"template":"","format":"standard","meta":{"om_disable_all_campaigns":false,"_monsterinsights_skip_tracking":false,"_monsterinsights_sitenote_active":false,"_monsterinsights_sitenote_note":"","_monsterinsights_sitenote_category":0,"footnotes":""},"categories":[70,2,69,32,3],"tags":[100,71,48,4179,2987,75,4178,4180,96,129,107,4181,132,230,3828,106,203,120,51,109,88,47,111,190],"class_list":["post-46060","post","type-post","status-publish","format-standard","has-post-thumbnail","hentry","category-destaques","category-esportes","category-noticias2","category-regiao","category-ribeira-do-pombal","tag-adustina","tag-antas","tag-araci","tag-banzae-2","tag-capoeira","tag-cicero-dantas","tag-cipo-2","tag-crisopolis-2","tag-esporte","tag-euclides-da-cunha","tag-fatima","tag-heliopolis-2","tag-itapicuru","tag-jeremoabo","tag-noticias","tag-nova-soure","tag-novo-triunfo","tag-olindina","tag-paripiranga","tag-quijingue","tag-ribeira-do-amparo","tag-ribeira-do-pombal","tag-sitio-do-quinto","tag-tucano"],"aioseo_notices":[],"_links":{"self":[{"href":"https:\/\/www.portalalerta.com.br\/index.php\/wp-json\/wp\/v2\/posts\/46060","targetHints":{"allow":["GET"]}}],"collection":[{"href":"https:\/\/www.portalalerta.com.br\/index.php\/wp-json\/wp\/v2\/posts"}],"about":[{"href":"https:\/\/www.portalalerta.com.br\/index.php\/wp-json\/wp\/v2\/types\/post"}],"author":[{"embeddable":true,"href":"https:\/\/www.portalalerta.com.br\/index.php\/wp-json\/wp\/v2\/users\/2"}],"replies":[{"embeddable":true,"href":"https:\/\/www.portalalerta.com.br\/index.php\/wp-json\/wp\/v2\/comments?post=46060"}],"version-history":[{"count":1,"href":"https:\/\/www.portalalerta.com.br\/index.php\/wp-json\/wp\/v2\/posts\/46060\/revisions"}],"predecessor-version":[{"id":46062,"href":"https:\/\/www.portalalerta.com.br\/index.php\/wp-json\/wp\/v2\/posts\/46060\/revisions\/46062"}],"wp:featuredmedia":[{"embeddable":true,"href":"https:\/\/www.portalalerta.com.br\/index.php\/wp-json\/wp\/v2\/media\/46061"}],"wp:attachment":[{"href":"https:\/\/www.portalalerta.com.br\/index.php\/wp-json\/wp\/v2\/media?parent=46060"}],"wp:term":[{"taxonomy":"category","embeddable":true,"href":"https:\/\/www.portalalerta.com.br\/index.php\/wp-json\/wp\/v2\/categories?post=46060"},{"taxonomy":"post_tag","embeddable":true,"href":"https:\/\/www.portalalerta.com.br\/index.php\/wp-json\/wp\/v2\/tags?post=46060"}],"curies":[{"name":"wp","href":"https:\/\/api.w.org\/{rel}","templated":true}]}}