{"id":46063,"date":"2022-11-30T11:01:00","date_gmt":"2022-11-30T14:01:00","guid":{"rendered":"https:\/\/www.portalalerta.com.br\/?p=46063"},"modified":"2022-11-30T01:41:53","modified_gmt":"2022-11-30T04:41:53","slug":"processo-seletivo-da-secretaria-de-educacao-da-bahia-segue-com-inscricoes-ate-o-proximo-domingo","status":"publish","type":"post","link":"https:\/\/www.portalalerta.com.br\/index.php\/2022\/11\/30\/processo-seletivo-da-secretaria-de-educacao-da-bahia-segue-com-inscricoes-ate-o-proximo-domingo\/","title":{"rendered":"Processo seletivo da Secretaria de Educa\u00e7\u00e3o da Bahia segue com inscri\u00e7\u00f5es at\u00e9 o pr\u00f3ximo domingo"},"content":{"rendered":"\n<p>A Secretaria da Educa\u00e7\u00e3o do Estado (SEC) segue com inscri\u00e7\u00f5es abertas, at\u00e9 o dia 4 de dezembro, para os processos seletivos dirigidos a professores da Educa\u00e7\u00e3o B\u00e1sica, Profissional e Ind\u00edgena e mediadores do Ensino M\u00e9dio com Intermedia\u00e7\u00e3o Tecnol\u00f3gica (Emitec).<\/p>\n\n\n\n<!--more-->\n\n\n\n<p>Os contratos de trabalho ser\u00e3o sob o Regime Especial de Direito Administrativo (Reda), pelo prazo de 36 meses, podendo ser renovado por igual per\u00edodo, com carga hor\u00e1ria de trabalho de 20 horas semanais.<\/p>\n\n\n\n<div class=\"wp-block-image\"><figure class=\"alignleft size-large is-resized\"><img fetchpriority=\"high\" decoding=\"async\" src=\"https:\/\/www.portalalerta.com.br\/wp-content\/uploads\/2022\/11\/Novembro-Azul-Elab-2022-1024x750.jpeg\" alt=\"\" class=\"wp-image-45666\" width=\"365\" height=\"267\" srcset=\"https:\/\/www.portalalerta.com.br\/wp-content\/uploads\/2022\/11\/Novembro-Azul-Elab-2022-1024x750.jpeg 1024w, https:\/\/www.portalalerta.com.br\/wp-content\/uploads\/2022\/11\/Novembro-Azul-Elab-2022-328x240.jpeg 328w, https:\/\/www.portalalerta.com.br\/wp-content\/uploads\/2022\/11\/Novembro-Azul-Elab-2022-768x562.jpeg 768w, https:\/\/www.portalalerta.com.br\/wp-content\/uploads\/2022\/11\/Novembro-Azul-Elab-2022.jpeg 1080w\" sizes=\"(max-width: 365px) 100vw, 365px\" \/><\/figure><\/div>\n\n\n\n<p>S\u00e3o 1.800 vagas para professores, sendo 1.119 para a Educa\u00e7\u00e3o B\u00e1sica, 626 para a Educa\u00e7\u00e3o Profissional e 55 para a Educa\u00e7\u00e3o Ind\u00edgena.<\/p>\n\n\n\n<p>As provas objetivas acontecem para a Educa\u00e7\u00e3o B\u00e1sica e Profissional nos munic\u00edpios de Alagoinhas, Amargosa, Barreiras, Bom Jesus da Lapa, Caetit\u00e9, Eun\u00e1polis, Feira de Santana, Ipir\u00e1, Irec\u00ea, Itaberaba, Itabuna, Itapetinga, Jacobina, Jequi\u00e9, Juazeiro, Maca\u00fabas, Paulo Afonso, Ribeira do Pombal, Salvador, Santa Maria da Vit\u00f3ria, Santo Ant\u00f4nio de Jesus, Seabra, Senhor do Bonfim, Serrinha, Teixeira de Freitas, Valen\u00e7a e Vit\u00f3ria da Conquista.<\/p>\n\n\n\n<p>E para a Educa\u00e7\u00e3o Ind\u00edgena, nos munic\u00edpios de Bom Jesus da Lapa, Ribeira do Pombal, Eun\u00e1polis, Itabuna, Paulo Afonso e Teixeira de Freitas.<\/p>\n\n\n\n<p>Para os mediadores do Emitec s\u00e3o ofertadas 315 vagas. A prova objetiva ser\u00e1 realizada nas cidades de Alagoinhas, Amargosa, Barreiras, Bom Jesus da Lapa, Caetit\u00e9, Eun\u00e1polis, Feira de Santana, Ipir\u00e1, Irec\u00ea, Itaberaba, Itabuna, Itapetinga, Jacobina, Jequi\u00e9, Juazeiro, Maca\u00fabas, Paulo Afonso, Ribeira do Pombal, Salvador, Santa Maria da Vit\u00f3ria, Santo Ant\u00f4nio de Jesus, Seabra, Senhor do Bonfim, Serrinha, Teixeira de Freitas, Valen\u00e7a e Vit\u00f3ria da Conquista.<\/p>\n\n\n\n<p>De acordo com os cronogramas, os candidatos t\u00eam at\u00e9 16 de novembro para solicitar a isen\u00e7\u00e3o do valor de inscri\u00e7\u00e3o. A divulga\u00e7\u00e3o dos locais de provas acontece no dia 16 de janeiro de 2023, no site do Instituto Brasileiro de Forma\u00e7\u00e3o e Capacita\u00e7\u00e3o (IBFC). E as provas ser\u00e3o realizadas no dia 22 de janeiro de 2023. A divulga\u00e7\u00e3o dos resultados finais est\u00e1 prevista para 17 de fevereiro de 2023.<\/p>\n\n\n\n<p>As inscri\u00e7\u00f5es podem ser realizadas de forma online, no endere\u00e7o<em>&nbsp;<strong>www.ibfc.org.br.<\/strong><\/em><\/p>\n\n\n\n<p><em>&gt;&gt; Acesse os editais (https:\/\/bit.ly\/3OzebtU)<\/em><em>Fonte: euclidesdacunha.com<\/em><\/p>\n","protected":false},"excerpt":{"rendered":"<p>A Secretaria da Educa\u00e7\u00e3o do Estado (SEC) segue com inscri\u00e7\u00f5es abertas, at\u00e9 o dia 4 de dezembro, para os processos seletivos dirigidos a professores da Educa\u00e7\u00e3o B\u00e1sica, Profissional e Ind\u00edgena e mediadores do Ensino M\u00e9dio com Intermedia\u00e7\u00e3o Tecnol\u00f3gica (Emitec).<\/p>\n","protected":false},"author":2,"featured_media":32683,"comment_status":"open","ping_status":"open","sticky":false,"template":"","format":"standard","meta":{"om_disable_all_campaigns":false,"_monsterinsights_skip_tracking":false,"_monsterinsights_sitenote_active":false,"_monsterinsights_sitenote_note":"","_monsterinsights_sitenote_category":0,"footnotes":""},"categories":[33,70,20,69],"tags":[100,71,48,54,4179,75,4178,4180,140,129,107,4181,132,230,3828,106,203,120,51,511,109,88,47,111],"class_list":["post-46063","post","type-post","status-publish","format-standard","has-post-thumbnail","hentry","category-bahia","category-destaques","category-educacao","category-noticias2","tag-adustina","tag-antas","tag-araci","tag-bahia","tag-banzae-2","tag-cicero-dantas","tag-cipo-2","tag-crisopolis-2","tag-educacao","tag-euclides-da-cunha","tag-fatima","tag-heliopolis-2","tag-itapicuru","tag-jeremoabo","tag-noticias","tag-nova-soure","tag-novo-triunfo","tag-olindina","tag-paripiranga","tag-processo-seletivo","tag-quijingue","tag-ribeira-do-amparo","tag-ribeira-do-pombal","tag-sitio-do-quinto"],"aioseo_notices":[],"_links":{"self":[{"href":"https:\/\/www.portalalerta.com.br\/index.php\/wp-json\/wp\/v2\/posts\/46063","targetHints":{"allow":["GET"]}}],"collection":[{"href":"https:\/\/www.portalalerta.com.br\/index.php\/wp-json\/wp\/v2\/posts"}],"about":[{"href":"https:\/\/www.portalalerta.com.br\/index.php\/wp-json\/wp\/v2\/types\/post"}],"author":[{"embeddable":true,"href":"https:\/\/www.portalalerta.com.br\/index.php\/wp-json\/wp\/v2\/users\/2"}],"replies":[{"embeddable":true,"href":"https:\/\/www.portalalerta.com.br\/index.php\/wp-json\/wp\/v2\/comments?post=46063"}],"version-history":[{"count":1,"href":"https:\/\/www.portalalerta.com.br\/index.php\/wp-json\/wp\/v2\/posts\/46063\/revisions"}],"predecessor-version":[{"id":46064,"href":"https:\/\/www.portalalerta.com.br\/index.php\/wp-json\/wp\/v2\/posts\/46063\/revisions\/46064"}],"wp:featuredmedia":[{"embeddable":true,"href":"https:\/\/www.portalalerta.com.br\/index.php\/wp-json\/wp\/v2\/media\/32683"}],"wp:attachment":[{"href":"https:\/\/www.portalalerta.com.br\/index.php\/wp-json\/wp\/v2\/media?parent=46063"}],"wp:term":[{"taxonomy":"category","embeddable":true,"href":"https:\/\/www.portalalerta.com.br\/index.php\/wp-json\/wp\/v2\/categories?post=46063"},{"taxonomy":"post_tag","embeddable":true,"href":"https:\/\/www.portalalerta.com.br\/index.php\/wp-json\/wp\/v2\/tags?post=46063"}],"curies":[{"name":"wp","href":"https:\/\/api.w.org\/{rel}","templated":true}]}}