{"id":46067,"date":"2022-11-30T11:03:00","date_gmt":"2022-11-30T14:03:00","guid":{"rendered":"https:\/\/www.portalalerta.com.br\/?p=46067"},"modified":"2022-11-30T01:49:50","modified_gmt":"2022-11-30T04:49:50","slug":"lula-e-alckmin-serao-diplomados-pelo-tse-em-12-de-dezembro","status":"publish","type":"post","link":"https:\/\/www.portalalerta.com.br\/index.php\/2022\/11\/30\/lula-e-alckmin-serao-diplomados-pelo-tse-em-12-de-dezembro\/","title":{"rendered":"Lula e Alckmin ser\u00e3o diplomados pelo TSE em 12 de dezembro"},"content":{"rendered":"\n<p><strong>A cerim\u00f4nia&nbsp;formaliza a escolha do presidente e do vice-presidente eleitos pela maioria dos brasileiros nas urnas<\/strong><\/p>\n\n\n\n<!--more-->\n\n\n\n<p>O\u00a0TSE (Tribunal Superior Eleitoral)\u00a0marcou para 12 de dezembro a cerim\u00f4nia de diploma\u00e7\u00e3o do presidente da Rep\u00fablica eleito,\u00a0Luiz In\u00e1cio Lula da Silva (PT), e do vice-presidente eleito, Geraldo Geraldo Alckmin (PSB).\u00a0<\/p>\n\n\n\n<div class=\"wp-block-image\"><figure class=\"alignleft size-full is-resized\"><img fetchpriority=\"high\" decoding=\"async\" src=\"https:\/\/www.portalalerta.com.br\/wp-content\/uploads\/2022\/11\/auto-escola-copa-do-mundo.jpeg\" alt=\"\" class=\"wp-image-45949\" width=\"354\" height=\"356\" srcset=\"https:\/\/www.portalalerta.com.br\/wp-content\/uploads\/2022\/11\/auto-escola-copa-do-mundo.jpeg 639w, https:\/\/www.portalalerta.com.br\/wp-content\/uploads\/2022\/11\/auto-escola-copa-do-mundo-239x240.jpeg 239w\" sizes=\"(max-width: 354px) 100vw, 354px\" \/><\/figure><\/div>\n\n\n\n<p>A diploma\u00e7\u00e3o \u00e9 uma cerim\u00f4nia organizada pela Justi\u00e7a Eleitoral para formalizar a escolha dos pol\u00edticos eleitos pela maioria dos brasileiros nas urnas. Durante o evento, que marca o encerramento do processo eleitoral, ser\u00e3o entregues os respectivos diplomas, assinados pelo presidente da Corte, o ministro Alexandre de Moraes.<\/p>\n\n\n\n<p>Com o ato da diploma\u00e7\u00e3o, os candidatos eleitos se habilitam ao exerc\u00edcio do mandato. A entrega dos documentos acontece ap\u00f3s o t\u00e9rmino da elei\u00e7\u00e3o, a apura\u00e7\u00e3o dos votos, o vencimento dos prazos de questionamento e de processamento do resultado da vota\u00e7\u00e3o e a an\u00e1lise das contas de campanha.<\/p>\n\n\n\n<p>Lula foi eleito presidente do Brasil em segundo turno, com 50,9% dos votos v\u00e1lidos (60.345.999). Advers\u00e1rio dele, o presidente Jair Bolsonaro (PL) teve 49,1% dos votos (58.206.354).<\/p>\n\n\n\n<p><em>Fonte: R7<\/em><\/p>\n","protected":false},"excerpt":{"rendered":"<p>A cerim\u00f4nia&nbsp;formaliza a escolha do presidente e do vice-presidente eleitos pela maioria dos brasileiros nas urnas<\/p>\n","protected":false},"author":2,"featured_media":45445,"comment_status":"open","ping_status":"open","sticky":false,"template":"","format":"standard","meta":{"om_disable_all_campaigns":false,"_monsterinsights_skip_tracking":false,"_monsterinsights_sitenote_active":false,"_monsterinsights_sitenote_note":"","_monsterinsights_sitenote_category":0,"footnotes":""},"categories":[34,70,69,21],"tags":[100,71,48,4179,93,75,4178,4180,1211,129,107,898,4181,132,230,303,3828,106,203,120,51,1152,109,88,47,111,549,190,2067],"class_list":["post-46067","post","type-post","status-publish","format-standard","has-post-thumbnail","hentry","category-brasil","category-destaques","category-noticias2","category-politica","tag-adustina","tag-antas","tag-araci","tag-banzae-2","tag-brasil","tag-cicero-dantas","tag-cipo-2","tag-crisopolis-2","tag-diplomacao","tag-euclides-da-cunha","tag-fatima","tag-geraldo-alckimin","tag-heliopolis-2","tag-itapicuru","tag-jeremoabo","tag-lula","tag-noticias","tag-nova-soure","tag-novo-triunfo","tag-olindina","tag-paripiranga","tag-presidente-da-republica","tag-quijingue","tag-ribeira-do-amparo","tag-ribeira-do-pombal","tag-sitio-do-quinto","tag-tse","tag-tucano","tag-vice-presidente"],"aioseo_notices":[],"_links":{"self":[{"href":"https:\/\/www.portalalerta.com.br\/index.php\/wp-json\/wp\/v2\/posts\/46067","targetHints":{"allow":["GET"]}}],"collection":[{"href":"https:\/\/www.portalalerta.com.br\/index.php\/wp-json\/wp\/v2\/posts"}],"about":[{"href":"https:\/\/www.portalalerta.com.br\/index.php\/wp-json\/wp\/v2\/types\/post"}],"author":[{"embeddable":true,"href":"https:\/\/www.portalalerta.com.br\/index.php\/wp-json\/wp\/v2\/users\/2"}],"replies":[{"embeddable":true,"href":"https:\/\/www.portalalerta.com.br\/index.php\/wp-json\/wp\/v2\/comments?post=46067"}],"version-history":[{"count":1,"href":"https:\/\/www.portalalerta.com.br\/index.php\/wp-json\/wp\/v2\/posts\/46067\/revisions"}],"predecessor-version":[{"id":46068,"href":"https:\/\/www.portalalerta.com.br\/index.php\/wp-json\/wp\/v2\/posts\/46067\/revisions\/46068"}],"wp:featuredmedia":[{"embeddable":true,"href":"https:\/\/www.portalalerta.com.br\/index.php\/wp-json\/wp\/v2\/media\/45445"}],"wp:attachment":[{"href":"https:\/\/www.portalalerta.com.br\/index.php\/wp-json\/wp\/v2\/media?parent=46067"}],"wp:term":[{"taxonomy":"category","embeddable":true,"href":"https:\/\/www.portalalerta.com.br\/index.php\/wp-json\/wp\/v2\/categories?post=46067"},{"taxonomy":"post_tag","embeddable":true,"href":"https:\/\/www.portalalerta.com.br\/index.php\/wp-json\/wp\/v2\/tags?post=46067"}],"curies":[{"name":"wp","href":"https:\/\/api.w.org\/{rel}","templated":true}]}}