{"id":46071,"date":"2022-11-30T23:35:28","date_gmt":"2022-12-01T02:35:28","guid":{"rendered":"https:\/\/www.portalalerta.com.br\/?p=46071"},"modified":"2022-11-30T23:35:30","modified_gmt":"2022-12-01T02:35:30","slug":"pele-piora-e-internado-e-quimioterapia-nao-faz-mais-efeito-no-cancer","status":"publish","type":"post","link":"https:\/\/www.portalalerta.com.br\/index.php\/2022\/11\/30\/pele-piora-e-internado-e-quimioterapia-nao-faz-mais-efeito-no-cancer\/","title":{"rendered":"Pel\u00e9 piora, \u00e9 internado e quimioterapia n\u00e3o faz mais efeito no c\u00e2ncer"},"content":{"rendered":"\n<p>O ex-jogador Edson Arantes do Nascimento, o Pel\u00e9, foi internado no Hospital Albert Einstein, em S\u00e3o Paulo, nesta ter\u00e7a-feira (29).<\/p>\n\n\n\n<!--more-->\n\n\n\n<p>Dessa vez, a ida ao hospital n\u00e3o foi programada e o \u00eddolo do futebol foi levado \u00e0s pressas ap\u00f3s apresentar um quadro de incha\u00e7o por todo o corpo.<\/p>\n\n\n\n<p>Segundo informa\u00e7\u00f5es da ESPN, o m\u00e9dico que cuida do atacante confirmou quadro de anasarca, uma s\u00edndrome edemig\u00eamica que causa incha\u00e7o generalizado. Al\u00e9m disso, o atleta de 82 anos apresenta uma \u201cinsufici\u00eancia card\u00edaca descompensada\u201d.<\/p>\n\n\n\n<p>Outra complica\u00e7\u00e3o \u00e9 que a quimioterapia a que Pel\u00e9 tem sido submetido nos \u00faltimos meses n\u00e3o estaria mais dando resposta aos tumores espalhados pelo corpo do futebolista.<\/p>\n\n\n\n<p>Nesta quarta-feira (30), o homem dos mil gols est\u00e1 passando por uma bateria de exames que v\u00e3o avaliar os problemas causados nos \u00f3rg\u00e3os dele pela met\u00e1stase.<\/p>\n\n\n\n<p><strong>Quadro delicado<\/strong><\/p>\n\n\n\n<p>Dentre os problemas causados pelo c\u00e2ncer, o ex-jogador chegou ao hospital com aparente confus\u00e3o mental e com dificuldades para se alimentar.<\/p>\n\n\n\n<p>Ele foi levado pela esposa M\u00e1rcia Aoki, e por um cuidador, que aguardam respostas dos exames para saber sobre a continuidade do tratamento.<\/p>\n\n\n\n<p>Segundo a ESPN, n\u00e3o h\u00e1 qualquer previs\u00e3o de alta para o Rei do Futebol.<\/p>\n\n\n\n<p><strong>C\u00e2ncer de c\u00f3lon<\/strong><\/p>\n\n\n\n<p>Em setembro de 2021, Pel\u00e9 foi diagnosticado com tumor de c\u00f3lon. Desde a identifica\u00e7\u00e3o da doen\u00e7a, o atleta segue uma rotina peri\u00f3dica de tratamento.<\/p>\n\n\n\n<p>Al\u00e9m disso, ele j\u00e1 passou por uma cirurgia para a retirada do tumor e fez sess\u00f5es de quimioterapia.<\/p>\n\n\n\n<p>O maior \u00eddolo do futebol brasileiro de todos os tempos completou 82 anos em 23 de outubro de 2022.<\/p>\n\n\n\n<p><em>Fonte: Yahoo Not\u00edcias<\/em><\/p>\n","protected":false},"excerpt":{"rendered":"<p>O ex-jogador Edson Arantes do Nascimento, o Pel\u00e9, foi internado no Hospital Albert Einstein, em S\u00e3o Paulo, nesta ter\u00e7a-feira (29).<\/p>\n","protected":false},"author":2,"featured_media":38122,"comment_status":"open","ping_status":"open","sticky":false,"template":"","format":"standard","meta":{"om_disable_all_campaigns":false,"_monsterinsights_skip_tracking":false,"_monsterinsights_sitenote_active":false,"_monsterinsights_sitenote_note":"","_monsterinsights_sitenote_category":0,"footnotes":""},"categories":[34,70,2,69],"tags":[100,71,48,4179,93,1184,75,4178,4180,96,129,107,4181,132,230,3828,106,203,120,51,2542,109,5737,88,47,111],"class_list":["post-46071","post","type-post","status-publish","format-standard","has-post-thumbnail","hentry","category-brasil","category-destaques","category-esportes","category-noticias2","tag-adustina","tag-antas","tag-araci","tag-banzae-2","tag-brasil","tag-cancer","tag-cicero-dantas","tag-cipo-2","tag-crisopolis-2","tag-esporte","tag-euclides-da-cunha","tag-fatima","tag-heliopolis-2","tag-itapicuru","tag-jeremoabo","tag-noticias","tag-nova-soure","tag-novo-triunfo","tag-olindina","tag-paripiranga","tag-pele","tag-quijingue","tag-quimioterapia","tag-ribeira-do-amparo","tag-ribeira-do-pombal","tag-sitio-do-quinto"],"aioseo_notices":[],"_links":{"self":[{"href":"https:\/\/www.portalalerta.com.br\/index.php\/wp-json\/wp\/v2\/posts\/46071","targetHints":{"allow":["GET"]}}],"collection":[{"href":"https:\/\/www.portalalerta.com.br\/index.php\/wp-json\/wp\/v2\/posts"}],"about":[{"href":"https:\/\/www.portalalerta.com.br\/index.php\/wp-json\/wp\/v2\/types\/post"}],"author":[{"embeddable":true,"href":"https:\/\/www.portalalerta.com.br\/index.php\/wp-json\/wp\/v2\/users\/2"}],"replies":[{"embeddable":true,"href":"https:\/\/www.portalalerta.com.br\/index.php\/wp-json\/wp\/v2\/comments?post=46071"}],"version-history":[{"count":1,"href":"https:\/\/www.portalalerta.com.br\/index.php\/wp-json\/wp\/v2\/posts\/46071\/revisions"}],"predecessor-version":[{"id":46072,"href":"https:\/\/www.portalalerta.com.br\/index.php\/wp-json\/wp\/v2\/posts\/46071\/revisions\/46072"}],"wp:featuredmedia":[{"embeddable":true,"href":"https:\/\/www.portalalerta.com.br\/index.php\/wp-json\/wp\/v2\/media\/38122"}],"wp:attachment":[{"href":"https:\/\/www.portalalerta.com.br\/index.php\/wp-json\/wp\/v2\/media?parent=46071"}],"wp:term":[{"taxonomy":"category","embeddable":true,"href":"https:\/\/www.portalalerta.com.br\/index.php\/wp-json\/wp\/v2\/categories?post=46071"},{"taxonomy":"post_tag","embeddable":true,"href":"https:\/\/www.portalalerta.com.br\/index.php\/wp-json\/wp\/v2\/tags?post=46071"}],"curies":[{"name":"wp","href":"https:\/\/api.w.org\/{rel}","templated":true}]}}