{"id":46073,"date":"2022-11-30T23:45:19","date_gmt":"2022-12-01T02:45:19","guid":{"rendered":"https:\/\/www.portalalerta.com.br\/?p=46073"},"modified":"2022-11-30T23:45:20","modified_gmt":"2022-12-01T02:45:20","slug":"camara-de-euclides-da-cunha-ba-volta-a-exigir-o-uso-de-mascaras-para-vereadores-e-funcionarios-dentro-do-predio","status":"publish","type":"post","link":"https:\/\/www.portalalerta.com.br\/index.php\/2022\/11\/30\/camara-de-euclides-da-cunha-ba-volta-a-exigir-o-uso-de-mascaras-para-vereadores-e-funcionarios-dentro-do-predio\/","title":{"rendered":"C\u00e2mara de Euclides da Cunha-BA volta a exigir o uso de m\u00e1scaras para vereadores e funcion\u00e1rios dentro do pr\u00e9dio"},"content":{"rendered":"\n<p>O presidente da C\u00e2mara de Euclides da Cunha-BA, Jo\u00e3o Batista Pires Reis (PDT), informou nesta ter\u00e7a-feira (29), que o uso de m\u00e1scaras volta a ser obrigat\u00f3rio para servidores e vereadores dentro do Legislativo.<\/p>\n\n\n\n<!--more-->\n\n\n\n<p>Desde o in\u00edcio da pandemia, a C\u00e2mara Municipal vem adotando medidas preventivas para evitar o avan\u00e7o da doen\u00e7a, mantendo sempre os trabalhos realizados.<\/p>\n\n\n\n<p>Temporariamente, foram realizadas sess\u00f5es de forma remota e sem a presen\u00e7a do p\u00fablico, com a transmiss\u00e3o on-line pelas redes sociais.<\/p>\n\n\n\n<p>Diante de mais casos de Covid-19 notificados, o uso da m\u00e1scara volta a ser exigido.<\/p>\n\n\n\n<p>A Casa de Leis, por\u00e9m, permanece aberta ao p\u00fablico para sess\u00f5es e Audi\u00eancias, que continuam no formato presencial.<\/p>\n\n\n\n<p><strong><em>\u201cDiante do cen\u00e1rio atual, \u00e9 uma forma de protegermos a todos que frequentam a C\u00e2mara\u201d,<\/em><\/strong> disse Tita da \u00e1gua.<\/p>\n\n\n\n<p><em>Fonte: euclidesdacunha.com<\/em><\/p>\n","protected":false},"excerpt":{"rendered":"<p>O presidente da C\u00e2mara de Euclides da Cunha-BA, Jo\u00e3o Batista Pires Reis (PDT), informou nesta ter\u00e7a-feira (29), que o uso de m\u00e1scaras volta a ser obrigat\u00f3rio para servidores e vereadores dentro do Legislativo.<\/p>\n","protected":false},"author":2,"featured_media":46074,"comment_status":"open","ping_status":"open","sticky":false,"template":"","format":"standard","meta":{"om_disable_all_campaigns":false,"_monsterinsights_skip_tracking":false,"_monsterinsights_sitenote_active":false,"_monsterinsights_sitenote_note":"","_monsterinsights_sitenote_category":0,"footnotes":""},"categories":[70,17,69,21,32,19],"tags":[211,3429,3486,129,3536],"class_list":["post-46073","post","type-post","status-publish","format-standard","has-post-thumbnail","hentry","category-destaques","category-euclides-da-cunha","category-noticias2","category-politica","category-regiao","category-saude","tag-camara-de-vereadores","tag-coronavirus","tag-covid-19","tag-euclides-da-cunha","tag-mascaras-de-protecao"],"aioseo_notices":[],"_links":{"self":[{"href":"https:\/\/www.portalalerta.com.br\/index.php\/wp-json\/wp\/v2\/posts\/46073","targetHints":{"allow":["GET"]}}],"collection":[{"href":"https:\/\/www.portalalerta.com.br\/index.php\/wp-json\/wp\/v2\/posts"}],"about":[{"href":"https:\/\/www.portalalerta.com.br\/index.php\/wp-json\/wp\/v2\/types\/post"}],"author":[{"embeddable":true,"href":"https:\/\/www.portalalerta.com.br\/index.php\/wp-json\/wp\/v2\/users\/2"}],"replies":[{"embeddable":true,"href":"https:\/\/www.portalalerta.com.br\/index.php\/wp-json\/wp\/v2\/comments?post=46073"}],"version-history":[{"count":1,"href":"https:\/\/www.portalalerta.com.br\/index.php\/wp-json\/wp\/v2\/posts\/46073\/revisions"}],"predecessor-version":[{"id":46075,"href":"https:\/\/www.portalalerta.com.br\/index.php\/wp-json\/wp\/v2\/posts\/46073\/revisions\/46075"}],"wp:featuredmedia":[{"embeddable":true,"href":"https:\/\/www.portalalerta.com.br\/index.php\/wp-json\/wp\/v2\/media\/46074"}],"wp:attachment":[{"href":"https:\/\/www.portalalerta.com.br\/index.php\/wp-json\/wp\/v2\/media?parent=46073"}],"wp:term":[{"taxonomy":"category","embeddable":true,"href":"https:\/\/www.portalalerta.com.br\/index.php\/wp-json\/wp\/v2\/categories?post=46073"},{"taxonomy":"post_tag","embeddable":true,"href":"https:\/\/www.portalalerta.com.br\/index.php\/wp-json\/wp\/v2\/tags?post=46073"}],"curies":[{"name":"wp","href":"https:\/\/api.w.org\/{rel}","templated":true}]}}