{"id":46082,"date":"2022-12-01T00:31:06","date_gmt":"2022-12-01T03:31:06","guid":{"rendered":"https:\/\/www.portalalerta.com.br\/?p=46082"},"modified":"2022-12-01T08:07:44","modified_gmt":"2022-12-01T11:07:44","slug":"adolescente-pombalense-desaparecido-pode-ter-sido-vitima-do-tribunal-do-crime-em-aracaju-ba","status":"publish","type":"post","link":"https:\/\/www.portalalerta.com.br\/index.php\/2022\/12\/01\/adolescente-pombalense-desaparecido-pode-ter-sido-vitima-do-tribunal-do-crime-em-aracaju-ba\/","title":{"rendered":"Adolescente pombalense desaparecido, pode ter sido v\u00edtima do tribunal do crime, em Aracaju-SE"},"content":{"rendered":"\n<p>Familiares de Juan Pablo Santos de Castro, 17 anos, <strong><a href=\"https:\/\/www.portalalerta.com.br\/index.php\/2022\/11\/17\/adolescente-pombalense-esta-desaparecido-ha-uma-semana-em-aracaju-se\/\">desaparecido desde o \u00faltimo dia 10<\/a><\/strong>, em Aracaju-SE, acreditam que o jovem pombalense possa ter sido v\u00edtima do tribunal do crime na capital sergipana.<\/p>\n\n\n\n<!--more-->\n\n\n\n<div class=\"wp-block-image\"><figure class=\"alignleft size-full is-resized\"><img fetchpriority=\"high\" decoding=\"async\" src=\"https:\/\/www.portalalerta.com.br\/wp-content\/uploads\/2022\/11\/auto-escola-copa-do-mundo.jpeg\" alt=\"\" class=\"wp-image-45949\" width=\"441\" height=\"443\" srcset=\"https:\/\/www.portalalerta.com.br\/wp-content\/uploads\/2022\/11\/auto-escola-copa-do-mundo.jpeg 639w, https:\/\/www.portalalerta.com.br\/wp-content\/uploads\/2022\/11\/auto-escola-copa-do-mundo-239x240.jpeg 239w\" sizes=\"(max-width: 441px) 100vw, 441px\" \/><\/figure><\/div>\n\n\n\n<p>A suspeita surgiu ap\u00f3s alguns familiares do jovem afirmarem que por conta do sil\u00eancio das for\u00e7as de seguran\u00e7a, passaram a investigar o caso por conta pr\u00f3pria. Na ocasi\u00e3o, foi descoberto que Juan, que era usu\u00e1rio de drogas, tinha contra\u00eddo uma d\u00edvida com uma fac\u00e7\u00e3o criminosa atuante na localidade conhecida como Cidade de Deus, no bairro Coroa do Meio, em Aracaju. Com o objetivo de pagar a d\u00edvida, Juan teria furtado uma moto, cuja v\u00edtima teria o reconhecido, e levado o caso ao tribunal do crime.<\/p>\n\n\n\n<p>De acordo com o Portalfanf1, por conta da d\u00edvida adquirida anteriormente, bem como o roubo da moto, os traficantes teriam condenado Juan Pablo \u00e0 morte. Ainda de acordo com o Portal, antes da suposta execu\u00e7\u00e3o do adolescente, os criminosos teriam gravado um v\u00eddeo que chegou a ser divulgado em redes sociais, em que Juan pedia desculpas pelo crime cometido.<\/p>\n\n\n\n<p>Diante da suspeita, a m\u00e3e do adolescente mais uma vez clama por informa\u00e7\u00f5es que levem ao paradeiro de Juan, ou na pior das hip\u00f3teses, ao seu corpo: <strong><em>\u201cEu s\u00f3 quero saber onde est\u00e1 o corpo do meu menino, para poder enterr\u00e1-lo e tirar essa dor do meu cora\u00e7\u00e3o. \u00e9 muito triste, \u00e9 uma situa\u00e7\u00e3o muito dolorosa\u201d<\/em><\/strong>, afirmou S\u00e2mila Pereira dos Santos, m\u00e3e do jovem, <strong><a href=\"https:\/\/www.portalalerta.com.br\/index.php\/2022\/11\/19\/durante-procura-por-pombalense-desaparecido-em-aracaju-se-familia-cai-em-golpe\/\">que chegou a ser v\u00edtima de um golpe durante as buscas.<\/a><\/strong><\/p>\n\n\n\n<p>J\u00e1 a Secretaria de Seguran\u00e7a P\u00fablica, informou que est\u00e1 investigando o caso e que trabalha com outras linhas investigativas.<\/p>\n\n\n\n<p><em>Reda\u00e7\u00e3o: Portal Alerta<\/em><\/p>\n\n\n\n<p><em>Com informa\u00e7\u00f5es: PortalFanf1<\/em><\/p>\n","protected":false},"excerpt":{"rendered":"<p>Familiares de Juan Pablo Santos de Castro, 17 anos, desaparecido desde o \u00faltimo dia 10, em Aracaju-SE, acreditam que o jovem pombalense possa ter sido v\u00edtima do tribunal do crime na capital sergipana.<\/p>\n","protected":false},"author":2,"featured_media":45741,"comment_status":"open","ping_status":"open","sticky":false,"template":"","format":"standard","meta":{"om_disable_all_campaigns":false,"_monsterinsights_skip_tracking":false,"_monsterinsights_sitenote_active":false,"_monsterinsights_sitenote_note":"","_monsterinsights_sitenote_category":0,"footnotes":""},"categories":[34,70,69,32,3,22],"tags":[100,71,487,48,4179,75,4178,4180,1226,129,107,4181,206,132,230,169,3828,106,203,120,51,109,88,47,111,76,5696],"class_list":["post-46082","post","type-post","status-publish","format-standard","has-post-thumbnail","hentry","category-brasil","category-destaques","category-noticias2","category-regiao","category-ribeira-do-pombal","category-seguranca","tag-adustina","tag-antas","tag-aracaju","tag-araci","tag-banzae-2","tag-cicero-dantas","tag-cipo-2","tag-crisopolis-2","tag-desaparecido","tag-euclides-da-cunha","tag-fatima","tag-heliopolis-2","tag-homicidio","tag-itapicuru","tag-jeremoabo","tag-morte","tag-noticias","tag-nova-soure","tag-novo-triunfo","tag-olindina","tag-paripiranga","tag-quijingue","tag-ribeira-do-amparo","tag-ribeira-do-pombal","tag-sitio-do-quinto","tag-trafico-de-drogas","tag-tribunal-do-crime"],"aioseo_notices":[],"_links":{"self":[{"href":"https:\/\/www.portalalerta.com.br\/index.php\/wp-json\/wp\/v2\/posts\/46082","targetHints":{"allow":["GET"]}}],"collection":[{"href":"https:\/\/www.portalalerta.com.br\/index.php\/wp-json\/wp\/v2\/posts"}],"about":[{"href":"https:\/\/www.portalalerta.com.br\/index.php\/wp-json\/wp\/v2\/types\/post"}],"author":[{"embeddable":true,"href":"https:\/\/www.portalalerta.com.br\/index.php\/wp-json\/wp\/v2\/users\/2"}],"replies":[{"embeddable":true,"href":"https:\/\/www.portalalerta.com.br\/index.php\/wp-json\/wp\/v2\/comments?post=46082"}],"version-history":[{"count":2,"href":"https:\/\/www.portalalerta.com.br\/index.php\/wp-json\/wp\/v2\/posts\/46082\/revisions"}],"predecessor-version":[{"id":46084,"href":"https:\/\/www.portalalerta.com.br\/index.php\/wp-json\/wp\/v2\/posts\/46082\/revisions\/46084"}],"wp:featuredmedia":[{"embeddable":true,"href":"https:\/\/www.portalalerta.com.br\/index.php\/wp-json\/wp\/v2\/media\/45741"}],"wp:attachment":[{"href":"https:\/\/www.portalalerta.com.br\/index.php\/wp-json\/wp\/v2\/media?parent=46082"}],"wp:term":[{"taxonomy":"category","embeddable":true,"href":"https:\/\/www.portalalerta.com.br\/index.php\/wp-json\/wp\/v2\/categories?post=46082"},{"taxonomy":"post_tag","embeddable":true,"href":"https:\/\/www.portalalerta.com.br\/index.php\/wp-json\/wp\/v2\/tags?post=46082"}],"curies":[{"name":"wp","href":"https:\/\/api.w.org\/{rel}","templated":true}]}}