{"id":46085,"date":"2022-12-01T22:53:19","date_gmt":"2022-12-02T01:53:19","guid":{"rendered":"https:\/\/www.portalalerta.com.br\/?p=46085"},"modified":"2022-12-01T22:53:21","modified_gmt":"2022-12-02T01:53:21","slug":"numeros-do-rastreamento-do-cancer-de-mama-em-ribeira-do-pombal-ba","status":"publish","type":"post","link":"https:\/\/www.portalalerta.com.br\/index.php\/2022\/12\/01\/numeros-do-rastreamento-do-cancer-de-mama-em-ribeira-do-pombal-ba\/","title":{"rendered":"N\u00fameros do Rastreamento do C\u00e2ncer de Mama, em Ribeira do Pombal-BA"},"content":{"rendered":"\n<p>Entre os dias 11 e 25 de novembro o Programa de Rastreamento do C\u00e2ncer de Mama, conhecido como <strong>\u201cCarreta do C\u00e2ncer de Mama\u201d<\/strong> esteve em Ribeira do Pombal-BA atendendo as mulheres integrantes do p\u00fablico alvo do programa, ou seja, aquelas com idade a partir de 40 anos.<\/p>\n\n\n\n<!--more-->\n\n\n\n<div class=\"wp-block-image\"><figure class=\"alignleft size-full is-resized\"><img fetchpriority=\"high\" decoding=\"async\" src=\"https:\/\/www.portalalerta.com.br\/wp-content\/uploads\/2022\/03\/Cred-Real.1.jpg\" alt=\"\" class=\"wp-image-41523\" width=\"404\" height=\"323\" srcset=\"https:\/\/www.portalalerta.com.br\/wp-content\/uploads\/2022\/03\/Cred-Real.1.jpg 500w, https:\/\/www.portalalerta.com.br\/wp-content\/uploads\/2022\/03\/Cred-Real.1-300x240.jpg 300w, https:\/\/www.portalalerta.com.br\/wp-content\/uploads\/2022\/03\/Cred-Real.1-183x146.jpg 183w, https:\/\/www.portalalerta.com.br\/wp-content\/uploads\/2022\/03\/Cred-Real.1-50x40.jpg 50w, https:\/\/www.portalalerta.com.br\/wp-content\/uploads\/2022\/03\/Cred-Real.1-94x75.jpg 94w\" sizes=\"(max-width: 404px) 100vw, 404px\" \/><\/figure><\/div>\n\n\n\n<p>O rastreamento \u00e9 um programa estadual que \u00e9 realizado em parceria com a Prefeitura. Em Ribeira do Pombal foram realizados 1.174 exames em mulheres de 40 a 69 anos.<\/p>\n\n\n\n<p>Al\u00e9m disso o atendimento do Programa n\u00e3o \u00e9 encerrado com o exame, pois em caso de altera\u00e7\u00f5es dos exames a paciente \u00e9 automaticamente encaminhada para exames complementares e a partir da\u00ed ser acompanhada at\u00e9 pelo per\u00edodo que for necess\u00e1rio.<\/p>\n\n\n\n<p><em>Fonte: SECOM\/ Ribeira do Pombal<\/em><\/p>\n","protected":false},"excerpt":{"rendered":"<p>Entre os dias 11 e 25 de novembro o Programa de Rastreamento do C\u00e2ncer de Mama, conhecido como \u201cCarreta do C\u00e2ncer de Mama\u201d esteve em Ribeira do Pombal-BA atendendo as mulheres integrantes do p\u00fablico alvo do programa, ou seja, aquelas com idade a partir de 40 anos.<\/p>\n","protected":false},"author":2,"featured_media":46086,"comment_status":"open","ping_status":"open","sticky":false,"template":"","format":"standard","meta":{"om_disable_all_campaigns":false,"_monsterinsights_skip_tracking":false,"_monsterinsights_sitenote_active":false,"_monsterinsights_sitenote_note":"","_monsterinsights_sitenote_category":0,"footnotes":""},"categories":[70,69,32,3,19],"tags":[3471,5660,47],"class_list":["post-46085","post","type-post","status-publish","format-standard","has-post-thumbnail","hentry","category-destaques","category-noticias2","category-regiao","category-ribeira-do-pombal","category-saude","tag-cancer-de-mama","tag-rastreamento","tag-ribeira-do-pombal"],"aioseo_notices":[],"_links":{"self":[{"href":"https:\/\/www.portalalerta.com.br\/index.php\/wp-json\/wp\/v2\/posts\/46085","targetHints":{"allow":["GET"]}}],"collection":[{"href":"https:\/\/www.portalalerta.com.br\/index.php\/wp-json\/wp\/v2\/posts"}],"about":[{"href":"https:\/\/www.portalalerta.com.br\/index.php\/wp-json\/wp\/v2\/types\/post"}],"author":[{"embeddable":true,"href":"https:\/\/www.portalalerta.com.br\/index.php\/wp-json\/wp\/v2\/users\/2"}],"replies":[{"embeddable":true,"href":"https:\/\/www.portalalerta.com.br\/index.php\/wp-json\/wp\/v2\/comments?post=46085"}],"version-history":[{"count":1,"href":"https:\/\/www.portalalerta.com.br\/index.php\/wp-json\/wp\/v2\/posts\/46085\/revisions"}],"predecessor-version":[{"id":46087,"href":"https:\/\/www.portalalerta.com.br\/index.php\/wp-json\/wp\/v2\/posts\/46085\/revisions\/46087"}],"wp:featuredmedia":[{"embeddable":true,"href":"https:\/\/www.portalalerta.com.br\/index.php\/wp-json\/wp\/v2\/media\/46086"}],"wp:attachment":[{"href":"https:\/\/www.portalalerta.com.br\/index.php\/wp-json\/wp\/v2\/media?parent=46085"}],"wp:term":[{"taxonomy":"category","embeddable":true,"href":"https:\/\/www.portalalerta.com.br\/index.php\/wp-json\/wp\/v2\/categories?post=46085"},{"taxonomy":"post_tag","embeddable":true,"href":"https:\/\/www.portalalerta.com.br\/index.php\/wp-json\/wp\/v2\/tags?post=46085"}],"curies":[{"name":"wp","href":"https:\/\/api.w.org\/{rel}","templated":true}]}}