{"id":46088,"date":"2022-12-01T22:57:46","date_gmt":"2022-12-02T01:57:46","guid":{"rendered":"https:\/\/www.portalalerta.com.br\/?p=46088"},"modified":"2022-12-01T23:00:17","modified_gmt":"2022-12-02T02:00:17","slug":"mec-volta-atras-e-desbloqueia-os-r-366-milhoes-de-universidades-e-institutos-federais","status":"publish","type":"post","link":"https:\/\/www.portalalerta.com.br\/index.php\/2022\/12\/01\/mec-volta-atras-e-desbloqueia-os-r-366-milhoes-de-universidades-e-institutos-federais\/","title":{"rendered":"MEC volta atr\u00e1s e desbloqueia os R$ 366 milh\u00f5es de universidades e institutos federais"},"content":{"rendered":"\n<p>A Associa\u00e7\u00e3o Nacional dos Dirigentes das Institui\u00e7\u00f5es Federais de Ensino Superior (Andifes) afirmou nesta quinta-feira (1\u00ba) que o Minist\u00e9rio da Educa\u00e7\u00e3o (MEC) desbloqueou os R$ 366 milh\u00f5es do or\u00e7amento das universidades e institutos federais que haviam sido congelados tr\u00eas dias atr\u00e1s.<\/p>\n\n\n\n<!--more-->\n\n\n\n<div class=\"wp-block-image\"><figure class=\"alignleft size-full is-resized\"><img fetchpriority=\"high\" decoding=\"async\" src=\"https:\/\/www.portalalerta.com.br\/wp-content\/uploads\/2021\/04\/ELAB.jpg\" alt=\"\" class=\"wp-image-34795\" width=\"371\" height=\"297\" srcset=\"https:\/\/www.portalalerta.com.br\/wp-content\/uploads\/2021\/04\/ELAB.jpg 1000w, https:\/\/www.portalalerta.com.br\/wp-content\/uploads\/2021\/04\/ELAB-300x240.jpg 300w, https:\/\/www.portalalerta.com.br\/wp-content\/uploads\/2021\/04\/ELAB-768x614.jpg 768w, https:\/\/www.portalalerta.com.br\/wp-content\/uploads\/2021\/04\/ELAB-183x146.jpg 183w, https:\/\/www.portalalerta.com.br\/wp-content\/uploads\/2021\/04\/ELAB-50x40.jpg 50w, https:\/\/www.portalalerta.com.br\/wp-content\/uploads\/2021\/04\/ELAB-94x75.jpg 94w\" sizes=\"(max-width: 371px) 100vw, 371px\" \/><\/figure><\/div>\n\n\n\n<p>A informa\u00e7\u00e3o tamb\u00e9m foi confirmada pelo Conselho Nacional das Institui\u00e7\u00f5es da Rede Federal de Educa\u00e7\u00e3o Profissional, Cient\u00edfica e Tecnol\u00f3gica (Conif).<\/p>\n\n\n\n<p>Essa tinha sido a terceira interfer\u00eancia do governo Bolsonaro na verba do ensino superior neste ano.<\/p>\n\n\n\n<p>O recuo aconteceu ap\u00f3s intensa repercuss\u00e3o negativa. Reitores de universidades federais como de Juiz de Fora (UFJF), de Vi\u00e7osa (UFV) e de Uberl\u00e2ndia (UFU), em Minas Gerais, por exemplo, mencionaram o risco de suspens\u00e3o de atividades acad\u00eamicas e administrativas, al\u00e9m de fechamento de setores e de atraso de pagamento de bolsas a estudantes.<\/p>\n\n\n\n<p><em>Fonte: Metro1<\/em><\/p>\n","protected":false},"excerpt":{"rendered":"<p>A Associa\u00e7\u00e3o Nacional dos Dirigentes das Institui\u00e7\u00f5es Federais de Ensino Superior (Andifes) afirmou nesta quinta-feira (1\u00ba) que o Minist\u00e9rio da Educa\u00e7\u00e3o (MEC) desbloqueou os R$ 366 milh\u00f5es do or\u00e7amento das universidades e institutos federais que haviam sido congelados tr\u00eas dias atr\u00e1s.<\/p>\n","protected":false},"author":2,"featured_media":42081,"comment_status":"open","ping_status":"open","sticky":false,"template":"","format":"standard","meta":{"om_disable_all_campaigns":false,"_monsterinsights_skip_tracking":false,"_monsterinsights_sitenote_active":false,"_monsterinsights_sitenote_note":"","_monsterinsights_sitenote_category":0,"footnotes":""},"categories":[34,70,20,69,21],"tags":[100,71,48,4179,93,75,4178,4180,129,107,4181,132,230,1437,1436,3828,106,203,120,51,109,88,47,111,190],"class_list":["post-46088","post","type-post","status-publish","format-standard","has-post-thumbnail","hentry","category-brasil","category-destaques","category-educacao","category-noticias2","category-politica","tag-adustina","tag-antas","tag-araci","tag-banzae-2","tag-brasil","tag-cicero-dantas","tag-cipo-2","tag-crisopolis-2","tag-euclides-da-cunha","tag-fatima","tag-heliopolis-2","tag-itapicuru","tag-jeremoabo","tag-mec","tag-ministerio-da-educacao","tag-noticias","tag-nova-soure","tag-novo-triunfo","tag-olindina","tag-paripiranga","tag-quijingue","tag-ribeira-do-amparo","tag-ribeira-do-pombal","tag-sitio-do-quinto","tag-tucano"],"aioseo_notices":[],"_links":{"self":[{"href":"https:\/\/www.portalalerta.com.br\/index.php\/wp-json\/wp\/v2\/posts\/46088","targetHints":{"allow":["GET"]}}],"collection":[{"href":"https:\/\/www.portalalerta.com.br\/index.php\/wp-json\/wp\/v2\/posts"}],"about":[{"href":"https:\/\/www.portalalerta.com.br\/index.php\/wp-json\/wp\/v2\/types\/post"}],"author":[{"embeddable":true,"href":"https:\/\/www.portalalerta.com.br\/index.php\/wp-json\/wp\/v2\/users\/2"}],"replies":[{"embeddable":true,"href":"https:\/\/www.portalalerta.com.br\/index.php\/wp-json\/wp\/v2\/comments?post=46088"}],"version-history":[{"count":2,"href":"https:\/\/www.portalalerta.com.br\/index.php\/wp-json\/wp\/v2\/posts\/46088\/revisions"}],"predecessor-version":[{"id":46092,"href":"https:\/\/www.portalalerta.com.br\/index.php\/wp-json\/wp\/v2\/posts\/46088\/revisions\/46092"}],"wp:featuredmedia":[{"embeddable":true,"href":"https:\/\/www.portalalerta.com.br\/index.php\/wp-json\/wp\/v2\/media\/42081"}],"wp:attachment":[{"href":"https:\/\/www.portalalerta.com.br\/index.php\/wp-json\/wp\/v2\/media?parent=46088"}],"wp:term":[{"taxonomy":"category","embeddable":true,"href":"https:\/\/www.portalalerta.com.br\/index.php\/wp-json\/wp\/v2\/categories?post=46088"},{"taxonomy":"post_tag","embeddable":true,"href":"https:\/\/www.portalalerta.com.br\/index.php\/wp-json\/wp\/v2\/tags?post=46088"}],"curies":[{"name":"wp","href":"https:\/\/api.w.org\/{rel}","templated":true}]}}