{"id":46120,"date":"2022-12-05T10:18:19","date_gmt":"2022-12-05T13:18:19","guid":{"rendered":"https:\/\/www.portalalerta.com.br\/?p=46120"},"modified":"2022-12-05T10:18:21","modified_gmt":"2022-12-05T13:18:21","slug":"acoes-da-petrobras-somam-queda-de-3216-desde-a-eleicao-de-lula","status":"publish","type":"post","link":"https:\/\/www.portalalerta.com.br\/index.php\/2022\/12\/05\/acoes-da-petrobras-somam-queda-de-3216-desde-a-eleicao-de-lula\/","title":{"rendered":"A\u00e7\u00f5es da Petrobras somam queda de 32,16% desde a elei\u00e7\u00e3o de Lula"},"content":{"rendered":"\n<p><strong>Incerteza do mercado sobre a condu\u00e7\u00e3o econ\u00f4mica do pr\u00f3ximo governo afasta investidores e desvaloriza a estatal<\/strong><\/p>\n\n\n\n<!--more-->\n\n\n\n<p>As a\u00e7\u00f5es da Petrobras ca\u00edram 32,16% desde a elei\u00e7\u00e3o do ex-presidente Luiz In\u00e1cio Lula da Silva. O pico atingido uma semana antes do pleito foi de R$ 37,72 por a\u00e7\u00e3o preferencial da empresa. No \u00faltimo fechamento, na sexta-feira (2), o papel ficou cotado a R$ 25,91.<\/p>\n\n\n\n<p>A queda acentuada, explica o economista Hugo Garbe, \u00e9 um reflexo do clima de incerteza em rela\u00e7\u00e3o \u00e0s pol\u00edticas econ\u00f4micas do governo que assume em 1\u00ba de janeiro de 2023.<\/p>\n\n\n\n<p><strong><em>\u201cEsse novo governo tem um hist\u00f3rico de corrup\u00e7\u00e3o que fez com que, no auge do esc\u00e2ndalo, a a\u00e7\u00e3o tenha chegado a R$ 5,00. Al\u00e9m disso, tamb\u00e9m traz como uma das pautas taxar os dividendos e, quando o investidor compra, ele visa receber os dividendos\u201d<\/em><\/strong>, argumenta o economista.<\/p>\n\n\n\n<p>O movimento dos investidores, ent\u00e3o, \u00e9 vender as a\u00e7\u00f5es da maior empresa brasileira e comprar outras que prometem mais liquidez e lucro a curto prazo, o que faz com que os pap\u00e9is da petroleira caiam.<\/p>\n\n\n\n<p><strong><em>\u201cO mercado n\u00e3o gosta de incerteza, que \u00e9 o cen\u00e1rio que estamos vivendo neste momento. Ent\u00e3o, \u00e9 natural que os pre\u00e7os tenham baixado tanto, porque h\u00e1 uma perspectiva de piora no m\u00e9dio e longo prazo\u201d,<\/em><\/strong> complementa.<\/p>\n\n\n\n<p>Garbe ressalta que a valoriza\u00e7\u00e3o do mercado \u00e9 importante porque o financiamento da pr\u00f3pria empresa depende do valor e da compra das a\u00e7\u00f5es.<\/p>\n\n\n\n<p>Ent\u00e3o, por exemplo, se a Petrobras precisar arrecadar dinheiro para algum fim do interesse da empresa, ela dever\u00e1 vender mais a\u00e7\u00f5es do que venderia, j\u00e1 que o pre\u00e7o est\u00e1 mais baixo.<br>Dessa forma, quanto menos dinheiro captar, menos investimento conseguir\u00e1 fazer, e, assim, criar\u00e1 menos empregos e menos renda.<\/p>\n\n\n\n<p>Al\u00e9m disso, o mercado tamb\u00e9m \u00e9 composto de pessoas f\u00edsicas que investem o dinheiro e esperam o retorno para seus gastos pessoais, que movimentam a economia interna do pa\u00eds.<\/p>\n\n\n\n<p>Segundo Andr\u00e9 Ribeiro, economista da Wise Investimentos, <strong><em>\u201ccada momento na economia \u00e9 singular, ent\u00e3o \u00e9 dif\u00edcil comparar com outros per\u00edodos p\u00f3s-eleitorais\u201d<\/em><\/strong>.<\/p>\n\n\n\n<p>Ele v\u00ea tamb\u00e9m como <strong><em>&#8220;ruidosa e incerta&#8221;<\/em><\/strong> a transi\u00e7\u00e3o de governo, j\u00e1 que o presidente eleito ainda n\u00e3o deu sinais claros de como pretende atuar na economia.<\/p>\n\n\n\n<p>Por\u00e9m, afirma que, caso o novo governo <strong><em>\u201cn\u00e3o d\u00ea um &#8216;cavalo de pau&#8217; na condu\u00e7\u00e3o da empresa, ela ainda ter\u00e1 muito espa\u00e7o no mercado\u201d<\/em><\/strong>.<\/p>\n\n\n\n<p>Por ser a Petrobras uma empresa de commodities, suas a\u00e7\u00f5es flutuam de acordo com o pre\u00e7o do petr\u00f3leo no mercado internacional, mas, <strong><em>\u201cse vierem medidas pr\u00f3-mercado no futuro pr\u00f3ximo, ela dever\u00e1 ter ainda mais espa\u00e7o\u201d<\/em><\/strong>, conclui Ribeiro.<\/p>\n\n\n\n<p><em>Fonte: R7<\/em><\/p>\n","protected":false},"excerpt":{"rendered":"<p>Incerteza do mercado sobre a condu\u00e7\u00e3o econ\u00f4mica do pr\u00f3ximo governo afasta investidores e desvaloriza a estatal<\/p>\n","protected":false},"author":2,"featured_media":7169,"comment_status":"open","ping_status":"open","sticky":false,"template":"","format":"standard","meta":{"om_disable_all_campaigns":false,"_monsterinsights_skip_tracking":false,"_monsterinsights_sitenote_active":false,"_monsterinsights_sitenote_note":"","_monsterinsights_sitenote_category":0,"footnotes":""},"categories":[34,70,69,21],"tags":[100,71,48,4179,93,75,4178,4180,129,107,4181,132,230,303,3828,106,203,120,51,329,109,88,47,111],"class_list":["post-46120","post","type-post","status-publish","format-standard","has-post-thumbnail","hentry","category-brasil","category-destaques","category-noticias2","category-politica","tag-adustina","tag-antas","tag-araci","tag-banzae-2","tag-brasil","tag-cicero-dantas","tag-cipo-2","tag-crisopolis-2","tag-euclides-da-cunha","tag-fatima","tag-heliopolis-2","tag-itapicuru","tag-jeremoabo","tag-lula","tag-noticias","tag-nova-soure","tag-novo-triunfo","tag-olindina","tag-paripiranga","tag-petrobras","tag-quijingue","tag-ribeira-do-amparo","tag-ribeira-do-pombal","tag-sitio-do-quinto"],"aioseo_notices":[],"_links":{"self":[{"href":"https:\/\/www.portalalerta.com.br\/index.php\/wp-json\/wp\/v2\/posts\/46120","targetHints":{"allow":["GET"]}}],"collection":[{"href":"https:\/\/www.portalalerta.com.br\/index.php\/wp-json\/wp\/v2\/posts"}],"about":[{"href":"https:\/\/www.portalalerta.com.br\/index.php\/wp-json\/wp\/v2\/types\/post"}],"author":[{"embeddable":true,"href":"https:\/\/www.portalalerta.com.br\/index.php\/wp-json\/wp\/v2\/users\/2"}],"replies":[{"embeddable":true,"href":"https:\/\/www.portalalerta.com.br\/index.php\/wp-json\/wp\/v2\/comments?post=46120"}],"version-history":[{"count":1,"href":"https:\/\/www.portalalerta.com.br\/index.php\/wp-json\/wp\/v2\/posts\/46120\/revisions"}],"predecessor-version":[{"id":46121,"href":"https:\/\/www.portalalerta.com.br\/index.php\/wp-json\/wp\/v2\/posts\/46120\/revisions\/46121"}],"wp:featuredmedia":[{"embeddable":true,"href":"https:\/\/www.portalalerta.com.br\/index.php\/wp-json\/wp\/v2\/media\/7169"}],"wp:attachment":[{"href":"https:\/\/www.portalalerta.com.br\/index.php\/wp-json\/wp\/v2\/media?parent=46120"}],"wp:term":[{"taxonomy":"category","embeddable":true,"href":"https:\/\/www.portalalerta.com.br\/index.php\/wp-json\/wp\/v2\/categories?post=46120"},{"taxonomy":"post_tag","embeddable":true,"href":"https:\/\/www.portalalerta.com.br\/index.php\/wp-json\/wp\/v2\/tags?post=46120"}],"curies":[{"name":"wp","href":"https:\/\/api.w.org\/{rel}","templated":true}]}}