{"id":46122,"date":"2022-12-05T10:41:52","date_gmt":"2022-12-05T13:41:52","guid":{"rendered":"https:\/\/www.portalalerta.com.br\/?p=46122"},"modified":"2022-12-05T10:41:54","modified_gmt":"2022-12-05T13:41:54","slug":"prefeito-de-nova-soure-ba-afirma-que-recorrera-da-decisao-do-tcm-que-desconsiderou-parcelamento-de-divida-em-analise-das-contas-2020","status":"publish","type":"post","link":"https:\/\/www.portalalerta.com.br\/index.php\/2022\/12\/05\/prefeito-de-nova-soure-ba-afirma-que-recorrera-da-decisao-do-tcm-que-desconsiderou-parcelamento-de-divida-em-analise-das-contas-2020\/","title":{"rendered":"Prefeito de Nova Soure-BA afirma que recorrer\u00e1 da decis\u00e3o do TCM, que desconsiderou parcelamento de d\u00edvida em an\u00e1lise das contas 2020"},"content":{"rendered":"\n<p>O prefeito de Nova Soure-BA, L\u00fais C\u00e1ssio (Cassinho), afirmou ao PORTAL ALERTA, que ir\u00e1 recorrer da decis\u00e3o do Tribunal de Contas dos Munic\u00edpios (TCM), que rejeitou na \u00faltima ter\u00e7a-feira (29) as Contas da prefeitura em quest\u00e3o, ano 2020. <strong><a href=\"https:\/\/www.portalalerta.com.br\/index.php\/2022\/11\/30\/contas-2020-de-nova-soure-ba-sao-rejeitadas-pelo-tcm\/\">Relembre<\/a><\/strong><\/p>\n\n\n\n<!--more-->\n\n\n\n<div class=\"wp-block-image\"><figure class=\"alignleft size-full is-resized\"><img fetchpriority=\"high\" decoding=\"async\" src=\"https:\/\/www.portalalerta.com.br\/wp-content\/uploads\/2021\/04\/ELAB.jpg\" alt=\"\" class=\"wp-image-34795\" width=\"415\" height=\"331\" srcset=\"https:\/\/www.portalalerta.com.br\/wp-content\/uploads\/2021\/04\/ELAB.jpg 1000w, https:\/\/www.portalalerta.com.br\/wp-content\/uploads\/2021\/04\/ELAB-300x240.jpg 300w, https:\/\/www.portalalerta.com.br\/wp-content\/uploads\/2021\/04\/ELAB-768x614.jpg 768w, https:\/\/www.portalalerta.com.br\/wp-content\/uploads\/2021\/04\/ELAB-183x146.jpg 183w, https:\/\/www.portalalerta.com.br\/wp-content\/uploads\/2021\/04\/ELAB-50x40.jpg 50w, https:\/\/www.portalalerta.com.br\/wp-content\/uploads\/2021\/04\/ELAB-94x75.jpg 94w\" sizes=\"(max-width: 415px) 100vw, 415px\" \/><\/figure><\/div>\n\n\n\n<p>De acordo com Cassinho, a decis\u00e3o do Tribunal tomou por base o Artigo 42 da Lei de Responsabilidade Fiscal, que trata dos Restos a Pagar. Na ocasi\u00e3o, o Tribunal entendeu que o munic\u00edpio deixou em caixa R$ 5 milh\u00f5es, tendo uma d\u00edvida de R$ 13 milh\u00f5es, e por conta disso rejeitou as referidas contas.<\/p>\n\n\n\n<p>Por outro lado, Cassinho afirma que o d\u00e9bito em tela, de fato existe junto ao INSS, por\u00e9m foi parcelado, devendo o parcelamento ser considerado pelo tribunal, e consequentemente n\u00e3o podendo ser raz\u00e3o para a rejei\u00e7\u00e3o das contas.<\/p>\n\n\n\n<p>O gestor novasourense, portanto, afirmou que estar\u00e1 recorrendo da decis\u00e3o. Ap\u00f3s an\u00e1lise do recurso, o Tribunal dever\u00e1 enviar o resultado para a C\u00e2mara de Vereadores da cidade, recomendando pela aprova\u00e7\u00e3o ou rejei\u00e7\u00e3o.<\/p>\n\n\n\n<p><em>Reda\u00e7\u00e3o: Portal Alerta<\/em><\/p>\n","protected":false},"excerpt":{"rendered":"<p>O prefeito de Nova Soure-BA, L\u00fais C\u00e1ssio (Cassinho), afirmou ao PORTAL ALERTA, que ir\u00e1 recorrer da decis\u00e3o do Tribunal de Contas dos Munic\u00edpios (TCM), que rejeitou na \u00faltima ter\u00e7a-feira (29) as Contas da prefeitura em quest\u00e3o, ano 2020. Relembre<\/p>\n","protected":false},"author":2,"featured_media":33398,"comment_status":"open","ping_status":"open","sticky":false,"template":"","format":"standard","meta":{"om_disable_all_campaigns":false,"_monsterinsights_skip_tracking":false,"_monsterinsights_sitenote_active":false,"_monsterinsights_sitenote_note":"","_monsterinsights_sitenote_category":0,"footnotes":""},"categories":[70,69,14,21,32],"tags":[100,71,48,4179,716,75,4178,1066,4180,129,107,4181,132,230,3828,106,203,120,51,198,109,941,88,47,111],"class_list":["post-46122","post","type-post","status-publish","format-standard","has-post-thumbnail","hentry","category-destaques","category-noticias2","category-nova-soure","category-politica","category-regiao","tag-adustina","tag-antas","tag-araci","tag-banzae-2","tag-cassinho","tag-cicero-dantas","tag-cipo-2","tag-contas-rejeitadas","tag-crisopolis-2","tag-euclides-da-cunha","tag-fatima","tag-heliopolis-2","tag-itapicuru","tag-jeremoabo","tag-noticias","tag-nova-soure","tag-novo-triunfo","tag-olindina","tag-paripiranga","tag-prefeito","tag-quijingue","tag-recurso","tag-ribeira-do-amparo","tag-ribeira-do-pombal","tag-sitio-do-quinto"],"aioseo_notices":[],"_links":{"self":[{"href":"https:\/\/www.portalalerta.com.br\/index.php\/wp-json\/wp\/v2\/posts\/46122","targetHints":{"allow":["GET"]}}],"collection":[{"href":"https:\/\/www.portalalerta.com.br\/index.php\/wp-json\/wp\/v2\/posts"}],"about":[{"href":"https:\/\/www.portalalerta.com.br\/index.php\/wp-json\/wp\/v2\/types\/post"}],"author":[{"embeddable":true,"href":"https:\/\/www.portalalerta.com.br\/index.php\/wp-json\/wp\/v2\/users\/2"}],"replies":[{"embeddable":true,"href":"https:\/\/www.portalalerta.com.br\/index.php\/wp-json\/wp\/v2\/comments?post=46122"}],"version-history":[{"count":1,"href":"https:\/\/www.portalalerta.com.br\/index.php\/wp-json\/wp\/v2\/posts\/46122\/revisions"}],"predecessor-version":[{"id":46123,"href":"https:\/\/www.portalalerta.com.br\/index.php\/wp-json\/wp\/v2\/posts\/46122\/revisions\/46123"}],"wp:featuredmedia":[{"embeddable":true,"href":"https:\/\/www.portalalerta.com.br\/index.php\/wp-json\/wp\/v2\/media\/33398"}],"wp:attachment":[{"href":"https:\/\/www.portalalerta.com.br\/index.php\/wp-json\/wp\/v2\/media?parent=46122"}],"wp:term":[{"taxonomy":"category","embeddable":true,"href":"https:\/\/www.portalalerta.com.br\/index.php\/wp-json\/wp\/v2\/categories?post=46122"},{"taxonomy":"post_tag","embeddable":true,"href":"https:\/\/www.portalalerta.com.br\/index.php\/wp-json\/wp\/v2\/tags?post=46122"}],"curies":[{"name":"wp","href":"https:\/\/api.w.org\/{rel}","templated":true}]}}