{"id":46124,"date":"2022-12-05T10:45:18","date_gmt":"2022-12-05T13:45:18","guid":{"rendered":"https:\/\/www.portalalerta.com.br\/?p=46124"},"modified":"2022-12-05T10:45:19","modified_gmt":"2022-12-05T13:45:19","slug":"sem-aviso-previo-oficial-viagem-de-lula-aos-eua-deve-criar-saia-justa-com-embaixada","status":"publish","type":"post","link":"https:\/\/www.portalalerta.com.br\/index.php\/2022\/12\/05\/sem-aviso-previo-oficial-viagem-de-lula-aos-eua-deve-criar-saia-justa-com-embaixada\/","title":{"rendered":"Sem aviso pr\u00e9vio oficial, viagem de Lula aos EUA deve criar saia-justa com embaixada"},"content":{"rendered":"\n<p>Equipe do petista n\u00e3o teria acionado Itamaraty sobre visita a Joe Biden, deixando embaixador bolsonarista de escanteio<\/p>\n\n\n\n<!--more-->\n\n\n\n<div class=\"wp-block-image\"><figure class=\"alignleft size-full is-resized\"><img fetchpriority=\"high\" decoding=\"async\" src=\"https:\/\/www.portalalerta.com.br\/wp-content\/uploads\/2022\/11\/auto-escola-copa-do-mundo.jpeg\" alt=\"\" class=\"wp-image-45949\" width=\"398\" height=\"400\" srcset=\"https:\/\/www.portalalerta.com.br\/wp-content\/uploads\/2022\/11\/auto-escola-copa-do-mundo.jpeg 639w, https:\/\/www.portalalerta.com.br\/wp-content\/uploads\/2022\/11\/auto-escola-copa-do-mundo-239x240.jpeg 239w\" sizes=\"(max-width: 398px) 100vw, 398px\" \/><\/figure><\/div>\n\n\n\n<p>A poss\u00edvel viagem do presidente eleito Luiz In\u00e1cio Lula da Silva (PT) aos Estados Unidos para se encontrar com o l\u00edder americano, o democrata Joe Biden, ainda neste m\u00eas de dezembro, antes de assumir o cargo, deve criar uma saia-justa na representa\u00e7\u00e3o diplom\u00e1tica brasileira no pa\u00eds. A informa\u00e7\u00e3o \u00e9 da Folha de S. Paulo.<\/p>\n\n\n\n<p>Segundo o jornal, a&nbsp;equipe do petista n\u00e3o acionou o Itamaraty sobre a viagem, e Lula pode visitar a capital dos Estados Unidos sem uma recep\u00e7\u00e3o oficial organizada pela embaixada do Brasil em Washington, comandada por Nestor Forster, muito identificado com o atual presidente, Jair Bolsonaro (PL).<\/p>\n\n\n\n<p>O presidente eleito j\u00e1 disse que a ideia \u00e9 que a viagem, que serviria como mais uma prova de legitimidade internacional da vit\u00f3ria contestada por Bolsonaro e pelo PL, ocorra ap\u00f3s a diploma\u00e7\u00e3o, no pr\u00f3ximo dia 12.<\/p>\n\n\n\n<p><em>Fonte: Metro1<\/em><\/p>\n","protected":false},"excerpt":{"rendered":"<p>Equipe do petista n\u00e3o teria acionado Itamaraty sobre visita a Joe Biden, deixando embaixador bolsonarista de escanteio<\/p>\n","protected":false},"author":2,"featured_media":45730,"comment_status":"open","ping_status":"open","sticky":false,"template":"","format":"standard","meta":{"om_disable_all_campaigns":false,"_monsterinsights_skip_tracking":false,"_monsterinsights_sitenote_active":false,"_monsterinsights_sitenote_note":"","_monsterinsights_sitenote_category":0,"footnotes":""},"categories":[34,70,35,69,21],"tags":[100,71,48,4179,93,75,4178,4180,327,129,107,4181,132,230,303,339,3828,106,203,120,51,109,88,47,111,190],"class_list":["post-46124","post","type-post","status-publish","format-standard","has-post-thumbnail","hentry","category-brasil","category-destaques","category-mundo","category-noticias2","category-politica","tag-adustina","tag-antas","tag-araci","tag-banzae-2","tag-brasil","tag-cicero-dantas","tag-cipo-2","tag-crisopolis-2","tag-eua","tag-euclides-da-cunha","tag-fatima","tag-heliopolis-2","tag-itapicuru","tag-jeremoabo","tag-lula","tag-mundo","tag-noticias","tag-nova-soure","tag-novo-triunfo","tag-olindina","tag-paripiranga","tag-quijingue","tag-ribeira-do-amparo","tag-ribeira-do-pombal","tag-sitio-do-quinto","tag-tucano"],"aioseo_notices":[],"_links":{"self":[{"href":"https:\/\/www.portalalerta.com.br\/index.php\/wp-json\/wp\/v2\/posts\/46124","targetHints":{"allow":["GET"]}}],"collection":[{"href":"https:\/\/www.portalalerta.com.br\/index.php\/wp-json\/wp\/v2\/posts"}],"about":[{"href":"https:\/\/www.portalalerta.com.br\/index.php\/wp-json\/wp\/v2\/types\/post"}],"author":[{"embeddable":true,"href":"https:\/\/www.portalalerta.com.br\/index.php\/wp-json\/wp\/v2\/users\/2"}],"replies":[{"embeddable":true,"href":"https:\/\/www.portalalerta.com.br\/index.php\/wp-json\/wp\/v2\/comments?post=46124"}],"version-history":[{"count":1,"href":"https:\/\/www.portalalerta.com.br\/index.php\/wp-json\/wp\/v2\/posts\/46124\/revisions"}],"predecessor-version":[{"id":46125,"href":"https:\/\/www.portalalerta.com.br\/index.php\/wp-json\/wp\/v2\/posts\/46124\/revisions\/46125"}],"wp:featuredmedia":[{"embeddable":true,"href":"https:\/\/www.portalalerta.com.br\/index.php\/wp-json\/wp\/v2\/media\/45730"}],"wp:attachment":[{"href":"https:\/\/www.portalalerta.com.br\/index.php\/wp-json\/wp\/v2\/media?parent=46124"}],"wp:term":[{"taxonomy":"category","embeddable":true,"href":"https:\/\/www.portalalerta.com.br\/index.php\/wp-json\/wp\/v2\/categories?post=46124"},{"taxonomy":"post_tag","embeddable":true,"href":"https:\/\/www.portalalerta.com.br\/index.php\/wp-json\/wp\/v2\/tags?post=46124"}],"curies":[{"name":"wp","href":"https:\/\/api.w.org\/{rel}","templated":true}]}}