{"id":46134,"date":"2022-12-05T23:01:20","date_gmt":"2022-12-06T02:01:20","guid":{"rendered":"https:\/\/www.portalalerta.com.br\/?p=46134"},"modified":"2022-12-05T23:01:22","modified_gmt":"2022-12-06T02:01:22","slug":"jovem-tem-rosto-cortado-em-viagem-de-onibus-violencia-foi-gratuita","status":"publish","type":"post","link":"https:\/\/www.portalalerta.com.br\/index.php\/2022\/12\/05\/jovem-tem-rosto-cortado-em-viagem-de-onibus-violencia-foi-gratuita\/","title":{"rendered":"Jovem tem rosto cortado em viagem de \u00f4nibus: &#8216;Viol\u00eancia foi gratuita&#8217;"},"content":{"rendered":"\n<p>No in\u00edcio da \u00faltima semana, a estudante de enfermagem Stefani Firmino, que mora em Itabuna, na Bahia, teve o rosto cortado, de orelha \u00e0 base do l\u00e1bio inferior, enquanto dormia em um \u00f4nibus de viagem da companhia Viaje Guanabara.<\/p>\n\n\n\n<!--more-->\n\n\n\n<p>O epis\u00f3dio aconteceu dentro de um \u00f4nibus interestadual que fazia a linha Recife-Salvador \u2014o embarque em Recife aconteceu \u00e0s 18h15, com previs\u00e3o de chegada \u00e0s 7h40 em Salvador.<\/p>\n\n\n\n<p>De acordo com a jovem de 23 anos, ela acordou por volta das 5h com <strong><em>&#8220;uma dor muito forte&#8221;<\/em><\/strong> no rosto.<\/p>\n\n\n\n<p><strong><em>&#8220;Ao passar a m\u00e3o, verifiquei que estava coberta de sangue. Algu\u00e9m havia me cortado violentamente no rosto&#8221;<\/em><\/strong>, falou.<\/p>\n\n\n\n<div class=\"wp-block-image\"><figure class=\"alignleft size-full is-resized\"><img fetchpriority=\"high\" decoding=\"async\" src=\"https:\/\/www.portalalerta.com.br\/wp-content\/uploads\/2022\/11\/auto-escola-copa-do-mundo.jpeg\" alt=\"\" class=\"wp-image-45949\" width=\"411\" height=\"413\" srcset=\"https:\/\/www.portalalerta.com.br\/wp-content\/uploads\/2022\/11\/auto-escola-copa-do-mundo.jpeg 639w, https:\/\/www.portalalerta.com.br\/wp-content\/uploads\/2022\/11\/auto-escola-copa-do-mundo-239x240.jpeg 239w\" sizes=\"(max-width: 411px) 100vw, 411px\" \/><\/figure><\/div>\n\n\n\n<p>Al\u00e9m disso, informou o portal UOL, ela afirmou que n\u00e3o houve nenhuma discuss\u00e3o antes do ocorrido.<\/p>\n\n\n\n<p><strong><em>&#8220;A viol\u00eancia comigo foi gratuita. N\u00e3o houve nenhuma discuss\u00e3o ou algo relacionado. Pelo contr\u00e1rio, sequer falei com qualquer outra pessoa, que n\u00e3o a minha amiga, durante toda a viagem&#8221;<\/em><\/strong>, comentou.<\/p>\n\n\n\n<p>Ao perceber que estava gravemente ferida, a jovem foi at\u00e9 a poltrona de uma amiga que estava no \u00f4nibus, e recebeu ajuda com os primeiros socorros.<\/p>\n\n\n\n<p>As duas foram para a delegacia de Pol\u00edcia de Conde, na Bahia. Alguns passageiros foram ouvidos pela pol\u00edcia, que entrou uma faca com a pessoa que estava atr\u00e1s de Stefani.<\/p>\n\n\n\n<p>Contudo, a pessoa foi liberada depois, pois, segundo os agentes, n\u00e3o havia elementos suficientes para decretar a pris\u00e3o.<\/p>\n\n\n\n<p>Em nota, a Pol\u00edcia Civil afirmou que a faca encontrada foi encaminhada \u00e0 per\u00edcia para saber se foi utilizada na a\u00e7\u00e3o. S\u00f3 assim a mulher poder\u00e1 ser indiciada por les\u00e3o corporal.<\/p>\n\n\n\n<p>Nas redes sociais, a estudante de enfermagem pediu que as autoridades continuem investigando o que ocorreu, e que a empresa de \u00f4nibus colabore, disponibilizando as imagens da c\u00e2mera de seguran\u00e7a do \u00f4nibus da frota.<\/p>\n\n\n\n<p><strong><em>&#8220;Estou completamente assustada e abalada. N\u00e3o sei se a inten\u00e7\u00e3o da pessoa era me cortar gravemente ou me matar, mas o fato \u00e9 que j\u00e1 n\u00e3o podemos nem mesmo viajar em seguran\u00e7a. N\u00e3o estamos seguros em nenhum lugar. Provavelmente ficarei com uma lembran\u00e7a eterna no rosto, que me far\u00e1 relembrar esse terr\u00edvel momento in\u00fameras vezes&#8221;<\/em><\/strong>, disse Stefani.<\/p>\n\n\n\n<p><em>Fonte: Yahoo Not\u00edcias<\/em><\/p>\n","protected":false},"excerpt":{"rendered":"<p>No in\u00edcio da \u00faltima semana, a estudante de enfermagem Stefani Firmino, que mora em Itabuna, na Bahia, teve o rosto cortado, de orelha \u00e0 base do l\u00e1bio inferior, enquanto dormia em um \u00f4nibus de viagem da companhia Viaje Guanabara.<\/p>\n","protected":false},"author":2,"featured_media":46135,"comment_status":"open","ping_status":"open","sticky":false,"template":"","format":"standard","meta":{"om_disable_all_campaigns":false,"_monsterinsights_skip_tracking":false,"_monsterinsights_sitenote_active":false,"_monsterinsights_sitenote_note":"","_monsterinsights_sitenote_category":0,"footnotes":""},"categories":[33,34,70,69,22],"tags":[100,71,48,54,4179,93,75,4178,4180,129,107,4181,132,230,322,3828,106,203,120,922,51,109,88,47,111],"class_list":["post-46134","post","type-post","status-publish","format-standard","has-post-thumbnail","hentry","category-bahia","category-brasil","category-destaques","category-noticias2","category-seguranca","tag-adustina","tag-antas","tag-araci","tag-bahia","tag-banzae-2","tag-brasil","tag-cicero-dantas","tag-cipo-2","tag-crisopolis-2","tag-euclides-da-cunha","tag-fatima","tag-heliopolis-2","tag-itapicuru","tag-jeremoabo","tag-lesao-corporal","tag-noticias","tag-nova-soure","tag-novo-triunfo","tag-olindina","tag-onibus","tag-paripiranga","tag-quijingue","tag-ribeira-do-amparo","tag-ribeira-do-pombal","tag-sitio-do-quinto"],"aioseo_notices":[],"_links":{"self":[{"href":"https:\/\/www.portalalerta.com.br\/index.php\/wp-json\/wp\/v2\/posts\/46134","targetHints":{"allow":["GET"]}}],"collection":[{"href":"https:\/\/www.portalalerta.com.br\/index.php\/wp-json\/wp\/v2\/posts"}],"about":[{"href":"https:\/\/www.portalalerta.com.br\/index.php\/wp-json\/wp\/v2\/types\/post"}],"author":[{"embeddable":true,"href":"https:\/\/www.portalalerta.com.br\/index.php\/wp-json\/wp\/v2\/users\/2"}],"replies":[{"embeddable":true,"href":"https:\/\/www.portalalerta.com.br\/index.php\/wp-json\/wp\/v2\/comments?post=46134"}],"version-history":[{"count":1,"href":"https:\/\/www.portalalerta.com.br\/index.php\/wp-json\/wp\/v2\/posts\/46134\/revisions"}],"predecessor-version":[{"id":46136,"href":"https:\/\/www.portalalerta.com.br\/index.php\/wp-json\/wp\/v2\/posts\/46134\/revisions\/46136"}],"wp:featuredmedia":[{"embeddable":true,"href":"https:\/\/www.portalalerta.com.br\/index.php\/wp-json\/wp\/v2\/media\/46135"}],"wp:attachment":[{"href":"https:\/\/www.portalalerta.com.br\/index.php\/wp-json\/wp\/v2\/media?parent=46134"}],"wp:term":[{"taxonomy":"category","embeddable":true,"href":"https:\/\/www.portalalerta.com.br\/index.php\/wp-json\/wp\/v2\/categories?post=46134"},{"taxonomy":"post_tag","embeddable":true,"href":"https:\/\/www.portalalerta.com.br\/index.php\/wp-json\/wp\/v2\/tags?post=46134"}],"curies":[{"name":"wp","href":"https:\/\/api.w.org\/{rel}","templated":true}]}}