{"id":46282,"date":"2022-12-14T09:28:10","date_gmt":"2022-12-14T12:28:10","guid":{"rendered":"https:\/\/www.portalalerta.com.br\/?p=46282"},"modified":"2022-12-14T09:28:12","modified_gmt":"2022-12-14T12:28:12","slug":"jogador-do-ira-e-condenado-a-morte-por-protestar-a-favor-das-mulheres-no-pais","status":"publish","type":"post","link":"https:\/\/www.portalalerta.com.br\/index.php\/2022\/12\/14\/jogador-do-ira-e-condenado-a-morte-por-protestar-a-favor-das-mulheres-no-pais\/","title":{"rendered":"Jogador do Ir\u00e3 \u00e9 condenado \u00e0 morte por protestar a favor das mulheres no pa\u00eds"},"content":{"rendered":"\n<p>Federa\u00e7\u00e3o Internacional dos Jogadores Profissionais de Futebol pediu a &#8220;remo\u00e7\u00e3o imediata da puni\u00e7\u00e3o&#8221; do jogador<\/p>\n\n\n\n<!--more-->\n\n\n\n<p>O jogador iraniano Amir Nasr-Azadani, 26 anos, foi condenado \u00e0 morte nesta segunda-feira (12) ap\u00f3s participar de manifesta\u00e7\u00f5es pelos direitos das mulheres no pa\u00eds. Ele \u00e9 acusado, juntamente com outros oito homens, pela morte de tr\u00eas policiais durante os protestos que ocorrem no Ir\u00e3.<\/p>\n\n\n\n<div class=\"wp-block-image\"><figure class=\"alignleft size-full is-resized\"><img fetchpriority=\"high\" decoding=\"async\" src=\"https:\/\/www.portalalerta.com.br\/wp-content\/uploads\/2021\/04\/ELAB.jpg\" alt=\"\" class=\"wp-image-34795\" width=\"381\" height=\"304\" srcset=\"https:\/\/www.portalalerta.com.br\/wp-content\/uploads\/2021\/04\/ELAB.jpg 1000w, https:\/\/www.portalalerta.com.br\/wp-content\/uploads\/2021\/04\/ELAB-300x240.jpg 300w, https:\/\/www.portalalerta.com.br\/wp-content\/uploads\/2021\/04\/ELAB-768x614.jpg 768w, https:\/\/www.portalalerta.com.br\/wp-content\/uploads\/2021\/04\/ELAB-183x146.jpg 183w, https:\/\/www.portalalerta.com.br\/wp-content\/uploads\/2021\/04\/ELAB-50x40.jpg 50w, https:\/\/www.portalalerta.com.br\/wp-content\/uploads\/2021\/04\/ELAB-94x75.jpg 94w\" sizes=\"(max-width: 381px) 100vw, 381px\" \/><\/figure><\/div>\n\n\n\n<p>Ele tamb\u00e9m \u00e9 acusado de trai\u00e7\u00e3o pelas autoridades iranianas, que alegam que o atleta faz parte de um &#8220;grupo armado e organizado que tem a inten\u00e7\u00e3o de atacar a Rep\u00fablica Isl\u00e2mica do Ir\u00e3&#8221;. Azadani est\u00e1 preso desde 27 de novembro, dois dias ap\u00f3s a morte dos policiais.<\/p>\n\n\n\n<p>A Federa\u00e7\u00e3o Internacional dos Jogadores Profissionais de Futebol (FIFPro) se manifestou nas redes sociais dizendo estar <strong><em>&#8220;chocada e enojada com relatos de que o jogador de futebol profissional Amir Nasr-Azadani pode ser executado no Ir\u00e3 depois de fazer campanha pelos direitos das mulheres e pela liberdade b\u00e1sica em seu pa\u00eds&#8221;<\/em><\/strong> e pedindo a <strong><em>&#8220;remo\u00e7\u00e3o imediata de sua puni\u00e7\u00e3o&#8221;<\/em><\/strong>.<\/p>\n\n\n\n<p><em>Fonte: Metro1<\/em><\/p>\n","protected":false},"excerpt":{"rendered":"<p>Federa\u00e7\u00e3o Internacional dos Jogadores Profissionais de Futebol pediu a &#8220;remo\u00e7\u00e3o imediata da puni\u00e7\u00e3o&#8221; do jogador<\/p>\n","protected":false},"author":2,"featured_media":46283,"comment_status":"open","ping_status":"open","sticky":false,"template":"","format":"standard","meta":{"om_disable_all_campaigns":false,"_monsterinsights_skip_tracking":false,"_monsterinsights_sitenote_active":false,"_monsterinsights_sitenote_note":"","_monsterinsights_sitenote_category":0,"footnotes":""},"categories":[70,2,35,69,22],"tags":[100,71,48,495,4179,75,4178,316,4180,129,107,97,4181,609,132,230,4790,169,339,3828,106,203,120,51,109,88,47,111],"class_list":["post-46282","post","type-post","status-publish","format-standard","has-post-thumbnail","hentry","category-destaques","category-esportes","category-mundo","category-noticias2","category-seguranca","tag-adustina","tag-antas","tag-araci","tag-atleta","tag-banzae-2","tag-cicero-dantas","tag-cipo-2","tag-condenacao","tag-crisopolis-2","tag-euclides-da-cunha","tag-fatima","tag-futebol","tag-heliopolis-2","tag-ira","tag-itapicuru","tag-jeremoabo","tag-jogador","tag-morte","tag-mundo","tag-noticias","tag-nova-soure","tag-novo-triunfo","tag-olindina","tag-paripiranga","tag-quijingue","tag-ribeira-do-amparo","tag-ribeira-do-pombal","tag-sitio-do-quinto"],"aioseo_notices":[],"_links":{"self":[{"href":"https:\/\/www.portalalerta.com.br\/index.php\/wp-json\/wp\/v2\/posts\/46282","targetHints":{"allow":["GET"]}}],"collection":[{"href":"https:\/\/www.portalalerta.com.br\/index.php\/wp-json\/wp\/v2\/posts"}],"about":[{"href":"https:\/\/www.portalalerta.com.br\/index.php\/wp-json\/wp\/v2\/types\/post"}],"author":[{"embeddable":true,"href":"https:\/\/www.portalalerta.com.br\/index.php\/wp-json\/wp\/v2\/users\/2"}],"replies":[{"embeddable":true,"href":"https:\/\/www.portalalerta.com.br\/index.php\/wp-json\/wp\/v2\/comments?post=46282"}],"version-history":[{"count":1,"href":"https:\/\/www.portalalerta.com.br\/index.php\/wp-json\/wp\/v2\/posts\/46282\/revisions"}],"predecessor-version":[{"id":46284,"href":"https:\/\/www.portalalerta.com.br\/index.php\/wp-json\/wp\/v2\/posts\/46282\/revisions\/46284"}],"wp:featuredmedia":[{"embeddable":true,"href":"https:\/\/www.portalalerta.com.br\/index.php\/wp-json\/wp\/v2\/media\/46283"}],"wp:attachment":[{"href":"https:\/\/www.portalalerta.com.br\/index.php\/wp-json\/wp\/v2\/media?parent=46282"}],"wp:term":[{"taxonomy":"category","embeddable":true,"href":"https:\/\/www.portalalerta.com.br\/index.php\/wp-json\/wp\/v2\/categories?post=46282"},{"taxonomy":"post_tag","embeddable":true,"href":"https:\/\/www.portalalerta.com.br\/index.php\/wp-json\/wp\/v2\/tags?post=46282"}],"curies":[{"name":"wp","href":"https:\/\/api.w.org\/{rel}","templated":true}]}}