{"id":46285,"date":"2022-12-14T09:44:24","date_gmt":"2022-12-14T12:44:24","guid":{"rendered":"https:\/\/www.portalalerta.com.br\/?p=46285"},"modified":"2022-12-14T09:44:25","modified_gmt":"2022-12-14T12:44:25","slug":"lancada-chapa-da-situacao-para-a-eleicao-da-mesa-diretora-da-camara-de-banzae-ba","status":"publish","type":"post","link":"https:\/\/www.portalalerta.com.br\/index.php\/2022\/12\/14\/lancada-chapa-da-situacao-para-a-eleicao-da-mesa-diretora-da-camara-de-banzae-ba\/","title":{"rendered":"Lan\u00e7ada chapa da situa\u00e7\u00e3o para a elei\u00e7\u00e3o da Mesa Diretora da C\u00e2mara de Banza\u00ea-BA"},"content":{"rendered":"\n<p>Na \u00faltima segunda-feira (12), foi registrada uma segunda chapa para a elei\u00e7\u00e3o da Mesa Diretora da C\u00e2mara de Banza\u00ea-BA, bi\u00eanio 2023\/2024.<\/p>\n\n\n\n<!--more-->\n\n\n\n<div class=\"wp-block-image\"><figure class=\"aligncenter size-large\"><img decoding=\"async\" src=\"https:\/\/www.portalalerta.com.br\/wp-content\/uploads\/2022\/12\/Real-Calcados-Natal-2022-1024x171.jpg\" alt=\"\" class=\"wp-image-46202\"\/><\/figure><\/div>\n\n\n\n<p>A composi\u00e7\u00e3o da chapa foi formada por: <strong>Fernandes Campo do Brito, Presidente; Jo\u00e3o Souza, Vice-Presidente; Didi da Mirandela, 1\u00ba Secret\u00e1rio; Gilson do Camamu, 2\u00ba Secret\u00e1rio<\/strong>.<\/p>\n\n\n\n<p>A elei\u00e7\u00e3o acontece no dia 26 de dezembro 2022, e possivelmente a presid\u00eancia ser\u00e1 disputada entre Fernandes e Roger Enfermeiro, <strong><a href=\"https:\/\/www.portalalerta.com.br\/index.php\/2022\/12\/13\/acusado-de-estupro-de-vulneravel-vereador-roger-enfermeiro-se-lanca-candidato-a-presidencia-da-camara-de-banzae-ba\/\">que j\u00e1 havia se lan\u00e7ado como candidato<\/a><\/strong>.<\/p>\n\n\n\n<p><em>Fonte: Joilson Costa<\/em><\/p>\n","protected":false},"excerpt":{"rendered":"<p>Na \u00faltima segunda-feira (12), foi registrada uma segunda chapa para a elei\u00e7\u00e3o da Mesa Diretora da C\u00e2mara de Banza\u00ea-BA, bi\u00eanio 2023\/2024.<\/p>\n","protected":false},"author":2,"featured_media":46286,"comment_status":"open","ping_status":"open","sticky":false,"template":"","format":"standard","meta":{"om_disable_all_campaigns":false,"_monsterinsights_skip_tracking":false,"_monsterinsights_sitenote_active":false,"_monsterinsights_sitenote_note":"","_monsterinsights_sitenote_category":0,"footnotes":""},"categories":[39,70,69,21,32],"tags":[100,71,48,49,4179,211,75,4178,4180,1808,129,107,4181,132,230,3828,106,203,120,51,199,1454,109,88,47,111,190],"class_list":["post-46285","post","type-post","status-publish","format-standard","has-post-thumbnail","hentry","category-banzae","category-destaques","category-noticias2","category-politica","category-regiao","tag-adustina","tag-antas","tag-araci","tag-banzae","tag-banzae-2","tag-camara-de-vereadores","tag-cicero-dantas","tag-cipo-2","tag-crisopolis-2","tag-eleicao","tag-euclides-da-cunha","tag-fatima","tag-heliopolis-2","tag-itapicuru","tag-jeremoabo","tag-noticias","tag-nova-soure","tag-novo-triunfo","tag-olindina","tag-paripiranga","tag-politica","tag-presidente-da-camara","tag-quijingue","tag-ribeira-do-amparo","tag-ribeira-do-pombal","tag-sitio-do-quinto","tag-tucano"],"aioseo_notices":[],"_links":{"self":[{"href":"https:\/\/www.portalalerta.com.br\/index.php\/wp-json\/wp\/v2\/posts\/46285","targetHints":{"allow":["GET"]}}],"collection":[{"href":"https:\/\/www.portalalerta.com.br\/index.php\/wp-json\/wp\/v2\/posts"}],"about":[{"href":"https:\/\/www.portalalerta.com.br\/index.php\/wp-json\/wp\/v2\/types\/post"}],"author":[{"embeddable":true,"href":"https:\/\/www.portalalerta.com.br\/index.php\/wp-json\/wp\/v2\/users\/2"}],"replies":[{"embeddable":true,"href":"https:\/\/www.portalalerta.com.br\/index.php\/wp-json\/wp\/v2\/comments?post=46285"}],"version-history":[{"count":1,"href":"https:\/\/www.portalalerta.com.br\/index.php\/wp-json\/wp\/v2\/posts\/46285\/revisions"}],"predecessor-version":[{"id":46287,"href":"https:\/\/www.portalalerta.com.br\/index.php\/wp-json\/wp\/v2\/posts\/46285\/revisions\/46287"}],"wp:featuredmedia":[{"embeddable":true,"href":"https:\/\/www.portalalerta.com.br\/index.php\/wp-json\/wp\/v2\/media\/46286"}],"wp:attachment":[{"href":"https:\/\/www.portalalerta.com.br\/index.php\/wp-json\/wp\/v2\/media?parent=46285"}],"wp:term":[{"taxonomy":"category","embeddable":true,"href":"https:\/\/www.portalalerta.com.br\/index.php\/wp-json\/wp\/v2\/categories?post=46285"},{"taxonomy":"post_tag","embeddable":true,"href":"https:\/\/www.portalalerta.com.br\/index.php\/wp-json\/wp\/v2\/tags?post=46285"}],"curies":[{"name":"wp","href":"https:\/\/api.w.org\/{rel}","templated":true}]}}