{"id":46296,"date":"2022-12-14T15:54:31","date_gmt":"2022-12-14T18:54:31","guid":{"rendered":"https:\/\/www.portalalerta.com.br\/?p=46296"},"modified":"2022-12-14T15:54:32","modified_gmt":"2022-12-14T18:54:32","slug":"salario-minimo-nacional-aumenta-742-e-passa-a-valer-r1-302","status":"publish","type":"post","link":"https:\/\/www.portalalerta.com.br\/index.php\/2022\/12\/14\/salario-minimo-nacional-aumenta-742-e-passa-a-valer-r1-302\/","title":{"rendered":"Sal\u00e1rio m\u00ednimo nacional aumenta 7,42% e passa a valer R$1.302"},"content":{"rendered":"\n<p>O valor come\u00e7a a ser adotado a partir do dia 1\u00b0 de janeiro de 2023, de acordo com o Di\u00e1rio Oficial da Uni\u00e3o<\/p>\n\n\n\n<!--more-->\n\n\n\n<p>O Di\u00e1rio Oficial da Uni\u00e3o anunciou que a partir do dia 1\u00b0 de janeiro de 2023, o sal\u00e1rio m\u00ednimo sofrer\u00e1 um aumento de 7,42%, ou seja, passar\u00e1 a valer R$ 1.302. A medida foi publicada na edi\u00e7\u00e3o desta segunda-feira (12).<\/p>\n\n\n\n<div class=\"wp-block-image\"><figure class=\"alignleft size-full is-resized\"><img fetchpriority=\"high\" decoding=\"async\" src=\"https:\/\/www.portalalerta.com.br\/wp-content\/uploads\/2022\/11\/auto-escola-copa-do-mundo.jpeg\" alt=\"\" class=\"wp-image-45949\" width=\"388\" height=\"390\" srcset=\"https:\/\/www.portalalerta.com.br\/wp-content\/uploads\/2022\/11\/auto-escola-copa-do-mundo.jpeg 639w, https:\/\/www.portalalerta.com.br\/wp-content\/uploads\/2022\/11\/auto-escola-copa-do-mundo-239x240.jpeg 239w\" sizes=\"(max-width: 388px) 100vw, 388px\" \/><\/figure><\/div>\n\n\n\n<p><strong><em>&#8220;O valor de R$ 1.302,00 se refere ao sal\u00e1rio m\u00ednimo nacional. O valor \u00e9 aplic\u00e1vel a todos os trabalhadores, do setor p\u00fablico e privado, como tamb\u00e9m para as aposentadorias e pens\u00f5es&#8221;<\/em><\/strong>, afirmou, em nota, a Secretaria-Geral da Presid\u00eancia da Rep\u00fablica.<\/p>\n\n\n\n<p>Este valor havia de reajuste salarial havia sido proposto em agosto deste ano, no projeto de Lei Or\u00e7ament\u00e1ria Anual (LOA) para o ano de 2023, que tramitava no Congresso Nacional.<br>&nbsp;<br><strong>Consequ\u00eancias<\/strong><br>A mudan\u00e7a reflete tamb\u00e9m nos valores do abono salarial PIS\/Pasep, que com o novo valor, dependendo da quantidade de meses trabalhados pelo funcion\u00e1rio, passa a variar entre R$ 108,50 at\u00e9 R$ 1.302, com o valor m\u00e1ximo sendo distribu\u00eddo apenas para pessoas que trabalharam por 12 meses seguidos.<\/p>\n\n\n\n<p>Al\u00e9m disso, o benef\u00edcio do Instituto Nacional do Seguro Social (INSS), o benef\u00edcio de Presta\u00e7\u00e3o Continuada (BPC) e o seguro-defeso tamb\u00e9m passaram a valer R$ 1.302.<\/p>\n\n\n\n<p><em>Fonte: Metro1<\/em><\/p>\n","protected":false},"excerpt":{"rendered":"<p>O valor come\u00e7a a ser adotado a partir do dia 1\u00b0 de janeiro de 2023, de acordo com o Di\u00e1rio Oficial da Uni\u00e3o<\/p>\n","protected":false},"author":2,"featured_media":3398,"comment_status":"open","ping_status":"open","sticky":false,"template":"","format":"standard","meta":{"om_disable_all_campaigns":false,"_monsterinsights_skip_tracking":false,"_monsterinsights_sitenote_active":false,"_monsterinsights_sitenote_note":"","_monsterinsights_sitenote_category":0,"footnotes":""},"categories":[70,69,21],"tags":[100,71,48,4179,93,75,4178,4180,129,107,4181,132,230,3828,106,203,120,51,109,88,47,272,111,190],"class_list":["post-46296","post","type-post","status-publish","format-standard","has-post-thumbnail","hentry","category-destaques","category-noticias2","category-politica","tag-adustina","tag-antas","tag-araci","tag-banzae-2","tag-brasil","tag-cicero-dantas","tag-cipo-2","tag-crisopolis-2","tag-euclides-da-cunha","tag-fatima","tag-heliopolis-2","tag-itapicuru","tag-jeremoabo","tag-noticias","tag-nova-soure","tag-novo-triunfo","tag-olindina","tag-paripiranga","tag-quijingue","tag-ribeira-do-amparo","tag-ribeira-do-pombal","tag-salario-minimo","tag-sitio-do-quinto","tag-tucano"],"aioseo_notices":[],"_links":{"self":[{"href":"https:\/\/www.portalalerta.com.br\/index.php\/wp-json\/wp\/v2\/posts\/46296","targetHints":{"allow":["GET"]}}],"collection":[{"href":"https:\/\/www.portalalerta.com.br\/index.php\/wp-json\/wp\/v2\/posts"}],"about":[{"href":"https:\/\/www.portalalerta.com.br\/index.php\/wp-json\/wp\/v2\/types\/post"}],"author":[{"embeddable":true,"href":"https:\/\/www.portalalerta.com.br\/index.php\/wp-json\/wp\/v2\/users\/2"}],"replies":[{"embeddable":true,"href":"https:\/\/www.portalalerta.com.br\/index.php\/wp-json\/wp\/v2\/comments?post=46296"}],"version-history":[{"count":1,"href":"https:\/\/www.portalalerta.com.br\/index.php\/wp-json\/wp\/v2\/posts\/46296\/revisions"}],"predecessor-version":[{"id":46298,"href":"https:\/\/www.portalalerta.com.br\/index.php\/wp-json\/wp\/v2\/posts\/46296\/revisions\/46298"}],"wp:featuredmedia":[{"embeddable":true,"href":"https:\/\/www.portalalerta.com.br\/index.php\/wp-json\/wp\/v2\/media\/3398"}],"wp:attachment":[{"href":"https:\/\/www.portalalerta.com.br\/index.php\/wp-json\/wp\/v2\/media?parent=46296"}],"wp:term":[{"taxonomy":"category","embeddable":true,"href":"https:\/\/www.portalalerta.com.br\/index.php\/wp-json\/wp\/v2\/categories?post=46296"},{"taxonomy":"post_tag","embeddable":true,"href":"https:\/\/www.portalalerta.com.br\/index.php\/wp-json\/wp\/v2\/tags?post=46296"}],"curies":[{"name":"wp","href":"https:\/\/api.w.org\/{rel}","templated":true}]}}