{"id":46305,"date":"2022-12-15T07:00:00","date_gmt":"2022-12-15T10:00:00","guid":{"rendered":"https:\/\/www.portalalerta.com.br\/?p=46305"},"modified":"2022-12-15T00:24:43","modified_gmt":"2022-12-15T03:24:43","slug":"janaina-paschoal-diz-que-nada-pode-ser-feito-contra-posse-de-lula-ilusao-coletiva","status":"publish","type":"post","link":"https:\/\/www.portalalerta.com.br\/index.php\/2022\/12\/15\/janaina-paschoal-diz-que-nada-pode-ser-feito-contra-posse-de-lula-ilusao-coletiva\/","title":{"rendered":"Janaina Paschoal diz que nada pode ser feito contra posse de Lula: &#8216;Ilus\u00e3o coletiva&#8217;"},"content":{"rendered":"\n<p>A deputada fez a afirma\u00e7\u00e3o em uma publica\u00e7\u00e3o do Twitter<\/p>\n\n\n\n<!--more-->\n\n\n\n<div class=\"wp-block-image\"><figure class=\"alignleft size-full is-resized\"><img fetchpriority=\"high\" decoding=\"async\" src=\"https:\/\/www.portalalerta.com.br\/wp-content\/uploads\/2021\/04\/ELAB.jpg\" alt=\"\" class=\"wp-image-34795\" width=\"414\" height=\"330\" srcset=\"https:\/\/www.portalalerta.com.br\/wp-content\/uploads\/2021\/04\/ELAB.jpg 1000w, https:\/\/www.portalalerta.com.br\/wp-content\/uploads\/2021\/04\/ELAB-300x240.jpg 300w, https:\/\/www.portalalerta.com.br\/wp-content\/uploads\/2021\/04\/ELAB-768x614.jpg 768w, https:\/\/www.portalalerta.com.br\/wp-content\/uploads\/2021\/04\/ELAB-183x146.jpg 183w, https:\/\/www.portalalerta.com.br\/wp-content\/uploads\/2021\/04\/ELAB-50x40.jpg 50w, https:\/\/www.portalalerta.com.br\/wp-content\/uploads\/2021\/04\/ELAB-94x75.jpg 94w\" sizes=\"(max-width: 414px) 100vw, 414px\" \/><\/figure><\/div>\n\n\n\n<p>A deputada estadual Janaina Paschoal (PRTB) afirmou, em publica\u00e7\u00e3o no Twitter, que n\u00e3o adianta manifestantes bolsonaristas tentarem impedir a posse do presidente eleito Luiz In\u00e1cio Lula da Silva (PT).<br>&nbsp;<br><strong><em>&#8220;Goste-se dele, ou n\u00e3o, juridicamente, nada pode ser feito para impedir a posse do Presidente diplomado ontem. Ao seguirem com essa ilus\u00e3o coletiva, voc\u00eas s\u00f3 conseguir\u00e3o problemas, seja por atos praticados por uma minoria, seja por arma\u00e7\u00f5es de infiltrados.&#8221;<\/em><\/strong> Escreveu a deputada.&nbsp;<\/p>\n\n\n\n<p><strong>Confira a nota:<\/strong><\/p>\n\n\n\n<p><strong><em>Amados, goste-se dele, ou n\u00e3o, juridicamente, NADA pode ser feito para impedir a posse do Presidente diplomado ontem. Ao seguirem com essa ilus\u00e3o coletiva, voc\u00eas s\u00f3 conseguir\u00e3o problemas, seja por atos praticados por uma minoria, seja por arma\u00e7\u00f5es de infiltrados. N\u00e3o importa!<\/em><\/strong><\/p>\n\n\n\n<p>\u2014 Janaina Paschoal (@JanainaDoBrasil)&nbsp;<a href=\"https:\/\/twitter.com\/JanainaDoBrasil\/status\/1602631143945342976?ref_src=twsrc%5Etfw\"><strong>December 13, 2022<\/strong><\/a><\/p>\n\n\n\n<p><em>Fonte: Metro1<\/em><\/p>\n","protected":false},"excerpt":{"rendered":"<p>A deputada fez a afirma\u00e7\u00e3o em uma publica\u00e7\u00e3o do Twitter<\/p>\n","protected":false},"author":2,"featured_media":46306,"comment_status":"open","ping_status":"open","sticky":false,"template":"","format":"standard","meta":{"om_disable_all_campaigns":false,"_monsterinsights_skip_tracking":false,"_monsterinsights_sitenote_active":false,"_monsterinsights_sitenote_note":"","_monsterinsights_sitenote_category":0,"footnotes":""},"categories":[34,70,69,21],"tags":[100,71,48,4179,93,75,4178,4180,129,107,4181,132,2578,230,303,3828,106,203,120,51,603,109,88,47,111],"class_list":["post-46305","post","type-post","status-publish","format-standard","has-post-thumbnail","hentry","category-brasil","category-destaques","category-noticias2","category-politica","tag-adustina","tag-antas","tag-araci","tag-banzae-2","tag-brasil","tag-cicero-dantas","tag-cipo-2","tag-crisopolis-2","tag-euclides-da-cunha","tag-fatima","tag-heliopolis-2","tag-itapicuru","tag-janaina-paschoal","tag-jeremoabo","tag-lula","tag-noticias","tag-nova-soure","tag-novo-triunfo","tag-olindina","tag-paripiranga","tag-posse","tag-quijingue","tag-ribeira-do-amparo","tag-ribeira-do-pombal","tag-sitio-do-quinto"],"aioseo_notices":[],"_links":{"self":[{"href":"https:\/\/www.portalalerta.com.br\/index.php\/wp-json\/wp\/v2\/posts\/46305","targetHints":{"allow":["GET"]}}],"collection":[{"href":"https:\/\/www.portalalerta.com.br\/index.php\/wp-json\/wp\/v2\/posts"}],"about":[{"href":"https:\/\/www.portalalerta.com.br\/index.php\/wp-json\/wp\/v2\/types\/post"}],"author":[{"embeddable":true,"href":"https:\/\/www.portalalerta.com.br\/index.php\/wp-json\/wp\/v2\/users\/2"}],"replies":[{"embeddable":true,"href":"https:\/\/www.portalalerta.com.br\/index.php\/wp-json\/wp\/v2\/comments?post=46305"}],"version-history":[{"count":1,"href":"https:\/\/www.portalalerta.com.br\/index.php\/wp-json\/wp\/v2\/posts\/46305\/revisions"}],"predecessor-version":[{"id":46307,"href":"https:\/\/www.portalalerta.com.br\/index.php\/wp-json\/wp\/v2\/posts\/46305\/revisions\/46307"}],"wp:featuredmedia":[{"embeddable":true,"href":"https:\/\/www.portalalerta.com.br\/index.php\/wp-json\/wp\/v2\/media\/46306"}],"wp:attachment":[{"href":"https:\/\/www.portalalerta.com.br\/index.php\/wp-json\/wp\/v2\/media?parent=46305"}],"wp:term":[{"taxonomy":"category","embeddable":true,"href":"https:\/\/www.portalalerta.com.br\/index.php\/wp-json\/wp\/v2\/categories?post=46305"},{"taxonomy":"post_tag","embeddable":true,"href":"https:\/\/www.portalalerta.com.br\/index.php\/wp-json\/wp\/v2\/tags?post=46305"}],"curies":[{"name":"wp","href":"https:\/\/api.w.org\/{rel}","templated":true}]}}