{"id":46311,"date":"2022-12-15T07:02:00","date_gmt":"2022-12-15T10:02:00","guid":{"rendered":"https:\/\/www.portalalerta.com.br\/?p=46311"},"modified":"2022-12-15T00:45:25","modified_gmt":"2022-12-15T03:45:25","slug":"pt-pede-e-tse-abre-investigacao-contra-bolsonaro-e-aliados-por-ataque-as-eleicoes","status":"publish","type":"post","link":"https:\/\/www.portalalerta.com.br\/index.php\/2022\/12\/15\/pt-pede-e-tse-abre-investigacao-contra-bolsonaro-e-aliados-por-ataque-as-eleicoes\/","title":{"rendered":"PT pede e TSE abre investiga\u00e7\u00e3o contra Bolsonaro e aliados por ataque \u00e0s elei\u00e7\u00f5es"},"content":{"rendered":"\n<p>O corregedor-geral da Justi\u00e7a Eleitoral, ministro Benedito Gon\u00e7alves, abriu nesta quarta-feira duas investiga\u00e7\u00f5es no TSE (Tribunal Superior Eleitoral) contra o presidente Jair Bolsonaro (PL). As medidas atendem a um pedido do PT, que acionou a Corte no \u00faltimo dia 8.<\/p>\n\n\n\n<!--more-->\n\n\n\n<p>A primeira vai apurar o movimento deliberado e sem provas de lan\u00e7ar d\u00favida sobre o resultado das elei\u00e7\u00f5es. J\u00e1 a segunda apura poss\u00edveis irregularidades ao aprovar uma s\u00e9rie de benesses \u00e0 popula\u00e7\u00e3o durante o per\u00edodo eleitoral.<\/p>\n\n\n\n<p>Na primeira a\u00e7\u00e3o, sobre os ataques ao sistema eleitoral, s\u00e3o alvos da investiga\u00e7\u00e3o:<\/p>\n\n\n\n<ul class=\"wp-block-list\"><li><strong>o presidente Jair Bolsonaro (PL);<\/strong><\/li><li><strong>o candidato derrotado a vice-presidente e ex-ministro Braga Netto;<\/strong><\/li><li><strong>o senador Fl\u00e1vio Bolsonaro (PL-RJ);<\/strong><\/li><li><strong>o deputado federal Eduardo Bolsonaro (PL-SP);<\/strong><\/li><li><strong>a deputada federal Carla Zambelli (PL-SP);<\/strong><\/li><li><strong>a deputada federal Bia Kicis (PL-DF);<\/strong><\/li><li><strong>o deputado eleito Nikolas Ferreira (PL-MG);<\/strong><\/li><li><strong>o deputado eleito Gustavo Gayer (PL-GO);<\/strong><\/li><li><strong>o senador eleito Magno Malta (PL-ES).<\/strong><\/li><\/ul>\n\n\n\n<p>Em outra frente, Bolsonaro e Braga Netto ser\u00e3o investigados tamb\u00e9m por suposta pr\u00e1tica de abuso de poder pol\u00edtico e econ\u00f4mico.<\/p>\n\n\n\n<p>Na lista, entre outros, est\u00e3o a antecipa\u00e7\u00e3o de pagamentos do:<\/p>\n\n\n\n<ul class=\"wp-block-list\"><li><strong>Aux\u00edlio Brasil,<\/strong><\/li><li><strong>Aux\u00edlio-g\u00e1s,<\/strong><\/li><li><strong>Cr\u00e9dito consignado<\/strong><\/li><\/ul>\n\n\n\n<p>Na a\u00e7\u00e3o apresentada ao TSE, a campanha de Lula pede a inelegibilidade de Bolsonaro e de Braga Netto pela suposta concess\u00e3o ilegal de benef\u00edcios financeiros <strong><em>&#8220;decorrentes de diversos atos do Presidente da Rep\u00fablica, durante o per\u00edodo eleitoral, valendo-se da m\u00e1quina p\u00fablica para otimizar programas sociais, com o claro intuito de angariar votos e, portanto, influenciar na escolha dos eleitores brasileiros, de modo a ferir a lisura do pleito&#8221;<\/em><\/strong>.<\/p>\n\n\n\n<div class=\"wp-block-image\"><figure class=\"aligncenter size-large\"><img decoding=\"async\" src=\"https:\/\/www.portalalerta.com.br\/wp-content\/uploads\/2022\/12\/Real-Calcados-Natal-2022-1024x171.jpg\" alt=\"\" class=\"wp-image-46202\"\/><\/figure><\/div>\n\n\n\n<p>No despacho desta quarta, o corregedor do TSE afirma que a coliga\u00e7\u00e3o de Lula apresentou gr\u00e1ficos, imagens, links de mat\u00e9rias jornal\u00edsticas contendo declara\u00e7\u00f5es p\u00fablicas dos investigados e prints de postagens e lives nas redes sociais.<\/p>\n\n\n\n<p><strong><em>&#8220;Em primeira an\u00e1lise, a peti\u00e7\u00e3o inicial preenche os requisitos de admissibilidade\u201d<\/em><\/strong><em>, <\/em>escreveu o ministro sobre o ataque ao sistema eleitoral. Por isso, Gon\u00e7alves deu prazo de cinco dias para que os alvos das a\u00e7\u00f5es apresentem defesa ao tribunal<em>.<\/em><\/p>\n\n\n\n<p>S\u00e3o citadas pela defesa de Lula , entre outras medidas supostamente exploradas para finalidades eleitoreiras:<\/p>\n\n\n\n<ul class=\"wp-block-list\"><li><strong>\u201cantecipa\u00e7\u00e3o da transfer\u00eancia do benef\u00edcio do Aux\u00edlio-Brasil e do Aux\u00edlio-G\u00e1s;<\/strong><\/li><li><strong>Aumento do n\u00famero de fam\u00edlias beneficiadas pelo Aux\u00edlio-Brasil;<\/strong><\/li><li><strong>Antecipa\u00e7\u00e3o de pagamento de aux\u00edlio a caminhoneiros e taxistas;<\/strong><\/li><li><strong>Programa de negocia\u00e7\u00e3o de d\u00edvidas com a Caixa Econ\u00f4mica Federal;<\/strong><\/li><li><strong>Libera\u00e7\u00e3o de FGTS futuro para financiar im\u00f3veis;<\/strong><\/li><li><strong>An\u00fancio pela Caixa Econ\u00f4mica Federal de cr\u00e9dito para mulheres empreendedoras;<\/strong><\/li><li><strong>Cr\u00e9dito consignado do Aux\u00edlio-Brasil;<\/strong><\/li><li><strong>Vantagens a concursados de segmentos alinhados a Jair Bolsonaro\u201d.<\/strong><\/li><\/ul>\n\n\n\n<p>Segundo a equipe jur\u00eddica do PT, Bolsonaro <strong><em>\u201caproveitou-se das atribui\u00e7\u00f5es e prerrogativas advindas do cargo que ocupa para fins eleitoreiros\u201d<\/em><\/strong>, dispendendo recursos <strong><em>\u201cna ordem de 60 bilh\u00f5es de reais, conforme apurado pela m\u00eddia nacional&#8221;.<\/em><\/strong><\/p>\n\n\n\n<p><strong><em>&#8220;A conduta descrita na peti\u00e7\u00e3o inicial diz respeito, em s\u00edntese, ao uso da m\u00e1quina p\u00fablica e das prerrogativas do Presidente da Rep\u00fablica para, durante o per\u00edodo eleitoral, pautar a concess\u00e3o de benef\u00edcios sociais, a gest\u00e3o de programas da mesma natureza e o calend\u00e1rio para libera\u00e7\u00e3o de recursos pela finalidade de render dividendos eleitorais para o candidato \u00e0 reelei\u00e7\u00e3o. Narra-se, portanto, que teria havido desvio de finalidade no exerc\u00edcio do cargo p\u00fablico, envolvendo o emprego de vultosos recursos, em viola\u00e7\u00e3o \u00e0 isonomia, \u00e0 normalidade eleitoral e \u00e0 legitimidade do pleito&#8221;<\/em><\/strong>, diz Gon\u00e7alves.<\/p>\n\n\n\n<p><em>Fonte: Yahoo Not\u00edcias<\/em><\/p>\n","protected":false},"excerpt":{"rendered":"<p>O corregedor-geral da Justi\u00e7a Eleitoral, ministro Benedito Gon\u00e7alves, abriu nesta quarta-feira duas investiga\u00e7\u00f5es no TSE (Tribunal Superior Eleitoral) contra o presidente Jair Bolsonaro (PL). As medidas atendem a um pedido do PT, que acionou a Corte no \u00faltimo dia 8.<\/p>\n","protected":false},"author":2,"featured_media":32720,"comment_status":"open","ping_status":"open","sticky":false,"template":"","format":"standard","meta":{"om_disable_all_campaigns":false,"_monsterinsights_skip_tracking":false,"_monsterinsights_sitenote_active":false,"_monsterinsights_sitenote_note":"","_monsterinsights_sitenote_category":0,"footnotes":""},"categories":[34,70,69,21],"tags":[5780,93,298,1395,304,549],"class_list":["post-46311","post","type-post","status-publish","format-standard","has-post-thumbnail","hentry","category-brasil","category-destaques","category-noticias2","category-politica","tag-aliados","tag-brasil","tag-investigacao","tag-jair-bolsonaro","tag-pt","tag-tse"],"aioseo_notices":[],"_links":{"self":[{"href":"https:\/\/www.portalalerta.com.br\/index.php\/wp-json\/wp\/v2\/posts\/46311","targetHints":{"allow":["GET"]}}],"collection":[{"href":"https:\/\/www.portalalerta.com.br\/index.php\/wp-json\/wp\/v2\/posts"}],"about":[{"href":"https:\/\/www.portalalerta.com.br\/index.php\/wp-json\/wp\/v2\/types\/post"}],"author":[{"embeddable":true,"href":"https:\/\/www.portalalerta.com.br\/index.php\/wp-json\/wp\/v2\/users\/2"}],"replies":[{"embeddable":true,"href":"https:\/\/www.portalalerta.com.br\/index.php\/wp-json\/wp\/v2\/comments?post=46311"}],"version-history":[{"count":1,"href":"https:\/\/www.portalalerta.com.br\/index.php\/wp-json\/wp\/v2\/posts\/46311\/revisions"}],"predecessor-version":[{"id":46312,"href":"https:\/\/www.portalalerta.com.br\/index.php\/wp-json\/wp\/v2\/posts\/46311\/revisions\/46312"}],"wp:featuredmedia":[{"embeddable":true,"href":"https:\/\/www.portalalerta.com.br\/index.php\/wp-json\/wp\/v2\/media\/32720"}],"wp:attachment":[{"href":"https:\/\/www.portalalerta.com.br\/index.php\/wp-json\/wp\/v2\/media?parent=46311"}],"wp:term":[{"taxonomy":"category","embeddable":true,"href":"https:\/\/www.portalalerta.com.br\/index.php\/wp-json\/wp\/v2\/categories?post=46311"},{"taxonomy":"post_tag","embeddable":true,"href":"https:\/\/www.portalalerta.com.br\/index.php\/wp-json\/wp\/v2\/tags?post=46311"}],"curies":[{"name":"wp","href":"https:\/\/api.w.org\/{rel}","templated":true}]}}