{"id":46455,"date":"2022-12-26T10:12:43","date_gmt":"2022-12-26T13:12:43","guid":{"rendered":"https:\/\/www.portalalerta.com.br\/?p=46455"},"modified":"2022-12-26T10:12:44","modified_gmt":"2022-12-26T13:12:44","slug":"apos-aceitarem-proposta-de-companhias-aereas-aeronautas-encerram-greve","status":"publish","type":"post","link":"https:\/\/www.portalalerta.com.br\/index.php\/2022\/12\/26\/apos-aceitarem-proposta-de-companhias-aereas-aeronautas-encerram-greve\/","title":{"rendered":"Ap\u00f3s aceitarem proposta de companhias a\u00e9reas, aeronautas encerram greve"},"content":{"rendered":"\n<p>Encerramento de greve aconteceu no domingo (25)<\/p>\n\n\n\n<!--more-->\n\n\n\n<p>Os pilotos e comiss\u00e1rios de voos aceitaram uma nova proposta apresentada pelas companhias a\u00e9reas e deram fim a greve que durou cinco dias e impactou alguns dos principais aeroportos do pa\u00eds. A informa\u00e7\u00e3o foi divulgada pelo Sindicato Nacional dos Aeronautas no final da tarde deste domingo (25).<\/p>\n\n\n\n<p>Durante uma transmiss\u00e3o ao vivo nas redes, membros do sindicato disseram que cerca de 70% dos pilotos aprovaram a nova proposta de conven\u00e7\u00e3o coletiva. A entidade afirmou que 5.834 pessoas participaram da vota\u00e7\u00e3o.<\/p>\n\n\n\n<p>A greve por melhores sal\u00e1rios e condi\u00e7\u00f5es de trabalho come\u00e7ou na \u00faltima segunda-feira e ocorreu diariamente at\u00e9 sexta-feira, por duas horas di\u00e1rias, entre \u00e0s 6h e 8h. O movimento em nove importantes aeroportos do pa\u00eds gerou ao menos centenas de atrasos de voos e diversos cancelamentos.<\/p>\n\n\n\n<p>No s\u00e1bado, a greve foi suspensa para an\u00e1lise dos pilotos e comiss\u00e1rios da nova proposta enviada pelas a\u00e9reas, que prev\u00ea reajuste de 6,97% nos sal\u00e1rios fixos e vari\u00e1veis, bem como defini\u00e7\u00e3o do hor\u00e1rio de in\u00edcio das folgas e indeniza\u00e7\u00e3o por descumprimento por parte das empresas. Tamb\u00e9m inclui a possibilidade de in\u00edcio de f\u00e9rias em s\u00e1bados, domingos e feriados.<br>A vota\u00e7\u00e3o encerrou \u00e0s 12h deste domingo.<\/p>\n\n\n\n<p><strong><em>\u201cA categoria merece e necessita mais do que foi o acordo, mas decidiu dar um passo atr\u00e1s para se manter forte nas demandas. Achamos que, pelo sacrif\u00edcio feito pela categoria em tr\u00eas anos de pandemia, as empresas podiam mais\u201d<\/em><\/strong>, disse Carlos Eduardo Monteiro, diretor do Sindicato Nacional dos Aeronautas, \u00e0 Reuters neste domingo. Na sexta-feira, a categoria havia rejeitado proposta anterior das empresas.<\/p>\n\n\n\n<p><em>Fonte: Metro1<\/em><\/p>\n","protected":false},"excerpt":{"rendered":"<p>Encerramento de greve aconteceu no domingo (25)<\/p>\n","protected":false},"author":2,"featured_media":46355,"comment_status":"open","ping_status":"open","sticky":false,"template":"","format":"standard","meta":{"om_disable_all_campaigns":false,"_monsterinsights_skip_tracking":false,"_monsterinsights_sitenote_active":false,"_monsterinsights_sitenote_note":"","_monsterinsights_sitenote_category":0,"footnotes":""},"categories":[34,70,69],"tags":[5809,93,349],"class_list":["post-46455","post","type-post","status-publish","format-standard","has-post-thumbnail","hentry","category-brasil","category-destaques","category-noticias2","tag-aeronautas","tag-brasil","tag-greve"],"aioseo_notices":[],"_links":{"self":[{"href":"https:\/\/www.portalalerta.com.br\/index.php\/wp-json\/wp\/v2\/posts\/46455","targetHints":{"allow":["GET"]}}],"collection":[{"href":"https:\/\/www.portalalerta.com.br\/index.php\/wp-json\/wp\/v2\/posts"}],"about":[{"href":"https:\/\/www.portalalerta.com.br\/index.php\/wp-json\/wp\/v2\/types\/post"}],"author":[{"embeddable":true,"href":"https:\/\/www.portalalerta.com.br\/index.php\/wp-json\/wp\/v2\/users\/2"}],"replies":[{"embeddable":true,"href":"https:\/\/www.portalalerta.com.br\/index.php\/wp-json\/wp\/v2\/comments?post=46455"}],"version-history":[{"count":1,"href":"https:\/\/www.portalalerta.com.br\/index.php\/wp-json\/wp\/v2\/posts\/46455\/revisions"}],"predecessor-version":[{"id":46456,"href":"https:\/\/www.portalalerta.com.br\/index.php\/wp-json\/wp\/v2\/posts\/46455\/revisions\/46456"}],"wp:featuredmedia":[{"embeddable":true,"href":"https:\/\/www.portalalerta.com.br\/index.php\/wp-json\/wp\/v2\/media\/46355"}],"wp:attachment":[{"href":"https:\/\/www.portalalerta.com.br\/index.php\/wp-json\/wp\/v2\/media?parent=46455"}],"wp:term":[{"taxonomy":"category","embeddable":true,"href":"https:\/\/www.portalalerta.com.br\/index.php\/wp-json\/wp\/v2\/categories?post=46455"},{"taxonomy":"post_tag","embeddable":true,"href":"https:\/\/www.portalalerta.com.br\/index.php\/wp-json\/wp\/v2\/tags?post=46455"}],"curies":[{"name":"wp","href":"https:\/\/api.w.org\/{rel}","templated":true}]}}