{"id":46462,"date":"2022-12-26T10:53:39","date_gmt":"2022-12-26T13:53:39","guid":{"rendered":"https:\/\/www.portalalerta.com.br\/?p=46462"},"modified":"2022-12-26T10:53:41","modified_gmt":"2022-12-26T13:53:41","slug":"o-que-se-sabe-ate-agora-sobre-o-explosivo-perto-do-aeroporto-de-brasilia","status":"publish","type":"post","link":"https:\/\/www.portalalerta.com.br\/index.php\/2022\/12\/26\/o-que-se-sabe-ate-agora-sobre-o-explosivo-perto-do-aeroporto-de-brasilia\/","title":{"rendered":"O que se sabe at\u00e9 agora sobre o explosivo perto do aeroporto de Bras\u00edlia"},"content":{"rendered":"\n<p>A Pol\u00edcia Militar do Distrito Federal foi acionada neste s\u00e1bado (24) para uma ocorr\u00eancia envolvendo um\u00a0explosivo caseiro pr\u00f3ximo ao Aeroporto Internacional de Bras\u00edlia. O artefato estava dentro de um caminh\u00e3o de combust\u00edvel na via que d\u00e1 acesso ao aeroporto.<\/p>\n\n\n\n<!--more-->\n\n\n\n<p>At\u00e9 o momento, um homem foi preso, de acordo com informa\u00e7\u00f5es do jornal Folha de S. Paulo, sob suspeita de ter tentado explodir um caminh\u00e3o. O explosivo foi retirado pelo esquadr\u00e3o antibombas, segundo nota da PM, e foi realizada a &#8220;desativa\u00e7\u00e3o do artefato&#8221; no local.<\/p>\n\n\n\n<p><strong>O que se sabe at\u00e9 o momento sobre o explosivo no aeroporto de Bras\u00edlia?<\/strong><\/p>\n\n\n\n<div class=\"wp-block-image\"><figure class=\"alignright size-large is-resized\"><img fetchpriority=\"high\" decoding=\"async\" src=\"https:\/\/www.portalalerta.com.br\/wp-content\/uploads\/2022\/12\/auto-escola-Boas-Festas-2022-1024x1024.jpeg\" alt=\"\" class=\"wp-image-46448\" width=\"361\" height=\"361\" srcset=\"https:\/\/www.portalalerta.com.br\/wp-content\/uploads\/2022\/12\/auto-escola-Boas-Festas-2022-1024x1024.jpeg 1024w, https:\/\/www.portalalerta.com.br\/wp-content\/uploads\/2022\/12\/auto-escola-Boas-Festas-2022-240x240.jpeg 240w, https:\/\/www.portalalerta.com.br\/wp-content\/uploads\/2022\/12\/auto-escola-Boas-Festas-2022-768x768.jpeg 768w, https:\/\/www.portalalerta.com.br\/wp-content\/uploads\/2022\/12\/auto-escola-Boas-Festas-2022.jpeg 1280w\" sizes=\"(max-width: 361px) 100vw, 361px\" \/><\/figure><\/div>\n\n\n\n<p><strong>Como o explosivo foi encontrado?<\/strong><\/p>\n\n\n\n<ul class=\"wp-block-list\"><li>A PM foi acionada por volta das 8h de s\u00e1bado (24);<\/li><li>Informa\u00e7\u00f5es preliminares davam conta de que a ocorr\u00eancia envolvia um\u00a0artefato explosivo, conectado a um caminh\u00e3o de querosene, pr\u00f3ximo ao Aeroporto de Bras\u00edlia, segundo informa\u00e7\u00f5es do UOL;<\/li><li>O motorista de caminh\u00e3o percebeu o artefato e, logo ap\u00f3s, acionou o Esquadr\u00e3o de Bombas;<\/li><li>O artefato foi fabricado de maneira caseira. Ao UOL, uma fonte afirmou que os materiais, inicialmente, n\u00e3o aparentavam ter capacidade para serem detonados. A Pol\u00edcia Civil do DF ainda realizar\u00e1 per\u00edcia.<\/li><\/ul>\n\n\n\n<p><strong>Quem foi preso?<\/strong><\/p>\n\n\n\n<ul class=\"wp-block-list\"><li>Ainda durante a noite de s\u00e1bado (24),\u00a0um homem foi preso por suspeita de ter tentado efetuar a explos\u00e3o;<\/li><li>George Washington de Oliveira Sousa informou ser bolsonarista e morador do Par\u00e1, segundo o chefe da Pol\u00edcia Civil do DF, Robson C\u00e2ndido;<\/li><li>George, de 54 anos, foi autuado em flagrante por terrorismo no final da tarde desde domingo;<\/li><li>Suspeito participou de atos bolsonaristas em frente ao quartel-general do Ex\u00e9rcito em Bras\u00edlia. O chefe da PC DF afirmou ao UOL que ele foi alvo de mandados de busca e apreens\u00e3o em seu apartamento.<\/li><\/ul>\n\n\n\n<div class=\"wp-block-image\"><figure class=\"aligncenter size-full is-resized\"><img decoding=\"async\" src=\"https:\/\/www.portalalerta.com.br\/wp-content\/uploads\/2022\/12\/George-Washington-de-Oliveira-Sousa.jpg\" alt=\"\" class=\"wp-image-46463\" width=\"749\" height=\"468\" srcset=\"https:\/\/www.portalalerta.com.br\/wp-content\/uploads\/2022\/12\/George-Washington-de-Oliveira-Sousa.jpg 800w, https:\/\/www.portalalerta.com.br\/wp-content\/uploads\/2022\/12\/George-Washington-de-Oliveira-Sousa-384x240.jpg 384w, https:\/\/www.portalalerta.com.br\/wp-content\/uploads\/2022\/12\/George-Washington-de-Oliveira-Sousa-768x480.jpg 768w\" sizes=\"(max-width: 749px) 100vw, 749px\" \/><figcaption>Suspeito acusado de planejar o ataque com explosivo, encontrado perto do aeroporto de Bras\u00edlia, participou de atos bolsonaristas em frente ao quartel-general do Ex\u00e9rcito no DF. (Foto: Photo\/Eraldo Peres, File)<\/figcaption><\/figure><\/div>\n\n\n\n<p><strong>O que foi encontrado?<\/strong><\/p>\n\n\n\n<ul class=\"wp-block-list\"><li>No apartamento do suspeito foram encontrados cinco explosivos semelhantes ao utilizado por ele no caminh\u00e3o, al\u00e9m de diversas armas e um fuzil;<\/li><li>O suspeito tem registro de CAC (ca\u00e7ador, atirador e colecionador), embora as armas estejam fora da normalidade;<\/li><li>Ele ser\u00e1 multado por porte ilegal, de acordo com chefe da Pol\u00edcia, em entrevista ao site Metr\u00f3poles.<\/li><\/ul>\n\n\n\n<p><strong>Futuro ministro da Justi\u00e7a se pronunciou sobre o caso<\/strong><\/p>\n\n\n\n<ul class=\"wp-block-list\"><li>Fl\u00e1vio Dino (PSB), futuro ministro indicado pelo presidente eleito, afirmou que o caso ocorrido no DF mostra o\u00a0<strong>&#8220;terr\u00edvel efeito do extremismo no Brasil&#8221;<\/strong>;<\/li><li>Dino cumprimentou a Pol\u00edcia Civil do DF pela pris\u00e3o e apreens\u00f5es realizadas na noite de ontem (24), que tem forte liga\u00e7\u00e3o com o artefato explosivo da manh\u00e3;<\/li><li>Ele tamb\u00e9m escreveu nas redes sociais que a equipe de transi\u00e7\u00e3o acompanha o caso;<\/li><li>Em seguida, o ministro anunciado declarou que foi encontrado &#8220;emuls\u00e3o de pedreira&#8221; no artefato explosivo, e que os exames periciais e investiga\u00e7\u00f5es est\u00e3o a cargo da Pol\u00edcia Civil do DF.<\/li><\/ul>\n\n\n\n<p><strong>Posse de Lula vai acontecer no dia 1\u00ba<\/strong><\/p>\n\n\n\n<ul class=\"wp-block-list\"><li><strong>Posse do presidente eleito, Luiz In\u00e1cio Lula da Silva (PT)<\/strong>\u00a0ir\u00e1 acontecer daqui a sete dias, no dia primeiro de janeiro;<\/li><li>Caso no DF aumenta a\u00a0<strong>preocupa\u00e7\u00e3o dos \u00f3rg\u00e3os de seguran\u00e7a que est\u00e3o \u00e0 frente do evento<\/strong>. Fl\u00e1vio Dino (PSB) afirmou estar acompanhando o desenrolar dos epis\u00f3dios;<\/li><li>Tamb\u00e9m nas redes, Dino afirmou que: &#8220;H\u00e1 no material [coletado neste s\u00e1bado] &#8216;emuls\u00e3o de pedreira&#8217;. Exames periciais do artefato, assim como investiga\u00e7\u00f5es, est\u00e3o sendo executadas pela Pol\u00edcia Civil do Distrito Federal. Equipe da transi\u00e7\u00e3o acompanhando&#8221;.<\/li><li>Como revelado pela Folha de S. Paulo, a pris\u00e3o do homem tem suspeita de liga\u00e7\u00e3o com atos no quartel-geral;<\/li><li>Manifestantes continuam acampados no local desde dias ap\u00f3s o resultado das elei\u00e7\u00f5es. Eles pedem interven\u00e7\u00e3o militar e com discurso golpista dizem tentar impedir que o novo presidente possa assumir o cargo.<\/li><\/ul>\n\n\n\n<p><em>Fonte: Yahoo Not\u00edcias<\/em><\/p>\n","protected":false},"excerpt":{"rendered":"<p>A Pol\u00edcia Militar do Distrito Federal foi acionada neste s\u00e1bado (24) para uma ocorr\u00eancia envolvendo um\u00a0explosivo caseiro pr\u00f3ximo ao Aeroporto Internacional de Bras\u00edlia. O artefato estava dentro de um caminh\u00e3o de combust\u00edvel na via que d\u00e1 acesso ao aeroporto.<\/p>\n","protected":false},"author":2,"featured_media":46464,"comment_status":"open","ping_status":"open","sticky":false,"template":"","format":"standard","meta":{"om_disable_all_campaigns":false,"_monsterinsights_skip_tracking":false,"_monsterinsights_sitenote_active":false,"_monsterinsights_sitenote_note":"","_monsterinsights_sitenote_category":0,"footnotes":""},"categories":[34,70,69,21,22],"tags":[93,539,77,2610],"class_list":["post-46462","post","type-post","status-publish","format-standard","has-post-thumbnail","hentry","category-brasil","category-destaques","category-noticias2","category-politica","category-seguranca","tag-brasil","tag-distrito-federal","tag-preso","tag-terrorismo"],"aioseo_notices":[],"_links":{"self":[{"href":"https:\/\/www.portalalerta.com.br\/index.php\/wp-json\/wp\/v2\/posts\/46462","targetHints":{"allow":["GET"]}}],"collection":[{"href":"https:\/\/www.portalalerta.com.br\/index.php\/wp-json\/wp\/v2\/posts"}],"about":[{"href":"https:\/\/www.portalalerta.com.br\/index.php\/wp-json\/wp\/v2\/types\/post"}],"author":[{"embeddable":true,"href":"https:\/\/www.portalalerta.com.br\/index.php\/wp-json\/wp\/v2\/users\/2"}],"replies":[{"embeddable":true,"href":"https:\/\/www.portalalerta.com.br\/index.php\/wp-json\/wp\/v2\/comments?post=46462"}],"version-history":[{"count":1,"href":"https:\/\/www.portalalerta.com.br\/index.php\/wp-json\/wp\/v2\/posts\/46462\/revisions"}],"predecessor-version":[{"id":46465,"href":"https:\/\/www.portalalerta.com.br\/index.php\/wp-json\/wp\/v2\/posts\/46462\/revisions\/46465"}],"wp:featuredmedia":[{"embeddable":true,"href":"https:\/\/www.portalalerta.com.br\/index.php\/wp-json\/wp\/v2\/media\/46464"}],"wp:attachment":[{"href":"https:\/\/www.portalalerta.com.br\/index.php\/wp-json\/wp\/v2\/media?parent=46462"}],"wp:term":[{"taxonomy":"category","embeddable":true,"href":"https:\/\/www.portalalerta.com.br\/index.php\/wp-json\/wp\/v2\/categories?post=46462"},{"taxonomy":"post_tag","embeddable":true,"href":"https:\/\/www.portalalerta.com.br\/index.php\/wp-json\/wp\/v2\/tags?post=46462"}],"curies":[{"name":"wp","href":"https:\/\/api.w.org\/{rel}","templated":true}]}}