{"id":46467,"date":"2022-12-26T23:42:35","date_gmt":"2022-12-27T02:42:35","guid":{"rendered":"https:\/\/www.portalalerta.com.br\/?p=46467"},"modified":"2022-12-26T23:42:36","modified_gmt":"2022-12-27T02:42:36","slug":"representantes-de-120-paises-comparecerao-a-cerimonia-de-posse-de-lula","status":"publish","type":"post","link":"https:\/\/www.portalalerta.com.br\/index.php\/2022\/12\/26\/representantes-de-120-paises-comparecerao-a-cerimonia-de-posse-de-lula\/","title":{"rendered":"Representantes de 120 pa\u00edses comparecer\u00e3o \u00e0 cerim\u00f4nia de posse de Lula"},"content":{"rendered":"\n<p>De acordo com o Partido dos Trabalhadores, o evento receber\u00e1 desde embaixadores at\u00e9 presidentes<\/p>\n\n\n\n<!--more-->\n\n\n\n<p>A aguardada cerim\u00f4nia de posse do presidente eleito, Luiz In\u00e1cio Lula da Silva (PT), contar\u00e1 com a presen\u00e7a de pelo menos 53 delega\u00e7\u00f5es estrangeiras\u00a0e reunir\u00e1 representantes, desde embaixadores at\u00e9 presidentes, de 120 pa\u00edses.\u00a0<\/p>\n\n\n\n<div class=\"wp-block-image\"><figure class=\"aligncenter size-large\"><img decoding=\"async\" src=\"https:\/\/www.portalalerta.com.br\/wp-content\/uploads\/2022\/12\/Real-Calcados-Natal-2022-1024x171.jpg\" alt=\"\" class=\"wp-image-46202\"\/><\/figure><\/div>\n\n\n\n<p>At\u00e9 o momento, lideran\u00e7as de 17 pa\u00edses confirmaram que ir\u00e3o acompanhar presencialmente a solenidade, s\u00e3o elas: presidentes da Alemanha, Angola, Argentina, Bol\u00edvia, Cabo Verde, Chile, Col\u00f4mbia, Equador, Guiana, Guin\u00e9-Bissau, Paraguai, Portugal, Suriname, Timor Leste, Uruguai, Zimb\u00e1bue e o rei da Espanha.<\/p>\n\n\n\n<p>Diante da expectativa de que o evento de posse receba diversos l\u00edderes e representantes mundiais, durante coletiva de imprensa, o chefe do cerimonial da solenidade, Fernando Igreja, falou a respeito do assunto e como funcionar\u00e1 a din\u00e2mica destas figuras pol\u00edticas com o presidente eleito durante a cerim\u00f4nia.<\/p>\n\n\n\n<p><strong><em>\u201cVemos a reinser\u00e7\u00e3o do Brasil, a partir de uma nova pol\u00edtica externa num novo governo Lula, no cen\u00e1rio global. Naturalmente as confirma\u00e7\u00f5es chegar\u00e3o nos pr\u00f3ximos dias\u201d<\/em><\/strong>, iniciou o embaixador.<\/p>\n\n\n\n<p><strong><em>\u201cA maioria dos pa\u00edses dever\u00e1 manter em breve contato com o presidente Lula para que as rela\u00e7\u00f5es possam se aprofundar dentro desse novo momento\u201d<\/em><\/strong>, concluiu.<\/p>\n\n\n\n<p><em>Fonte: Metro1<\/em><\/p>\n","protected":false},"excerpt":{"rendered":"<p>De acordo com o Partido dos Trabalhadores, o evento receber\u00e1 desde embaixadores at\u00e9 presidentes<\/p>\n","protected":false},"author":2,"featured_media":45445,"comment_status":"open","ping_status":"open","sticky":false,"template":"","format":"standard","meta":{"om_disable_all_campaigns":false,"_monsterinsights_skip_tracking":false,"_monsterinsights_sitenote_active":false,"_monsterinsights_sitenote_note":"","_monsterinsights_sitenote_category":0,"footnotes":""},"categories":[34,70,69,21],"tags":[100,71,48,4179,93,75,4178,4180,129,107,4181,132,230,303,3828,106,203,120,51,199,603,109,88,47,111,190],"class_list":["post-46467","post","type-post","status-publish","format-standard","has-post-thumbnail","hentry","category-brasil","category-destaques","category-noticias2","category-politica","tag-adustina","tag-antas","tag-araci","tag-banzae-2","tag-brasil","tag-cicero-dantas","tag-cipo-2","tag-crisopolis-2","tag-euclides-da-cunha","tag-fatima","tag-heliopolis-2","tag-itapicuru","tag-jeremoabo","tag-lula","tag-noticias","tag-nova-soure","tag-novo-triunfo","tag-olindina","tag-paripiranga","tag-politica","tag-posse","tag-quijingue","tag-ribeira-do-amparo","tag-ribeira-do-pombal","tag-sitio-do-quinto","tag-tucano"],"aioseo_notices":[],"_links":{"self":[{"href":"https:\/\/www.portalalerta.com.br\/index.php\/wp-json\/wp\/v2\/posts\/46467","targetHints":{"allow":["GET"]}}],"collection":[{"href":"https:\/\/www.portalalerta.com.br\/index.php\/wp-json\/wp\/v2\/posts"}],"about":[{"href":"https:\/\/www.portalalerta.com.br\/index.php\/wp-json\/wp\/v2\/types\/post"}],"author":[{"embeddable":true,"href":"https:\/\/www.portalalerta.com.br\/index.php\/wp-json\/wp\/v2\/users\/2"}],"replies":[{"embeddable":true,"href":"https:\/\/www.portalalerta.com.br\/index.php\/wp-json\/wp\/v2\/comments?post=46467"}],"version-history":[{"count":1,"href":"https:\/\/www.portalalerta.com.br\/index.php\/wp-json\/wp\/v2\/posts\/46467\/revisions"}],"predecessor-version":[{"id":46468,"href":"https:\/\/www.portalalerta.com.br\/index.php\/wp-json\/wp\/v2\/posts\/46467\/revisions\/46468"}],"wp:featuredmedia":[{"embeddable":true,"href":"https:\/\/www.portalalerta.com.br\/index.php\/wp-json\/wp\/v2\/media\/45445"}],"wp:attachment":[{"href":"https:\/\/www.portalalerta.com.br\/index.php\/wp-json\/wp\/v2\/media?parent=46467"}],"wp:term":[{"taxonomy":"category","embeddable":true,"href":"https:\/\/www.portalalerta.com.br\/index.php\/wp-json\/wp\/v2\/categories?post=46467"},{"taxonomy":"post_tag","embeddable":true,"href":"https:\/\/www.portalalerta.com.br\/index.php\/wp-json\/wp\/v2\/tags?post=46467"}],"curies":[{"name":"wp","href":"https:\/\/api.w.org\/{rel}","templated":true}]}}