{"id":46624,"date":"2023-01-04T11:50:26","date_gmt":"2023-01-04T14:50:26","guid":{"rendered":"https:\/\/www.portalalerta.com.br\/?p=46624"},"modified":"2023-01-04T11:50:27","modified_gmt":"2023-01-04T14:50:27","slug":"ministro-da-defesa-causou-incomodo-em-aliados-de-lula-ao-defender-manifestacoes-em-quarteis","status":"publish","type":"post","link":"https:\/\/www.portalalerta.com.br\/index.php\/2023\/01\/04\/ministro-da-defesa-causou-incomodo-em-aliados-de-lula-ao-defender-manifestacoes-em-quarteis\/","title":{"rendered":"Ministro da Defesa causou inc\u00f4modo em aliados de Lula ao defender manifesta\u00e7\u00f5es em quart\u00e9is"},"content":{"rendered":"\n<p>Novo ministro da Defesa, Jos\u00e9 M\u00facio Monteiro desagradou os aliados do\u00a0presidente Luiz In\u00e1cio Lula da Silva (PT)\u00a0com uma declara\u00e7\u00e3o dada ap\u00f3s sua cerim\u00f4nia de posse na \u00faltima segunda-feira (2).<\/p>\n\n\n\n<!--more-->\n\n\n\n<p>Na ocasi\u00e3o, M\u00facio considerou que os acampamentos montados por apoiadores de\u00a0Jair Bolsonaro (PL)\u00a0por todo o pa\u00eds s\u00e3o apenas <strong><em>&#8220;manifesta\u00e7\u00f5es da democracia&#8221;<\/em><\/strong> e devem se <strong><em>&#8220;esvair&#8221;<\/em><\/strong> nos pr\u00f3ximos dias.<\/p>\n\n\n\n<p>O ministro foi al\u00e9m e disse que &#8220;tem parentes e amigos&#8221; que participam das manifesta\u00e7\u00f5es golpistas em Bras\u00edlia e no Recife.<\/p>\n\n\n\n<p>As declara\u00e7\u00f5es n\u00e3o foram bem recebidas por aliados de Lula. O grupo Prerrogativas, um coletivo de juristas apoiadores de Lula, foi um dos mais incomodados.<\/p>\n\n\n\n<p><strong><em>&#8220;N\u00e3o \u00e9 e jamais foi uma manifesta\u00e7\u00e3o democr\u00e1tica&#8221;<\/em><\/strong>, disse um dos integrantes do grupo \u00e0 coluna de Juliana Dal Piva no portal UOL.<\/p>\n\n\n\n<p><em>Fonte: Yahoo Not\u00edcias<\/em><\/p>\n","protected":false},"excerpt":{"rendered":"<p>Novo ministro da Defesa, Jos\u00e9 M\u00facio Monteiro desagradou os aliados do\u00a0presidente Luiz In\u00e1cio Lula da Silva (PT)\u00a0com uma declara\u00e7\u00e3o dada ap\u00f3s sua cerim\u00f4nia de posse na \u00faltima segunda-feira (2).<\/p>\n","protected":false},"author":2,"featured_media":46625,"comment_status":"open","ping_status":"open","sticky":false,"template":"","format":"standard","meta":{"om_disable_all_campaigns":false,"_monsterinsights_skip_tracking":false,"_monsterinsights_sitenote_active":false,"_monsterinsights_sitenote_note":"","_monsterinsights_sitenote_category":0,"footnotes":""},"categories":[34,70,69,21],"tags":[100,71,48,4179,93,75,4178,4180,129,107,4181,132,230,5827,5826,3828,106,203,120,51,109,88,47,111,190],"class_list":["post-46624","post","type-post","status-publish","format-standard","has-post-thumbnail","hentry","category-brasil","category-destaques","category-noticias2","category-politica","tag-adustina","tag-antas","tag-araci","tag-banzae-2","tag-brasil","tag-cicero-dantas","tag-cipo-2","tag-crisopolis-2","tag-euclides-da-cunha","tag-fatima","tag-heliopolis-2","tag-itapicuru","tag-jeremoabo","tag-jose-mucio-monteiro","tag-ministro-da-defesa","tag-noticias","tag-nova-soure","tag-novo-triunfo","tag-olindina","tag-paripiranga","tag-quijingue","tag-ribeira-do-amparo","tag-ribeira-do-pombal","tag-sitio-do-quinto","tag-tucano"],"aioseo_notices":[],"_links":{"self":[{"href":"https:\/\/www.portalalerta.com.br\/index.php\/wp-json\/wp\/v2\/posts\/46624","targetHints":{"allow":["GET"]}}],"collection":[{"href":"https:\/\/www.portalalerta.com.br\/index.php\/wp-json\/wp\/v2\/posts"}],"about":[{"href":"https:\/\/www.portalalerta.com.br\/index.php\/wp-json\/wp\/v2\/types\/post"}],"author":[{"embeddable":true,"href":"https:\/\/www.portalalerta.com.br\/index.php\/wp-json\/wp\/v2\/users\/2"}],"replies":[{"embeddable":true,"href":"https:\/\/www.portalalerta.com.br\/index.php\/wp-json\/wp\/v2\/comments?post=46624"}],"version-history":[{"count":1,"href":"https:\/\/www.portalalerta.com.br\/index.php\/wp-json\/wp\/v2\/posts\/46624\/revisions"}],"predecessor-version":[{"id":46626,"href":"https:\/\/www.portalalerta.com.br\/index.php\/wp-json\/wp\/v2\/posts\/46624\/revisions\/46626"}],"wp:featuredmedia":[{"embeddable":true,"href":"https:\/\/www.portalalerta.com.br\/index.php\/wp-json\/wp\/v2\/media\/46625"}],"wp:attachment":[{"href":"https:\/\/www.portalalerta.com.br\/index.php\/wp-json\/wp\/v2\/media?parent=46624"}],"wp:term":[{"taxonomy":"category","embeddable":true,"href":"https:\/\/www.portalalerta.com.br\/index.php\/wp-json\/wp\/v2\/categories?post=46624"},{"taxonomy":"post_tag","embeddable":true,"href":"https:\/\/www.portalalerta.com.br\/index.php\/wp-json\/wp\/v2\/tags?post=46624"}],"curies":[{"name":"wp","href":"https:\/\/api.w.org\/{rel}","templated":true}]}}