{"id":46628,"date":"2023-01-04T17:50:11","date_gmt":"2023-01-04T20:50:11","guid":{"rendered":"https:\/\/www.portalalerta.com.br\/?p=46628"},"modified":"2023-01-04T17:50:12","modified_gmt":"2023-01-04T20:50:12","slug":"governo-de-jeronimo-rodrigues-comeca-com-reajuste-nas-contas-da-embasa","status":"publish","type":"post","link":"https:\/\/www.portalalerta.com.br\/index.php\/2023\/01\/04\/governo-de-jeronimo-rodrigues-comeca-com-reajuste-nas-contas-da-embasa\/","title":{"rendered":"Governo de Jer\u00f4nimo Rodrigues come\u00e7a com reajuste nas contas da Embasa"},"content":{"rendered":"\n<p>O valor dos servi\u00e7os de \u00e1gua e esgoto ser\u00e3o reajustados em 11,73% na Bahia. De acordo com o governo, o valor inicial solicitado pela prestadora era de 13,35%.<\/p>\n\n\n\n<!--more-->\n\n\n\n<p>Com o reajuste, o valor da tarifa m\u00ednima residencial intermedi\u00e1ria passar\u00e1 de R$ 28,80 para R$ 32,20, para faixa de consumo de 0 a 6 m\u00b3. Em 2021 o\u00a0reajuste foi de 9,15% no estado.<\/p>\n\n\n\n<p>Segundo o governo, o percentual ser\u00e1 aplicado de forma linear sobre as tarifas vigentes e passa a vigorar 30 dias depois da data de publica\u00e7\u00e3o do reajuste.<\/p>\n\n\n\n<p><em>Fonte: Rodrygo Ferraz<\/em><\/p>\n","protected":false},"excerpt":{"rendered":"<p>O valor dos servi\u00e7os de \u00e1gua e esgoto ser\u00e3o reajustados em 11,73% na Bahia. De acordo com o governo, o valor inicial solicitado pela prestadora era de 13,35%.<\/p>\n","protected":false},"author":2,"featured_media":36678,"comment_status":"open","ping_status":"open","sticky":false,"template":"","format":"standard","meta":{"om_disable_all_campaigns":false,"_monsterinsights_skip_tracking":false,"_monsterinsights_sitenote_active":false,"_monsterinsights_sitenote_note":"","_monsterinsights_sitenote_category":0,"footnotes":""},"categories":[33,70,69,21],"tags":[100,2605,71,48,54,4179,75,4178,4180,275,129,107,912,4181,132,230,3828,106,203,120,51,109,401,88,47,111,190],"class_list":["post-46628","post","type-post","status-publish","format-standard","has-post-thumbnail","hentry","category-bahia","category-destaques","category-noticias2","category-politica","tag-adustina","tag-agua","tag-antas","tag-araci","tag-bahia","tag-banzae-2","tag-cicero-dantas","tag-cipo-2","tag-crisopolis-2","tag-embasa","tag-euclides-da-cunha","tag-fatima","tag-governo-da-bahia","tag-heliopolis-2","tag-itapicuru","tag-jeremoabo","tag-noticias","tag-nova-soure","tag-novo-triunfo","tag-olindina","tag-paripiranga","tag-quijingue","tag-reajuste-de-precos","tag-ribeira-do-amparo","tag-ribeira-do-pombal","tag-sitio-do-quinto","tag-tucano"],"aioseo_notices":[],"_links":{"self":[{"href":"https:\/\/www.portalalerta.com.br\/index.php\/wp-json\/wp\/v2\/posts\/46628","targetHints":{"allow":["GET"]}}],"collection":[{"href":"https:\/\/www.portalalerta.com.br\/index.php\/wp-json\/wp\/v2\/posts"}],"about":[{"href":"https:\/\/www.portalalerta.com.br\/index.php\/wp-json\/wp\/v2\/types\/post"}],"author":[{"embeddable":true,"href":"https:\/\/www.portalalerta.com.br\/index.php\/wp-json\/wp\/v2\/users\/2"}],"replies":[{"embeddable":true,"href":"https:\/\/www.portalalerta.com.br\/index.php\/wp-json\/wp\/v2\/comments?post=46628"}],"version-history":[{"count":1,"href":"https:\/\/www.portalalerta.com.br\/index.php\/wp-json\/wp\/v2\/posts\/46628\/revisions"}],"predecessor-version":[{"id":46629,"href":"https:\/\/www.portalalerta.com.br\/index.php\/wp-json\/wp\/v2\/posts\/46628\/revisions\/46629"}],"wp:featuredmedia":[{"embeddable":true,"href":"https:\/\/www.portalalerta.com.br\/index.php\/wp-json\/wp\/v2\/media\/36678"}],"wp:attachment":[{"href":"https:\/\/www.portalalerta.com.br\/index.php\/wp-json\/wp\/v2\/media?parent=46628"}],"wp:term":[{"taxonomy":"category","embeddable":true,"href":"https:\/\/www.portalalerta.com.br\/index.php\/wp-json\/wp\/v2\/categories?post=46628"},{"taxonomy":"post_tag","embeddable":true,"href":"https:\/\/www.portalalerta.com.br\/index.php\/wp-json\/wp\/v2\/tags?post=46628"}],"curies":[{"name":"wp","href":"https:\/\/api.w.org\/{rel}","templated":true}]}}