{"id":46630,"date":"2023-01-04T17:57:01","date_gmt":"2023-01-04T20:57:01","guid":{"rendered":"https:\/\/www.portalalerta.com.br\/?p=46630"},"modified":"2023-01-04T17:57:03","modified_gmt":"2023-01-04T20:57:03","slug":"vai-comecar-a-matricula-para-alunos-novatos-da-rede-municipal-de-ensino-de-ribeira-do-pombal-ba","status":"publish","type":"post","link":"https:\/\/www.portalalerta.com.br\/index.php\/2023\/01\/04\/vai-comecar-a-matricula-para-alunos-novatos-da-rede-municipal-de-ensino-de-ribeira-do-pombal-ba\/","title":{"rendered":"Vai come\u00e7ar a matr\u00edcula para alunos novatos da rede municipal de ensino de Ribeira do Pombal-BA"},"content":{"rendered":"\n<p>A partir da pr\u00f3xima semana, entre os dias 09 a 20 de janeiro as unidades escolares de Ribeira do Pombal-BA v\u00e3o est\u00e1 de bra\u00e7os abertos para realizar as matr\u00edculas de alunos que ainda n\u00e3o s\u00e3o da rede municipal, os chamados \u201cnovatos\u201d ou transferidos.<\/p>\n\n\n\n<!--more-->\n\n\n\n<p>As regras e prazos para as diversas etapas das matr\u00edculas nas escolas municipais est\u00e3o previstas e publicadas no Di\u00e1rio Oficial, no site <strong><a href=\"ribeiradopombal.ba.gov.br\">ribeiradopombal.ba.gov.br<\/a><\/strong>, na Portaria 069\/2022, que estabelece as diretrizes das matr\u00edculas para o ano letivo de 2023 nas Unidades Escolares da Rede Municipal de Ensino.<\/p>\n\n\n\n<p><strong>Para o Ensino Fundamental anos iniciais, anos finais e educa\u00e7\u00e3o de jovens e adultos (EJA), a documenta\u00e7\u00e3o necess\u00e1ria \u00e9:<\/strong><\/p>\n\n\n<div class=\"wp-block-image\">\n<figure class=\"alignright size-full is-resized\"><img fetchpriority=\"high\" decoding=\"async\" src=\"https:\/\/www.portalalerta.com.br\/wp-content\/uploads\/2021\/04\/ELAB.jpg\" alt=\"\" class=\"wp-image-34795\" width=\"411\" height=\"328\" srcset=\"https:\/\/www.portalalerta.com.br\/wp-content\/uploads\/2021\/04\/ELAB.jpg 1000w, https:\/\/www.portalalerta.com.br\/wp-content\/uploads\/2021\/04\/ELAB-300x240.jpg 300w, https:\/\/www.portalalerta.com.br\/wp-content\/uploads\/2021\/04\/ELAB-768x614.jpg 768w, https:\/\/www.portalalerta.com.br\/wp-content\/uploads\/2021\/04\/ELAB-183x146.jpg 183w, https:\/\/www.portalalerta.com.br\/wp-content\/uploads\/2021\/04\/ELAB-50x40.jpg 50w, https:\/\/www.portalalerta.com.br\/wp-content\/uploads\/2021\/04\/ELAB-94x75.jpg 94w\" sizes=\"(max-width: 411px) 100vw, 411px\" \/><\/figure><\/div>\n\n\n<p>. Hist\u00f3rico Escolar original ou declara\u00e7\u00e3o de escolaridade;<br>. Certid\u00e3o de Nascimento ou Casamento, ou RG (c\u00f3pia);<br>. 02 fotografias 3X4 atuais<br>. C\u00f3pia do Cart\u00e3o do SUS<br>. Relat\u00f3rio de aprendizagem para os estudantes com NEEs;<br>. Laudo ou Atestado e Receita M\u00e9dica para estudantes com NEEs;<br>. Original e c\u00f3pia do Cart\u00e3o de Vacinas atualizado para estudantes at\u00e9 18 anos de idade;<br>. C\u00f3pia do NIS (caso seja beneficiado).<\/p>\n\n\n\n<p><strong>Para Educa\u00e7\u00e3o Infantil, a documenta\u00e7\u00e3o necess\u00e1ria \u00e9:<\/strong><br>. 02 fotografias 3\u00d74 atuais.<br>. Original e c\u00f3pia da Certid\u00e3o de Nascimento ou RG da crian\u00e7a;<br>. Original e c\u00f3pia do Cart\u00e3o de Vacinas, atualizado;<br>. Original e c\u00f3pia do Documento de Identidade do respons\u00e1vel;<br>. Original e c\u00f3pia do Comprovante de Resid\u00eancia;<br>. Relat\u00f3rio de aprendizagem em caso de transfer\u00eancia;<br>. Documento de guarda judicial da crian\u00e7a quando for o caso;<br>. C\u00f3pia do comprovante do NIS;<br>. C\u00f3pia do Cart\u00e3o do SUS.<br>. Laudo ou atestado e receita m\u00e9dica para os estudantes com NEEs;<\/p>\n\n\n\n<p>No ato da matr\u00edcula pais e respons\u00e1veis, que declararem estudante com Necessidades Educacionais Especiais (NEE), devem ser orientados a apresentar laudo m\u00e9dico e\/ou relat\u00f3rio acompanhado de receita m\u00e9dica atualizada.<\/p>\n\n\n\n<p><em>Fonte: SECOM\/ Ribeira do Pombal<\/em><\/p>\n","protected":false},"excerpt":{"rendered":"<p>A partir da pr\u00f3xima semana, entre os dias 09 a 20 de janeiro as unidades escolares de Ribeira do Pombal-BA v\u00e3o est\u00e1 de bra\u00e7os abertos para realizar as matr\u00edculas de alunos que ainda n\u00e3o s\u00e3o da rede municipal, os chamados \u201cnovatos\u201d ou transferidos.<\/p>\n","protected":false},"author":2,"featured_media":46631,"comment_status":"open","ping_status":"open","sticky":false,"template":"","format":"standard","meta":{"om_disable_all_campaigns":false,"_monsterinsights_skip_tracking":false,"_monsterinsights_sitenote_active":false,"_monsterinsights_sitenote_note":"","_monsterinsights_sitenote_category":0,"footnotes":""},"categories":[70,20,69,32,3],"tags":[100,71,48,4179,75,4178,4180,140,129,107,4181,132,230,424,3828,106,203,120,51,109,1496,88,47,111],"class_list":["post-46630","post","type-post","status-publish","format-standard","has-post-thumbnail","hentry","category-destaques","category-educacao","category-noticias2","category-regiao","category-ribeira-do-pombal","tag-adustina","tag-antas","tag-araci","tag-banzae-2","tag-cicero-dantas","tag-cipo-2","tag-crisopolis-2","tag-educacao","tag-euclides-da-cunha","tag-fatima","tag-heliopolis-2","tag-itapicuru","tag-jeremoabo","tag-matriculas","tag-noticias","tag-nova-soure","tag-novo-triunfo","tag-olindina","tag-paripiranga","tag-quijingue","tag-rede-municipal-de-ensino","tag-ribeira-do-amparo","tag-ribeira-do-pombal","tag-sitio-do-quinto"],"aioseo_notices":[],"_links":{"self":[{"href":"https:\/\/www.portalalerta.com.br\/index.php\/wp-json\/wp\/v2\/posts\/46630","targetHints":{"allow":["GET"]}}],"collection":[{"href":"https:\/\/www.portalalerta.com.br\/index.php\/wp-json\/wp\/v2\/posts"}],"about":[{"href":"https:\/\/www.portalalerta.com.br\/index.php\/wp-json\/wp\/v2\/types\/post"}],"author":[{"embeddable":true,"href":"https:\/\/www.portalalerta.com.br\/index.php\/wp-json\/wp\/v2\/users\/2"}],"replies":[{"embeddable":true,"href":"https:\/\/www.portalalerta.com.br\/index.php\/wp-json\/wp\/v2\/comments?post=46630"}],"version-history":[{"count":1,"href":"https:\/\/www.portalalerta.com.br\/index.php\/wp-json\/wp\/v2\/posts\/46630\/revisions"}],"predecessor-version":[{"id":46632,"href":"https:\/\/www.portalalerta.com.br\/index.php\/wp-json\/wp\/v2\/posts\/46630\/revisions\/46632"}],"wp:featuredmedia":[{"embeddable":true,"href":"https:\/\/www.portalalerta.com.br\/index.php\/wp-json\/wp\/v2\/media\/46631"}],"wp:attachment":[{"href":"https:\/\/www.portalalerta.com.br\/index.php\/wp-json\/wp\/v2\/media?parent=46630"}],"wp:term":[{"taxonomy":"category","embeddable":true,"href":"https:\/\/www.portalalerta.com.br\/index.php\/wp-json\/wp\/v2\/categories?post=46630"},{"taxonomy":"post_tag","embeddable":true,"href":"https:\/\/www.portalalerta.com.br\/index.php\/wp-json\/wp\/v2\/tags?post=46630"}],"curies":[{"name":"wp","href":"https:\/\/api.w.org\/{rel}","templated":true}]}}