{"id":46633,"date":"2023-01-04T18:05:47","date_gmt":"2023-01-04T21:05:47","guid":{"rendered":"https:\/\/www.portalalerta.com.br\/?p=46633"},"modified":"2023-01-04T18:05:49","modified_gmt":"2023-01-04T21:05:49","slug":"ministra-de-lula-mantem-vinculo-politico-com-familia-de-miliciano","status":"publish","type":"post","link":"https:\/\/www.portalalerta.com.br\/index.php\/2023\/01\/04\/ministra-de-lula-mantem-vinculo-politico-com-familia-de-miliciano\/","title":{"rendered":"Ministra de Lula mant\u00e9m v\u00ednculo pol\u00edtico com fam\u00edlia de miliciano"},"content":{"rendered":"\n<p>O grupo pol\u00edtico da ministra do Turismo, Daniela Carneiro (Uni\u00e3o Brasil), e de seu marido, o prefeito de Belford Roxo, Waguinho (Uni\u00e3o Brasil), mant\u00e9m h\u00e1 ao menos quatro anos v\u00ednculos com a fam\u00edlia do ex-PM Juracy Alves Prud\u00eancio, o Jura, condenado e preso sob acusa\u00e7\u00e3o de chefiar uma mil\u00edcia na Baixada Fluminense.<\/p>\n\n\n\n<!--more-->\n\n\n\n<p>Daniela teve o apoio da ex-vereadora Giane Prud\u00eancio, mulher de Jura, nas elei\u00e7\u00f5es de 2018 e do ano passado. O pr\u00f3prio miliciano se envolveu em atos de campanha de Daniela h\u00e1 quatro anos, quando cumpria as condena\u00e7\u00f5es por homic\u00eddio e associa\u00e7\u00e3o criminosa em regime semiaberto.<\/p>\n\n\n\n<p>Jura, apontado como chefe do chamado <strong>&#8220;Bonde do Jura&#8221;<\/strong>, estava nas ruas em 2018 ap\u00f3s ser nomeado, em junho de 2017, como assessor de uma secretaria da Prefeitura de Belford Roxo, comandada por Waguinho. O emprego lhe garantiu o benef\u00edcio de trabalhar fora da cadeia.<\/p>\n\n\n\n<p>A Justi\u00e7a, por\u00e9m, suspendeu a autoriza\u00e7\u00e3o de trabalho em janeiro de 2020 ap\u00f3s identificar poss\u00edveis irregularidades na atua\u00e7\u00e3o do ex-PM na prefeitura.<\/p>\n\n\n<div class=\"wp-block-image\">\n<figure class=\"alignleft size-full is-resized\"><img fetchpriority=\"high\" decoding=\"async\" src=\"https:\/\/www.portalalerta.com.br\/wp-content\/uploads\/2018\/02\/Auto-Escola-Nobre-1.jpg\" alt=\"\" class=\"wp-image-4959\" width=\"450\" height=\"339\" srcset=\"https:\/\/www.portalalerta.com.br\/wp-content\/uploads\/2018\/02\/Auto-Escola-Nobre-1.jpg 720w, https:\/\/www.portalalerta.com.br\/wp-content\/uploads\/2018\/02\/Auto-Escola-Nobre-1-319x240.jpg 319w, https:\/\/www.portalalerta.com.br\/wp-content\/uploads\/2018\/02\/Auto-Escola-Nobre-1-194x146.jpg 194w, https:\/\/www.portalalerta.com.br\/wp-content\/uploads\/2018\/02\/Auto-Escola-Nobre-1-50x38.jpg 50w, https:\/\/www.portalalerta.com.br\/wp-content\/uploads\/2018\/02\/Auto-Escola-Nobre-1-100x75.jpg 100w\" sizes=\"(max-width: 450px) 100vw, 450px\" \/><\/figure><\/div>\n\n\n<p>Atualmente, Jura est\u00e1 detido na Cadeia P\u00fablica Constantino Cokot\u00f3s, destinada a agentes de seguran\u00e7a presos.<\/p>\n\n\n\n<p>O Minist\u00e9rio P\u00fablico considera que ele \u00e9 &#8220;detentor de poderio e de capacidade para arregimentar homens e armas dentro de sua estrutura criminosa, mesmo estando preso&#8221;. A Secretaria de Administra\u00e7\u00e3o Penitenci\u00e1ria, por sua vez, classifica seu comportamento como excepcional.<\/p>\n\n\n\n<p>Procurada, a assessoria da ministra afirmou apenas que Daniela <strong><em>&#8220;n\u00e3o tem nada a ver com as nomea\u00e7\u00f5es feitas pela prefeitura&#8221;<\/em><\/strong>. A Prefeitura de Belford Roxo n\u00e3o comentou o caso.<\/p>\n\n\n\n<p>O advogado Luan Palmeira, que defende Jura, afirmou que o ex-PM <strong><em>&#8220;n\u00e3o nutre qualquer v\u00ednculo com atividades criminosas&#8221;. Disse ainda que Giane \u00e9 &#8220;pol\u00edtica de grande estima&#8221;<\/em><\/strong> e <strong><em>&#8220;jamais teve seu nome envolvido em qualquer ato de promiscuidade no desempenhar da vida p\u00fablica&#8221;<\/em><\/strong>.<\/p>\n\n\n\n<p><strong><em>&#8220;A pretensa proximidade entre Juracy e Giane Jura com Daniela do Waguinho n\u00e3o possui o cond\u00e3o de arranhar a reputa\u00e7\u00e3o da ministra do Turismo&#8221;<\/em><\/strong>, disse o advogado.<\/p>\n\n\n\n<p>Daniela foi nomeada por Lula como uma forma de contemplar a Uni\u00e3o Brasil e ampliar a presen\u00e7a feminina na montagem dos minist\u00e9rios. Tamb\u00e9m foi uma retribui\u00e7\u00e3o pelo empenho dela e do marido na campanha do segundo turno em favor do petista. O casal foi uma das poucas lideran\u00e7as a apoiar abertamente Lula na Baixada Fluminense.<\/p>\n\n\n\n<p>A ministra foi reeleita deputada federal como a mais votada no Rio de Janeiro. Como a Folha de S.Paulo mostrou, a campanha dela foi marcada pelo apoio irregular de oficiais da Pol\u00edcia Militar e pelo ambiente hostil e armado contra advers\u00e1rios pol\u00edticos de sua base eleitoral.<\/p>\n\n\n\n<p>Uma das apoiadoras de Daniela foi Giane, ex-vereadora de Nova Igua\u00e7u. Em suas redes sociais, a mulher do ex-PM divulgou caminhadas com bandeiras que liderou em favor da ministra e do deputado estadual M\u00e1rcio Canella (Uni\u00e3o Brasil), de quem \u00e9 assessora.<\/p>\n\n\n\n<p>As postagens eram acompanhadas da frase <strong><em>&#8220;fam\u00edlia Jura sempre com voc\u00eas&#8221;<\/em><\/strong>.<\/p>\n\n\n\n<p>Jura \u00e9 ex-cabo da PM. Em 2004 e 2008, tentou uma vaga na C\u00e2mara Municipal de Nova Igua\u00e7u, sem sucesso. Para o Minist\u00e9rio P\u00fablico, o ex-PM tamb\u00e9m usava a estrutura criminosa para exercer influ\u00eancia pol\u00edtica.<\/p>\n\n\n\n<p>Ele foi preso em 2009 sob acusa\u00e7\u00e3o de comandar uma mil\u00edcia nas cidades de Belford Roxo, Queimados, Nova Igua\u00e7u e S\u00e3o Jo\u00e3o de Meriti. Ele foi condenado a 22 anos de reclus\u00e3o pelo homic\u00eddio de um homem em Nova Igua\u00e7u e a quatro anos sob acusa\u00e7\u00e3o de associa\u00e7\u00e3o criminosa.<\/p>\n\n\n\n<p>De acordo com a Promotoria, Jura comandou um grupo paramilitar armado que invadia comunidades da regi\u00e3o exigindo taxa de prote\u00e7\u00e3o de comerciantes e moradores. Ap\u00f3s sua pris\u00e3o, uma manifesta\u00e7\u00e3o na rodovia Presidente Dutra foi feita pedindo sua liberdade.<\/p>\n\n\n\n<p>Em 2012, sua mulher, Giane, conseguiu uma cadeira na C\u00e2mara Municipal de Nova Igua\u00e7u pelo partido PTN. Ela acabou n\u00e3o sendo reeleita quatro anos depois.<\/p>\n\n\n\n<p>Ap\u00f3s oito anos preso, per\u00edodo no qual era considerado de alt\u00edssima periculosidade, Jura conseguiu progress\u00e3o de pena para o regime semiaberto. Em junho de 2017, teve deferido o benef\u00edcio de trabalho extramuros na Prefeitura de Belford Roxo, tendo que pernoitar na cadeia.<\/p>\n\n\n\n<p>A contrata\u00e7\u00e3o de Jura foi revelada pelo jornal Extra em janeiro de 2020. Logo em seguida, a TV Globo divulgou atividades de campanha do ex-PM em favor de Daniela.<\/p>\n\n\n\n<p>Ap\u00f3s as reportagens, a Justi\u00e7a suspendeu o benef\u00edcio ao miliciano, a pedido do Minist\u00e9rio P\u00fablico. Num v\u00eddeo publicado por sua mulher nas redes sociais, ele agradeceu a Waguinho pela oportunidade de ressocializa\u00e7\u00e3o.<\/p>\n\n\n\n<p>As investiga\u00e7\u00f5es do Minist\u00e9rio P\u00fablico mostraram ind\u00edcios de irregularidade na comprova\u00e7\u00e3o da presen\u00e7a ao trabalho.<\/p>\n\n\n\n<p>As folhas de ponto, apresentadas como prova de comparecimento ao trabalho, estavam assinadas pelo secret\u00e1rio Robenilson Fernandes, mesmo em per\u00edodos no qual ele n\u00e3o estava no cargo como chefe imediato de Jura.<\/p>\n\n\n\n<p>O pr\u00f3prio ex-PM afirmou, em depoimento \u00e0 Promotoria, que n\u00e3o foi empossado no cargo e que n\u00e3o estava recebendo os R$ 3.000 mensais de remunera\u00e7\u00e3o devida.<\/p>\n\n\n\n<p>Apesar disso, o miliciano foi absolvido pelo epis\u00f3dio no processo administrativo dentro da Secretaria de Administra\u00e7\u00e3o Penitenci\u00e1ria. A apura\u00e7\u00e3o teve como \u00fanica dilig\u00eancia o depoimento do ex-PM.<\/p>\n\n\n\n<p>Contudo o epis\u00f3dio tem gerado dificuldades no relaxamento da pris\u00e3o de Jura. A defesa do ex-PM solicitou no ano passado autoriza\u00e7\u00e3o para visita peri\u00f3dica ao lar. Apesar de ter um comportamento considerado excepcional, o pedido foi negado pela Vara de Execu\u00e7\u00e3o Penais.<\/p>\n\n\n\n<p>Um dos argumentos apresentados pela Justi\u00e7a foi o relat\u00f3rio de intelig\u00eancia apresentado pelo Minist\u00e9rio P\u00fablico, defendendo o indeferimento do pedido.<\/p>\n\n\n\n<p><strong>PROXIMIDADE N\u00c3O ARRANHA REPUTA\u00c7\u00c3O DE MINISTRA, DIZ ADVOGADO<\/strong><\/p>\n\n\n\n<p>O advogado Luan Palmeira, que defende Jura, disse que o ex-PM <strong><em>&#8220;n\u00e3o nutre qualquer v\u00ednculo com atividades criminosas&#8221;<\/em><\/strong>.<\/p>\n\n\n\n<p><strong><em>&#8220;Ele cumpre pena h\u00e1 mais de 15 anos e ostenta comportamento carcer\u00e1rio excepcional. Inclusive, sua fam\u00edlia n\u00e3o mais reside na Baixada Fluminense h\u00e1 bastante tempo. A prop\u00f3sito, acerca das supostas ilegalidades na presta\u00e7\u00e3o do trabalho extramuros junto \u00e0 Prefeitura de Belford Roxo, \u00e9 de bom tom ressaltar que Juracy foi absolvido das referidas acusa\u00e7\u00f5es.&#8221;<\/em><\/strong><\/p>\n\n\n\n<p>Palmeira disse tamb\u00e9m que Giane \u00e9 <strong><em>&#8220;m\u00e3e, trabalhadora, ex-vereadora e pol\u00edtica de grande estima&#8221;<\/em><\/strong> e que <strong><em>&#8220;jamais teve seu nome envolvido em qualquer ato de promiscuidade no desempenhar da vida p\u00fablica&#8221;.<\/em><\/strong><\/p>\n\n\n\n<p><strong><em>&#8220;Portanto, a pretensa proximidade entre Juracy e Giane Jura com Daniela do Waguinho n\u00e3o possui o cond\u00e3o de arranhar a reputa\u00e7\u00e3o da ministra do Turismo&#8221;<\/em><\/strong>, afirmou o advogado.<\/p>\n\n\n\n<p>As assessorias do Minist\u00e9rio do Turismo e da Prefeitura de Belford Roxo n\u00e3o comentaram o caso.<\/p>\n\n\n\n<p><em>Fonte: Yahoo Not\u00edcias<\/em><\/p>\n","protected":false},"excerpt":{"rendered":"<p>O grupo pol\u00edtico da ministra do Turismo, Daniela Carneiro (Uni\u00e3o Brasil), e de seu marido, o prefeito de Belford Roxo, Waguinho (Uni\u00e3o Brasil), mant\u00e9m h\u00e1 ao menos quatro anos v\u00ednculos com a fam\u00edlia do ex-PM Juracy Alves Prud\u00eancio, o Jura, condenado e preso sob acusa\u00e7\u00e3o de chefiar uma mil\u00edcia na Baixada Fluminense.<\/p>\n","protected":false},"author":2,"featured_media":46634,"comment_status":"open","ping_status":"open","sticky":false,"template":"","format":"standard","meta":{"om_disable_all_campaigns":false,"_monsterinsights_skip_tracking":false,"_monsterinsights_sitenote_active":false,"_monsterinsights_sitenote_note":"","_monsterinsights_sitenote_category":0,"footnotes":""},"categories":[34,70,69,21],"tags":[100,71,48,4179,93,75,4178,4180,5829,129,107,4181,132,230,836,5828,3828,106,203,120,51,199,109,88,47,111,190],"class_list":["post-46633","post","type-post","status-publish","format-standard","has-post-thumbnail","hentry","category-brasil","category-destaques","category-noticias2","category-politica","tag-adustina","tag-antas","tag-araci","tag-banzae-2","tag-brasil","tag-cicero-dantas","tag-cipo-2","tag-crisopolis-2","tag-daniela-carneiro","tag-euclides-da-cunha","tag-fatima","tag-heliopolis-2","tag-itapicuru","tag-jeremoabo","tag-milicia","tag-ministra-do-turismo","tag-noticias","tag-nova-soure","tag-novo-triunfo","tag-olindina","tag-paripiranga","tag-politica","tag-quijingue","tag-ribeira-do-amparo","tag-ribeira-do-pombal","tag-sitio-do-quinto","tag-tucano"],"aioseo_notices":[],"_links":{"self":[{"href":"https:\/\/www.portalalerta.com.br\/index.php\/wp-json\/wp\/v2\/posts\/46633","targetHints":{"allow":["GET"]}}],"collection":[{"href":"https:\/\/www.portalalerta.com.br\/index.php\/wp-json\/wp\/v2\/posts"}],"about":[{"href":"https:\/\/www.portalalerta.com.br\/index.php\/wp-json\/wp\/v2\/types\/post"}],"author":[{"embeddable":true,"href":"https:\/\/www.portalalerta.com.br\/index.php\/wp-json\/wp\/v2\/users\/2"}],"replies":[{"embeddable":true,"href":"https:\/\/www.portalalerta.com.br\/index.php\/wp-json\/wp\/v2\/comments?post=46633"}],"version-history":[{"count":1,"href":"https:\/\/www.portalalerta.com.br\/index.php\/wp-json\/wp\/v2\/posts\/46633\/revisions"}],"predecessor-version":[{"id":46635,"href":"https:\/\/www.portalalerta.com.br\/index.php\/wp-json\/wp\/v2\/posts\/46633\/revisions\/46635"}],"wp:featuredmedia":[{"embeddable":true,"href":"https:\/\/www.portalalerta.com.br\/index.php\/wp-json\/wp\/v2\/media\/46634"}],"wp:attachment":[{"href":"https:\/\/www.portalalerta.com.br\/index.php\/wp-json\/wp\/v2\/media?parent=46633"}],"wp:term":[{"taxonomy":"category","embeddable":true,"href":"https:\/\/www.portalalerta.com.br\/index.php\/wp-json\/wp\/v2\/categories?post=46633"},{"taxonomy":"post_tag","embeddable":true,"href":"https:\/\/www.portalalerta.com.br\/index.php\/wp-json\/wp\/v2\/tags?post=46633"}],"curies":[{"name":"wp","href":"https:\/\/api.w.org\/{rel}","templated":true}]}}