{"id":46640,"date":"2023-01-05T11:25:25","date_gmt":"2023-01-05T14:25:25","guid":{"rendered":"https:\/\/www.portalalerta.com.br\/?p=46640"},"modified":"2023-01-05T11:25:26","modified_gmt":"2023-01-05T14:25:26","slug":"cetep-jeremoabo-abre-inscricoes-para-cursos-tecnicos-em-administracao-agropecuaria-e-informatica","status":"publish","type":"post","link":"https:\/\/www.portalalerta.com.br\/index.php\/2023\/01\/05\/cetep-jeremoabo-abre-inscricoes-para-cursos-tecnicos-em-administracao-agropecuaria-e-informatica\/","title":{"rendered":"CETEP Jeremoabo abre inscri\u00e7\u00f5es para cursos t\u00e9cnicos em Administra\u00e7\u00e3o, Agropecu\u00e1ria e Inform\u00e1tica"},"content":{"rendered":"\n<p>Na ter\u00e7a-feira (03), o Centro Territorial de Educa\u00e7\u00e3o Profissional do Semi\u00e1rido Nordeste II (CETEP), antiga Escola Agr\u00edcola de Jeremoabo, abriu as matr\u00edculas para os cursos t\u00e9cnicos, que possuem duas modalidades,&nbsp;<strong><em>SUBSEQUENTE (PROSUB)<\/em><\/strong>&nbsp;e<strong><em>&nbsp;INTEGRADO (EPI)<\/em><\/strong><\/p>\n\n\n\n<!--more-->\n\n\n\n<p>Est\u00e3o aptos para fazer a matr\u00edcula na modalidade&nbsp;<strong><em>SUBSEQUENTE<\/em><\/strong>&nbsp;os alunos que j\u00e1 conclu\u00edram o&nbsp;<strong><em>ENSINO M\u00c9DIO.<\/em><\/strong>&nbsp;Nesta modalidade ser\u00e3o oferecidos os cursos de&nbsp;<strong><em>T\u00c9CNICO EM ADMINISTRA\u00c7\u00c3O<\/em><\/strong>&nbsp;e&nbsp;<strong><em>T\u00c9CNICO EM AGROPECU\u00c1RIA<\/em><\/strong>, os dois no turno noturno, o curso tem dura\u00e7\u00e3o de 1 ano e seis meses. As matr\u00edculas acontecer\u00e3o entre os dias&nbsp;<strong><em>03 e 14\/01\/2023.<\/em><\/strong><\/p>\n\n\n\n<p>Est\u00e3o aptos para fazer a matr\u00edcula na modalidade&nbsp;<strong><em>INTEGRADA&nbsp;<\/em><\/strong>os alunos que conclu\u00edram o<strong><em>&nbsp;ENSINO FUNDAMENTAL<\/em><\/strong>, ou seja, os alunos que conclu\u00edram o 9\u00ba ano. Nesta modalidade as oportunidades s\u00e3o para os cursos de&nbsp;<strong><em>T\u00c9CNICOS EM AGROPECU\u00c1RIA<\/em><\/strong>&nbsp;e&nbsp;<strong><em>T\u00c9CNICO EM INFORM\u00c1TICA<\/em><\/strong>, os dois no turno matutino, nestes cursos os alunos concluintes j\u00e1 saem com uma profiss\u00e3o, j\u00e1 que \u00e9 ensino m\u00e9dio\/t\u00e9cnico, o curso tem dura\u00e7\u00e3o de 3 anos. As matr\u00edculas acontecer\u00e3o entre os dias&nbsp;<strong><em>16 e 19\/01\/2023.<\/em><\/strong><\/p>\n\n\n\n<p>S\u00e3o apenas 35 vagas em cada curso. Para inscreve-se clique no link:&nbsp;<a href=\"http:\/\/processoseletivoeptec.educacao.ba.gov.br\/inscricao\"><strong><em>http:\/\/processoseletivoeptec.educacao.ba.gov.br\/inscricao<\/em><\/strong><\/a><\/p>\n\n\n\n<p>Qualquer d\u00favida entre em contato com os n\u00fameros (75)9.9954-3364 (Marta) ou (75)9.8220-5668 (Den\u00edsia)<\/p>\n\n\n\n<p><em>Fonte: Rodrygo Ferraz<\/em><\/p>\n","protected":false},"excerpt":{"rendered":"<p>Na ter\u00e7a-feira (03), o Centro Territorial de Educa\u00e7\u00e3o Profissional do Semi\u00e1rido Nordeste II (CETEP), antiga Escola Agr\u00edcola de Jeremoabo, abriu as matr\u00edculas para os cursos t\u00e9cnicos, que possuem duas modalidades,&nbsp;SUBSEQUENTE (PROSUB)&nbsp;e&nbsp;INTEGRADO (EPI)<\/p>\n","protected":false},"author":2,"featured_media":43642,"comment_status":"open","ping_status":"open","sticky":false,"template":"","format":"standard","meta":{"om_disable_all_campaigns":false,"_monsterinsights_skip_tracking":false,"_monsterinsights_sitenote_active":false,"_monsterinsights_sitenote_note":"","_monsterinsights_sitenote_category":0,"footnotes":""},"categories":[70,20,9,69,32],"tags":[100,71,48,4179,75,4178,4180,140,129,107,4181,132,230,424,3828,106,203,120,51,109,88,47,111,190],"class_list":["post-46640","post","type-post","status-publish","format-standard","has-post-thumbnail","hentry","category-destaques","category-educacao","category-jeremoabo","category-noticias2","category-regiao","tag-adustina","tag-antas","tag-araci","tag-banzae-2","tag-cicero-dantas","tag-cipo-2","tag-crisopolis-2","tag-educacao","tag-euclides-da-cunha","tag-fatima","tag-heliopolis-2","tag-itapicuru","tag-jeremoabo","tag-matriculas","tag-noticias","tag-nova-soure","tag-novo-triunfo","tag-olindina","tag-paripiranga","tag-quijingue","tag-ribeira-do-amparo","tag-ribeira-do-pombal","tag-sitio-do-quinto","tag-tucano"],"aioseo_notices":[],"_links":{"self":[{"href":"https:\/\/www.portalalerta.com.br\/index.php\/wp-json\/wp\/v2\/posts\/46640","targetHints":{"allow":["GET"]}}],"collection":[{"href":"https:\/\/www.portalalerta.com.br\/index.php\/wp-json\/wp\/v2\/posts"}],"about":[{"href":"https:\/\/www.portalalerta.com.br\/index.php\/wp-json\/wp\/v2\/types\/post"}],"author":[{"embeddable":true,"href":"https:\/\/www.portalalerta.com.br\/index.php\/wp-json\/wp\/v2\/users\/2"}],"replies":[{"embeddable":true,"href":"https:\/\/www.portalalerta.com.br\/index.php\/wp-json\/wp\/v2\/comments?post=46640"}],"version-history":[{"count":1,"href":"https:\/\/www.portalalerta.com.br\/index.php\/wp-json\/wp\/v2\/posts\/46640\/revisions"}],"predecessor-version":[{"id":46641,"href":"https:\/\/www.portalalerta.com.br\/index.php\/wp-json\/wp\/v2\/posts\/46640\/revisions\/46641"}],"wp:featuredmedia":[{"embeddable":true,"href":"https:\/\/www.portalalerta.com.br\/index.php\/wp-json\/wp\/v2\/media\/43642"}],"wp:attachment":[{"href":"https:\/\/www.portalalerta.com.br\/index.php\/wp-json\/wp\/v2\/media?parent=46640"}],"wp:term":[{"taxonomy":"category","embeddable":true,"href":"https:\/\/www.portalalerta.com.br\/index.php\/wp-json\/wp\/v2\/categories?post=46640"},{"taxonomy":"post_tag","embeddable":true,"href":"https:\/\/www.portalalerta.com.br\/index.php\/wp-json\/wp\/v2\/tags?post=46640"}],"curies":[{"name":"wp","href":"https:\/\/api.w.org\/{rel}","templated":true}]}}