{"id":46642,"date":"2023-01-05T11:44:43","date_gmt":"2023-01-05T14:44:43","guid":{"rendered":"https:\/\/www.portalalerta.com.br\/?p=46642"},"modified":"2023-01-05T11:44:45","modified_gmt":"2023-01-05T14:44:45","slug":"seape-nega-que-cacique-tserere-tenha-sofrido-parada-cardiaca-na-papuda","status":"publish","type":"post","link":"https:\/\/www.portalalerta.com.br\/index.php\/2023\/01\/05\/seape-nega-que-cacique-tserere-tenha-sofrido-parada-cardiaca-na-papuda\/","title":{"rendered":"Seape nega que Cacique Tserere tenha sofrido parada card\u00edaca na Papuda"},"content":{"rendered":"\n<h2 class=\"wp-block-heading\"><strong>Bolsonaristas acreditaram que ind\u00edgena teria sido envenenado ap\u00f3s not\u00edcia de que cacique sofreu parada card\u00edaca na pris\u00e3o<\/strong><\/h2>\n\n\n\n<!--more-->\n\n\n\n<p>Ap\u00f3s bolsonaristas divulgarem que o\u00a0ind\u00edgena Cacique Tserere\u00a0teria sofrido uma parada card\u00edaca no\u00a0Complexo Penitenci\u00e1rio da Papuda, nessa ter\u00e7a-feira (3\/1), a Secretaria de Administra\u00e7\u00e3o Penitenci\u00e1ria do Distrito Federal (Seape\/DF) informou que o preso est\u00e1 em <strong><em>\u201cperfeitas condi\u00e7\u00f5es de sa\u00fade\u201d<\/em><\/strong>.<\/p>\n\n\n<div class=\"wp-block-image\">\n<figure class=\"alignleft size-full is-resized\"><img fetchpriority=\"high\" decoding=\"async\" src=\"https:\/\/www.portalalerta.com.br\/wp-content\/uploads\/2021\/04\/ELAB.jpg\" alt=\"\" class=\"wp-image-34795\" width=\"374\" height=\"298\" srcset=\"https:\/\/www.portalalerta.com.br\/wp-content\/uploads\/2021\/04\/ELAB.jpg 1000w, https:\/\/www.portalalerta.com.br\/wp-content\/uploads\/2021\/04\/ELAB-300x240.jpg 300w, https:\/\/www.portalalerta.com.br\/wp-content\/uploads\/2021\/04\/ELAB-768x614.jpg 768w, https:\/\/www.portalalerta.com.br\/wp-content\/uploads\/2021\/04\/ELAB-183x146.jpg 183w, https:\/\/www.portalalerta.com.br\/wp-content\/uploads\/2021\/04\/ELAB-50x40.jpg 50w, https:\/\/www.portalalerta.com.br\/wp-content\/uploads\/2021\/04\/ELAB-94x75.jpg 94w\" sizes=\"(max-width: 374px) 100vw, 374px\" \/><\/figure><\/div>\n\n\n<p>Em publica\u00e7\u00e3o nas redes sociais, a esposa do ind\u00edgena, Sueli Xavante, comentou que Tserere ficou <strong><em>\u201cmuito ruim dentro do pres\u00eddio\u201d<\/em><\/strong>, mas estava passando bem. Depois do post, apoiadores do\u00a0ex-presidente Jair Messias Bolsonaro (PL)\u00a0compartilharam que o cacique poderia ter sido <strong><em>\u201cenvenenado\u201d<\/em><\/strong> e <strong><em>\u201celiminado\u201d<\/em><\/strong>.<\/p>\n\n\n\n<p>A ex-deputada federal, Silvia Wai\u00e3pi, escreveu que Tserere teria sofrido parada card\u00edaca por uma poss\u00edvel <strong><em>\u201caltera\u00e7\u00e3o metab\u00f3lica relacionada a uma suposta diabetes n\u00e3o insul\u00ednica\u201d<\/em><\/strong>.<\/p>\n\n\n\n<p><strong>o informe de que a equipe m\u00e9dica foi acionada para atendimento de emerg\u00eancia em uma PCR por possivel altera\u00e7\u00e3o metab\u00f3lica relacionada a uma suposta diabetes n\u00e3o insulinica! Estranho! Mas que ele havia sido atendido! Ainda aguardando mais informa\u00e7\u00f5es.<\/strong><\/p>\n\n\n\n<p>\u2014 Silvia Wai\u00e3pi (@silviawaiapi)\u00a0<a rel=\"noreferrer noopener\" href=\"https:\/\/twitter.com\/silviawaiapi\/status\/1610418789027352576?ref_src=twsrc%5Etfw\" target=\"_blank\">January 3, 2023<\/a><\/p>\n\n\n\n<p>Em nota, a Seape informou que o ind\u00edgena \u00e9 diab\u00e9tico e est\u00e1 sendo acompanhado diariamente pela equipe de sa\u00fade da unidade prisional. A pasta relatou que n\u00e3o houve qualquer intercorr\u00eancia na ter\u00e7a.<\/p>\n\n\n\n<p><em><strong>\u201cA Secretaria de Administra\u00e7\u00e3o Penitenci\u00e1ria do Distrito Federal (Seape\/DF) e a Secretaria de Sa\u00fade informam que o custodiado J.A.S.X.(42anos) encontra-se em<\/strong><\/em><strong> <em>perfeitas condi\u00e7\u00f5es de sa\u00fade.<\/em><\/strong><\/p>\n\n\n\n<p><em><strong>O referido reeducando \u00e9 diab\u00e9tico e est\u00e1 sendo acompanhado diariamente pela equipe de sa\u00fade da unidade prisional. Destaca-se que n\u00e3o houve qualquer intercorr\u00eancia na data de hoje.<\/strong><\/em><strong><\/strong><\/p>\n\n\n\n<p><em><strong>A Secretaria de Administra\u00e7\u00e3o Penitenci\u00e1ria e a Secretaria de Sa\u00fade se colocam \u00e0 disposi\u00e7\u00e3o para esclarecimentos adicionais\u201d.<\/strong><\/em><strong><\/strong><\/p>\n\n\n\n<h2 class=\"wp-block-heading\"><strong>Saiba quem \u00e9 o Cacique Tserere<\/strong><\/h2>\n\n\n\n<p>Evang\u00e9lico e autodenominado pastor, Jos\u00e9 Ac\u00e1cio Serere Xavante ganhou notoriedade entre grupos bolsonaristas desde que as manifesta\u00e7\u00f5es em frente ao Quartel-General do Ex\u00e9rcito come\u00e7aram em Bras\u00edlia.<\/p>\n\n\n\n<p>Sempre sem camisa e com o corpo pintado, ele costuma ser filmado criticando o presidente do Tribunal Superior Eleitoral (TSE), Alexandre de Moraes, e afirmando que teria havido algum tipo de fraude na elei\u00e7\u00e3o que deu a vit\u00f3ria a Luiz In\u00e1cio Lula da Silva (PT).<\/p>\n\n\n\n<p>Segundo a Pol\u00edcia Federal (PF), o ind\u00edgena teria realizado manifesta\u00e7\u00f5es de cunho antidemocr\u00e1tico em diversos locais, como em frente ao Congresso Nacional, no Aeroporto Internacional de Bras\u00edlia, no Park Shopping, na Esplanada dos Minist\u00e9rios e em frente ao hotel onde est\u00e1 hospedado o presidente Lula (PT).<\/p>\n\n\n\n<p><em>Fonte: Metr\u00f3poles<\/em><\/p>\n","protected":false},"excerpt":{"rendered":"<p>Bolsonaristas acreditaram que ind\u00edgena teria sido envenenado ap\u00f3s not\u00edcia de que cacique sofreu parada card\u00edaca na pris\u00e3o<\/p>\n","protected":false},"author":2,"featured_media":46643,"comment_status":"open","ping_status":"open","sticky":false,"template":"","format":"standard","meta":{"om_disable_all_campaigns":false,"_monsterinsights_skip_tracking":false,"_monsterinsights_sitenote_active":false,"_monsterinsights_sitenote_note":"","_monsterinsights_sitenote_category":0,"footnotes":""},"categories":[34,70,69],"tags":[100,71,48,4179,93,5830,75,4178,4180,539,129,107,4624,132,230,3828,106,203,120,51,109,88,47,111,190],"class_list":["post-46642","post","type-post","status-publish","format-standard","has-post-thumbnail","hentry","category-brasil","category-destaques","category-noticias2","tag-adustina","tag-antas","tag-araci","tag-banzae-2","tag-brasil","tag-cacique","tag-cicero-dantas","tag-cipo-2","tag-crisopolis-2","tag-distrito-federal","tag-euclides-da-cunha","tag-fatima","tag-indio","tag-itapicuru","tag-jeremoabo","tag-noticias","tag-nova-soure","tag-novo-triunfo","tag-olindina","tag-paripiranga","tag-quijingue","tag-ribeira-do-amparo","tag-ribeira-do-pombal","tag-sitio-do-quinto","tag-tucano"],"aioseo_notices":[],"_links":{"self":[{"href":"https:\/\/www.portalalerta.com.br\/index.php\/wp-json\/wp\/v2\/posts\/46642","targetHints":{"allow":["GET"]}}],"collection":[{"href":"https:\/\/www.portalalerta.com.br\/index.php\/wp-json\/wp\/v2\/posts"}],"about":[{"href":"https:\/\/www.portalalerta.com.br\/index.php\/wp-json\/wp\/v2\/types\/post"}],"author":[{"embeddable":true,"href":"https:\/\/www.portalalerta.com.br\/index.php\/wp-json\/wp\/v2\/users\/2"}],"replies":[{"embeddable":true,"href":"https:\/\/www.portalalerta.com.br\/index.php\/wp-json\/wp\/v2\/comments?post=46642"}],"version-history":[{"count":1,"href":"https:\/\/www.portalalerta.com.br\/index.php\/wp-json\/wp\/v2\/posts\/46642\/revisions"}],"predecessor-version":[{"id":46644,"href":"https:\/\/www.portalalerta.com.br\/index.php\/wp-json\/wp\/v2\/posts\/46642\/revisions\/46644"}],"wp:featuredmedia":[{"embeddable":true,"href":"https:\/\/www.portalalerta.com.br\/index.php\/wp-json\/wp\/v2\/media\/46643"}],"wp:attachment":[{"href":"https:\/\/www.portalalerta.com.br\/index.php\/wp-json\/wp\/v2\/media?parent=46642"}],"wp:term":[{"taxonomy":"category","embeddable":true,"href":"https:\/\/www.portalalerta.com.br\/index.php\/wp-json\/wp\/v2\/categories?post=46642"},{"taxonomy":"post_tag","embeddable":true,"href":"https:\/\/www.portalalerta.com.br\/index.php\/wp-json\/wp\/v2\/tags?post=46642"}],"curies":[{"name":"wp","href":"https:\/\/api.w.org\/{rel}","templated":true}]}}