{"id":46672,"date":"2023-01-06T17:08:33","date_gmt":"2023-01-06T20:08:33","guid":{"rendered":"https:\/\/www.portalalerta.com.br\/?p=46672"},"modified":"2023-01-06T17:08:34","modified_gmt":"2023-01-06T20:08:34","slug":"allan-dos-santos-min-da-justica-de-lula-aciona-eua-e-interpol-por-extradicao","status":"publish","type":"post","link":"https:\/\/www.portalalerta.com.br\/index.php\/2023\/01\/06\/allan-dos-santos-min-da-justica-de-lula-aciona-eua-e-interpol-por-extradicao\/","title":{"rendered":"Allan dos Santos: Min. da Justi\u00e7a de Lula aciona EUA e Interpol por extradi\u00e7\u00e3o"},"content":{"rendered":"\n<p>O Minist\u00e9rio da Justi\u00e7a de Luiz In\u00e1cio Lula da Silva (PT) procurou o governo dos Estados Unidos e a Interpol, em Lyon (Fran\u00e7a), com o objetivo de acelerar o processo de extradi\u00e7\u00e3o do influenciador bolsonarista Allan dos Santos, que est\u00e1 no pa\u00eds desde 2020.<\/p>\n\n\n\n<!--more-->\n\n\n\n<p>At\u00e9 o momento, a pasta de Fl\u00e1vio Dino fez um primeiro contato de aproxima\u00e7\u00e3o. Alvo de apura\u00e7\u00f5es que tramitam no Supremo Tribunal Federal sobre a exist\u00eancia de uma mil\u00edcia digital para atacar a democracia e as institui\u00e7\u00f5es, Allan \u00e9 considerado foragido desde que foi ordenada sua pris\u00e3o preventiva no inqu\u00e9rito das fake news, em 2021, a pedido da Pol\u00edcia Federal.<\/p>\n\n\n<div class=\"wp-block-image\">\n<figure class=\"alignleft size-full is-resized\"><img fetchpriority=\"high\" decoding=\"async\" src=\"https:\/\/www.portalalerta.com.br\/wp-content\/uploads\/2021\/04\/ELAB.jpg\" alt=\"\" class=\"wp-image-34795\" width=\"407\" height=\"325\" srcset=\"https:\/\/www.portalalerta.com.br\/wp-content\/uploads\/2021\/04\/ELAB.jpg 1000w, https:\/\/www.portalalerta.com.br\/wp-content\/uploads\/2021\/04\/ELAB-300x240.jpg 300w, https:\/\/www.portalalerta.com.br\/wp-content\/uploads\/2021\/04\/ELAB-768x614.jpg 768w, https:\/\/www.portalalerta.com.br\/wp-content\/uploads\/2021\/04\/ELAB-183x146.jpg 183w, https:\/\/www.portalalerta.com.br\/wp-content\/uploads\/2021\/04\/ELAB-50x40.jpg 50w, https:\/\/www.portalalerta.com.br\/wp-content\/uploads\/2021\/04\/ELAB-94x75.jpg 94w\" sizes=\"(max-width: 407px) 100vw, 407px\" \/><\/figure><\/div>\n\n\n<p>No governo Jair Bolsonaro (PL), houve suspeitas de falta de empenho para obter a extradi\u00e7\u00e3o do influenciador digital. Mensagens interceptadas pela Pol\u00edcia Federal mostraram que o deputado federal Eduardo Bolsonaro (PL-SP), filho do ex-presidente, ofereceu ajuda a Allan para deixar o Brasil.<\/p>\n\n\n\n<p>Da Interpol, o governo brasileiro espera a inclus\u00e3o na lista de procurados. A entidade, que re\u00fane representantes de pol\u00edcias de cerca de 200 pa\u00edses, segura pedido do STF para colocar Allan na chamada difus\u00e3o vermelha desde o ano passado.<\/p>\n\n\n\n<p>Em 2021, ap\u00f3s a ordem de pris\u00e3o, o Brasil acionou os Estados Unidos, por meio do DRCI (Departamento de Recupera\u00e7\u00e3o de Ativos e Coopera\u00e7\u00e3o Internacional), e enviou o pedido \u00e0 Interpol para inclus\u00e3o na difus\u00e3o vermelha. Em geral, a inclus\u00e3o ocorre de maneira c\u00e9lere, o que n\u00e3o ocorreu dessa vez \u0097de forma in\u00e9dita, como mostrou a Folha de S.Paulo.<\/p>\n\n\n\n<p>Como a Pol\u00edcia Federal representa o Brasil na Interpol, \u00e9 por meio dela que os pedidos com base em decis\u00f5es judiciais chegam \u00e0 Interpol.<\/p>\n\n\n\n<p>Em novembro de 2022, reportagem do site Metr\u00f3poles mostrou que o ministro Alexandre de Moraes, do STF, determinou o cancelamento do passaporte de Allan, deixando-o sem documento de identifica\u00e7\u00e3o v\u00e1lido nos Estados Unidos.<\/p>\n\n\n\n<p><em>Fonte: Yahoo Not\u00edcias<\/em><\/p>\n","protected":false},"excerpt":{"rendered":"<p>O Minist\u00e9rio da Justi\u00e7a de Luiz In\u00e1cio Lula da Silva (PT) procurou o governo dos Estados Unidos e a Interpol, em Lyon (Fran\u00e7a), com o objetivo de acelerar o processo de extradi\u00e7\u00e3o do influenciador bolsonarista Allan dos Santos, que est\u00e1 no pa\u00eds desde 2020.<\/p>\n","protected":false},"author":2,"featured_media":38797,"comment_status":"open","ping_status":"open","sticky":false,"template":"","format":"standard","meta":{"om_disable_all_campaigns":false,"_monsterinsights_skip_tracking":false,"_monsterinsights_sitenote_active":false,"_monsterinsights_sitenote_note":"","_monsterinsights_sitenote_category":0,"footnotes":""},"categories":[34,70,35,69,21],"tags":[100,4966,71,48,4179,93,75,4178,4180,327,129,766,107,5769,4181,132,230,1774,339,3828,106,203,120,51,109,88,47,111,190],"class_list":["post-46672","post","type-post","status-publish","format-standard","has-post-thumbnail","hentry","category-brasil","category-destaques","category-mundo","category-noticias2","category-politica","tag-adustina","tag-allan-dos-santos","tag-antas","tag-araci","tag-banzae-2","tag-brasil","tag-cicero-dantas","tag-cipo-2","tag-crisopolis-2","tag-eua","tag-euclides-da-cunha","tag-extradicao","tag-fatima","tag-flavio-dino","tag-heliopolis-2","tag-itapicuru","tag-jeremoabo","tag-ministro-da-justica","tag-mundo","tag-noticias","tag-nova-soure","tag-novo-triunfo","tag-olindina","tag-paripiranga","tag-quijingue","tag-ribeira-do-amparo","tag-ribeira-do-pombal","tag-sitio-do-quinto","tag-tucano"],"aioseo_notices":[],"_links":{"self":[{"href":"https:\/\/www.portalalerta.com.br\/index.php\/wp-json\/wp\/v2\/posts\/46672","targetHints":{"allow":["GET"]}}],"collection":[{"href":"https:\/\/www.portalalerta.com.br\/index.php\/wp-json\/wp\/v2\/posts"}],"about":[{"href":"https:\/\/www.portalalerta.com.br\/index.php\/wp-json\/wp\/v2\/types\/post"}],"author":[{"embeddable":true,"href":"https:\/\/www.portalalerta.com.br\/index.php\/wp-json\/wp\/v2\/users\/2"}],"replies":[{"embeddable":true,"href":"https:\/\/www.portalalerta.com.br\/index.php\/wp-json\/wp\/v2\/comments?post=46672"}],"version-history":[{"count":1,"href":"https:\/\/www.portalalerta.com.br\/index.php\/wp-json\/wp\/v2\/posts\/46672\/revisions"}],"predecessor-version":[{"id":46673,"href":"https:\/\/www.portalalerta.com.br\/index.php\/wp-json\/wp\/v2\/posts\/46672\/revisions\/46673"}],"wp:featuredmedia":[{"embeddable":true,"href":"https:\/\/www.portalalerta.com.br\/index.php\/wp-json\/wp\/v2\/media\/38797"}],"wp:attachment":[{"href":"https:\/\/www.portalalerta.com.br\/index.php\/wp-json\/wp\/v2\/media?parent=46672"}],"wp:term":[{"taxonomy":"category","embeddable":true,"href":"https:\/\/www.portalalerta.com.br\/index.php\/wp-json\/wp\/v2\/categories?post=46672"},{"taxonomy":"post_tag","embeddable":true,"href":"https:\/\/www.portalalerta.com.br\/index.php\/wp-json\/wp\/v2\/tags?post=46672"}],"curies":[{"name":"wp","href":"https:\/\/api.w.org\/{rel}","templated":true}]}}