{"id":46674,"date":"2023-01-06T17:14:24","date_gmt":"2023-01-06T20:14:24","guid":{"rendered":"https:\/\/www.portalalerta.com.br\/?p=46674"},"modified":"2023-01-06T17:14:26","modified_gmt":"2023-01-06T20:14:26","slug":"araci-ba-reduz-em-50-numero-de-homicidios-em-2022-em-comparacao-ao-ano-anterior-confira-a-mancha-criminal-da-cidade","status":"publish","type":"post","link":"https:\/\/www.portalalerta.com.br\/index.php\/2023\/01\/06\/araci-ba-reduz-em-50-numero-de-homicidios-em-2022-em-comparacao-ao-ano-anterior-confira-a-mancha-criminal-da-cidade\/","title":{"rendered":"Araci-BA reduz em 50% n\u00famero de homic\u00eddios em 2022, em compara\u00e7\u00e3o ao ano anterior. Confira a Mancha Criminal da cidade!"},"content":{"rendered":"\n<p>Em 2022, Araci-BA registrou seis homic\u00eddios, sendo todos eles com o uso de arma de fogo.<\/p>\n\n\n\n<!--more-->\n\n\n\n<p>Atualmente Araci \u00e9 habitada por 55.935 pessoas, de acordo com a \u00faltima estimativa do IBGE. Desta forma, analisando em propor\u00e7\u00e3o, ficou com uma m\u00e9dia de 11 homic\u00eddios para cada 100.000 habitantes.<\/p>\n\n\n\n<p>Por fim, se concluiu que mar\u00e7o foi o m\u00eas mais violento, registrando dois homic\u00eddios. &nbsp;Desta forma, o munic\u00edpio reduziu em 50% o n\u00famero de crimes desta natureza, em rela\u00e7\u00e3o ao ano anterior.<\/p>\n\n\n\n<p>Vale ressaltar que estes dados s\u00e3o baseados em mat\u00e9rias jornal\u00edsticas do site PORTAL ALERTA, n\u00e3o incluindo mortes por interven\u00e7\u00f5es policiais e tentativas de homic\u00eddios que evolu\u00edram a \u00f3bito, o que podem ser contestadas pelas autoridades policiais.<\/p>\n\n\n\n<p><strong>Confira o Mapa:<\/strong><\/p>\n\n\n<div class=\"wp-block-image\">\n<figure class=\"aligncenter size-full\"><img fetchpriority=\"high\" decoding=\"async\" width=\"700\" height=\"500\" src=\"https:\/\/www.portalalerta.com.br\/wp-content\/uploads\/2023\/01\/Mancha-Criminal-Homicidios-Araci-2022.jpg\" alt=\"\" class=\"wp-image-46675\" srcset=\"https:\/\/www.portalalerta.com.br\/wp-content\/uploads\/2023\/01\/Mancha-Criminal-Homicidios-Araci-2022.jpg 700w, https:\/\/www.portalalerta.com.br\/wp-content\/uploads\/2023\/01\/Mancha-Criminal-Homicidios-Araci-2022-336x240.jpg 336w\" sizes=\"(max-width: 700px) 100vw, 700px\" \/><\/figure><\/div>\n\n\n<p><a href=\"https:\/\/www.portalalerta.com.br\/index.php\/2022\/03\/13\/homem-e-morto-a-tiros-em-bar-em-araci-ba\/\"><strong>1 \u2013 Isac Santos da Silva, 28 anos, em 11\/03\/2022<\/strong><\/a><\/p>\n\n\n\n<p><strong>Local: Bairro <\/strong>Tiracolo<\/p>\n\n\n\n<p><strong>Meio Utilizado: <\/strong>arma de fogo<\/p>\n\n\n\n<p><strong>Poss\u00edvel motiva\u00e7\u00e3o: <\/strong>Desconhecida<\/p>\n\n\n\n<p><a href=\"https:\/\/www.portalalerta.com.br\/index.php\/2022\/03\/26\/adolescente-e-assassinado-a-tiros-em-araci-ba\/\"><strong>2 \u2013 Jadson Kaique Neves dos Santos, 17 anos, em 23\/03\/2022<\/strong><\/a><\/p>\n\n\n\n<p><strong>Local: Bairro <\/strong>Recanto das Flores<\/p>\n\n\n\n<p><strong>Meio Utilizado: <\/strong>Arma de fogo<\/p>\n\n\n\n<p><strong>Poss\u00edvel Motiva\u00e7\u00e3o: <\/strong>Desconhecida<\/p>\n\n\n\n<p><a href=\"https:\/\/www.portalalerta.com.br\/index.php\/2022\/05\/02\/adolescente-morre-apos-ser-atingida-por-bala-perdida-em-araci-ba\/\"><strong>3 \u2013 N\u00e3o identificada, 16 anos, em 30\/04\/2022<\/strong><\/a><\/p>\n\n\n\n<p><strong>Local: <\/strong>Bairro Riacho<\/p>\n\n\n\n<p><strong>Meio Utilizado: <\/strong>Arma de fogo<\/p>\n\n\n\n<p><strong>Poss\u00edvel Motiva\u00e7\u00e3o: <\/strong>Bala Perdida<\/p>\n\n\n\n<p><a href=\"https:\/\/www.portalalerta.com.br\/index.php\/2022\/06\/14\/homem-morre-e-outro-fica-ferido-apos-serem-baleados-em-araci-ba\/\"><strong>4 \u2013 Genival Jesus do Nascimento, 44 anos, em 13\/06\/2022<\/strong><\/a><\/p>\n\n\n\n<p><strong>Local: <\/strong>Rua Jos\u00e9 Pinheiro<\/p>\n\n\n\n<p><strong>Meio Utilizado:<\/strong> Arma de Fogo<\/p>\n\n\n\n<p><strong>Poss\u00edvel Motiva\u00e7\u00e3o:<\/strong> Desconhecida<\/p>\n\n\n\n<p><a href=\"https:\/\/www.portalalerta.com.br\/index.php\/2022\/07\/05\/homem-e-assassinado-apos-ser-sequestrado-em-araci-ba\/\"><strong>5 \u2013 Z\u00e9 Roberto, em 04\/07\/2022<\/strong><\/a><\/p>\n\n\n\n<p><strong>Local: <\/strong>Fazenda Santa Maria, pr\u00f3ximo a localidade de Rua da Palha<\/p>\n\n\n\n<p><strong>Meio Utilizado: <\/strong>Arma de fogo<\/p>\n\n\n\n<p><strong>Poss\u00edvel Motiva\u00e7\u00e3o:<\/strong> Crime Organizado<\/p>\n\n\n\n<p><a href=\"https:\/\/www.portalalerta.com.br\/index.php\/2022\/09\/06\/jovem-e-morto-a-tiros-dentro-de-bar-em-araci-ba\/\"><strong>6 \u2013 Wanderson Bispo dos Santos, 23 anos, em 02\/09\/2022<\/strong><\/a><\/p>\n\n\n\n<p><strong>Local: <\/strong>Tanque da Na\u00e7\u00e3o, centro<\/p>\n\n\n\n<p><strong>Meio Utilizado: <\/strong>Arma de fogo<\/p>\n\n\n\n<p><strong>Poss\u00edvel Motiva\u00e7\u00e3o: <\/strong>Desconhecida<\/p>\n\n\n\n<p><strong>Confira o Gr\u00e1fico comparativo entre os anos 2021 e 2022:<\/strong><\/p>\n\n\n<div class=\"wp-block-image\">\n<figure class=\"aligncenter size-full\"><img decoding=\"async\" width=\"550\" height=\"330\" src=\"https:\/\/www.portalalerta.com.br\/wp-content\/uploads\/2023\/01\/Comparativo-Mensal-de-Homicidios-em-Araci-2021-e-2022.jpg\" alt=\"\" class=\"wp-image-46676\" srcset=\"https:\/\/www.portalalerta.com.br\/wp-content\/uploads\/2023\/01\/Comparativo-Mensal-de-Homicidios-em-Araci-2021-e-2022.jpg 550w, https:\/\/www.portalalerta.com.br\/wp-content\/uploads\/2023\/01\/Comparativo-Mensal-de-Homicidios-em-Araci-2021-e-2022-400x240.jpg 400w\" sizes=\"(max-width: 550px) 100vw, 550px\" \/><\/figure><\/div>\n\n\n<p><em>Reda\u00e7\u00e3o: Portal Alerta &nbsp;<\/em><\/p>\n","protected":false},"excerpt":{"rendered":"<p>Em 2022, Araci-BA registrou seis homic\u00eddios, sendo todos eles com o uso de arma de fogo.<\/p>\n","protected":false},"author":2,"featured_media":31943,"comment_status":"open","ping_status":"open","sticky":false,"template":"","format":"standard","meta":{"om_disable_all_campaigns":false,"_monsterinsights_skip_tracking":false,"_monsterinsights_sitenote_active":false,"_monsterinsights_sitenote_note":"","_monsterinsights_sitenote_category":0,"footnotes":""},"categories":[41,70,69,32,22],"tags":[100,71,48,4179,75,4178,4180,129,107,4181,2074,132,230,500,3828,106,203,120,51,109,88,47,111,190],"class_list":["post-46674","post","type-post","status-publish","format-standard","has-post-thumbnail","hentry","category-araci","category-destaques","category-noticias2","category-regiao","category-seguranca","tag-adustina","tag-antas","tag-araci","tag-banzae-2","tag-cicero-dantas","tag-cipo-2","tag-crisopolis-2","tag-euclides-da-cunha","tag-fatima","tag-heliopolis-2","tag-homicidios","tag-itapicuru","tag-jeremoabo","tag-mancha-criminal","tag-noticias","tag-nova-soure","tag-novo-triunfo","tag-olindina","tag-paripiranga","tag-quijingue","tag-ribeira-do-amparo","tag-ribeira-do-pombal","tag-sitio-do-quinto","tag-tucano"],"aioseo_notices":[],"_links":{"self":[{"href":"https:\/\/www.portalalerta.com.br\/index.php\/wp-json\/wp\/v2\/posts\/46674","targetHints":{"allow":["GET"]}}],"collection":[{"href":"https:\/\/www.portalalerta.com.br\/index.php\/wp-json\/wp\/v2\/posts"}],"about":[{"href":"https:\/\/www.portalalerta.com.br\/index.php\/wp-json\/wp\/v2\/types\/post"}],"author":[{"embeddable":true,"href":"https:\/\/www.portalalerta.com.br\/index.php\/wp-json\/wp\/v2\/users\/2"}],"replies":[{"embeddable":true,"href":"https:\/\/www.portalalerta.com.br\/index.php\/wp-json\/wp\/v2\/comments?post=46674"}],"version-history":[{"count":1,"href":"https:\/\/www.portalalerta.com.br\/index.php\/wp-json\/wp\/v2\/posts\/46674\/revisions"}],"predecessor-version":[{"id":46677,"href":"https:\/\/www.portalalerta.com.br\/index.php\/wp-json\/wp\/v2\/posts\/46674\/revisions\/46677"}],"wp:featuredmedia":[{"embeddable":true,"href":"https:\/\/www.portalalerta.com.br\/index.php\/wp-json\/wp\/v2\/media\/31943"}],"wp:attachment":[{"href":"https:\/\/www.portalalerta.com.br\/index.php\/wp-json\/wp\/v2\/media?parent=46674"}],"wp:term":[{"taxonomy":"category","embeddable":true,"href":"https:\/\/www.portalalerta.com.br\/index.php\/wp-json\/wp\/v2\/categories?post=46674"},{"taxonomy":"post_tag","embeddable":true,"href":"https:\/\/www.portalalerta.com.br\/index.php\/wp-json\/wp\/v2\/tags?post=46674"}],"curies":[{"name":"wp","href":"https:\/\/api.w.org\/{rel}","templated":true}]}}