{"id":46681,"date":"2023-01-06T17:27:51","date_gmt":"2023-01-06T20:27:51","guid":{"rendered":"https:\/\/www.portalalerta.com.br\/?p=46681"},"modified":"2023-01-06T17:27:52","modified_gmt":"2023-01-06T20:27:52","slug":"nao-tem-nada-que-justifique-preocupacao-diz-rui-costa-sobre-ministra-do-turismo","status":"publish","type":"post","link":"https:\/\/www.portalalerta.com.br\/index.php\/2023\/01\/06\/nao-tem-nada-que-justifique-preocupacao-diz-rui-costa-sobre-ministra-do-turismo\/","title":{"rendered":"&#8216;N\u00e3o tem nada que justifique preocupa\u00e7\u00e3o&#8217;, diz Rui Costa sobre ministra do Turismo"},"content":{"rendered":"\n<p>Daniela Carneiro \u00e9 acusada de manter elo pol\u00edtico com chefes de mil\u00edcias no Rio de Janeiro<\/p>\n\n\n\n<!--more-->\n\n\n\n<p>O ministro da Casa Civil, Rui Costa, disse nesta sexta-feira (6) que n\u00e3o h\u00e1 nada que justifique preocupa\u00e7\u00e3o do governo em rela\u00e7\u00e3o a pol\u00eamica envolvendo a ministra do Turismo, Daniela Carneiro (Uni\u00e3o Brasil), e milicianos no Rio de Janeiro.<\/p>\n\n\n\n<p>A declara\u00e7\u00e3o de Rui Costa aconteceu ap\u00f3s a primeira reuni\u00e3o ministerial do governo de Luiz In\u00e1cio Lula da Silva (PT). O\u00a0presidente e seus 37 ministros se reuniram no Pal\u00e1cio do Planalto, em Bras\u00edlia, na manh\u00e3 de hoje.<\/p>\n\n\n<div class=\"wp-block-image\">\n<figure class=\"alignleft size-full is-resized\"><img fetchpriority=\"high\" decoding=\"async\" src=\"https:\/\/www.portalalerta.com.br\/wp-content\/uploads\/2022\/03\/Cred-Real.1.jpg\" alt=\"\" class=\"wp-image-41523\" width=\"420\" height=\"336\" srcset=\"https:\/\/www.portalalerta.com.br\/wp-content\/uploads\/2022\/03\/Cred-Real.1.jpg 500w, https:\/\/www.portalalerta.com.br\/wp-content\/uploads\/2022\/03\/Cred-Real.1-300x240.jpg 300w, https:\/\/www.portalalerta.com.br\/wp-content\/uploads\/2022\/03\/Cred-Real.1-183x146.jpg 183w, https:\/\/www.portalalerta.com.br\/wp-content\/uploads\/2022\/03\/Cred-Real.1-50x40.jpg 50w, https:\/\/www.portalalerta.com.br\/wp-content\/uploads\/2022\/03\/Cred-Real.1-94x75.jpg 94w\" sizes=\"(max-width: 420px) 100vw, 420px\" \/><\/figure><\/div>\n\n\n<p>Daniela Carneiro protagoniza o primeiro desgaste no novo governo. Ela \u00e9\u00a0acusada de manter elo pol\u00edtico com chefes de mil\u00edcias\u00a0no Rio de Janeiro.<\/p>\n\n\n\n<p>Em 2018, Daniela fez campanha ao lado de Juracy Alves Prud\u00eancio, o Jura, miliciano condenado por homic\u00eddio.<\/p>\n\n\n\n<p>Em 2022, F\u00e1bio Augusto de Oliveira Brasil, conhecido como Fabinho Varand\u00e3o, tamb\u00e9m pediu votos para Daniela. Ele \u00e9 r\u00e9u por extors\u00e3o e porte ilegal de arma de fogo e acusado de chefiar um grupo que amea\u00e7ava moradores e explorava servi\u00e7os clandestinos de internet em bairros de Belford Roxo.<\/p>\n\n\n\n<p>A assessoria de Daniela declarou que ela recebeu apoio em v\u00e1rios munic\u00edpios na campanha de 2018 e que isso n\u00e3o significa que compactue com qualquer apoiador que tenha cometido ato il\u00edcito.<\/p>\n\n\n\n<p>Segundo Rui Costa, esse assunto n\u00e3o foi abordado na reuni\u00e3o ministerial.<\/p>\n\n\n\n<p><strong><em>&#8220;Esse assunto n\u00e3o tem nada relevante, substantivo que justifique qualquer preocupa\u00e7\u00e3o, neste momento, do governo. E, portanto, isso n\u00e3o est\u00e1 na agenda do governo&#8221;<\/em><\/strong>, disse.<\/p>\n\n\n\n<p><em>Fonte: Yahoo Not\u00edcias<\/em><\/p>\n","protected":false},"excerpt":{"rendered":"<p>Daniela Carneiro \u00e9 acusada de manter elo pol\u00edtico com chefes de mil\u00edcias no Rio de Janeiro<\/p>\n","protected":false},"author":2,"featured_media":46682,"comment_status":"open","ping_status":"open","sticky":false,"template":"","format":"standard","meta":{"om_disable_all_campaigns":false,"_monsterinsights_skip_tracking":false,"_monsterinsights_sitenote_active":false,"_monsterinsights_sitenote_note":"","_monsterinsights_sitenote_category":0,"footnotes":""},"categories":[34,70,69,21],"tags":[100,71,48,4179,93,75,4178,4180,5829,129,107,4181,132,230,303,5828,1860,3828,106,203,120,51,109,88,47,282,111],"class_list":["post-46681","post","type-post","status-publish","format-standard","has-post-thumbnail","hentry","category-brasil","category-destaques","category-noticias2","category-politica","tag-adustina","tag-antas","tag-araci","tag-banzae-2","tag-brasil","tag-cicero-dantas","tag-cipo-2","tag-crisopolis-2","tag-daniela-carneiro","tag-euclides-da-cunha","tag-fatima","tag-heliopolis-2","tag-itapicuru","tag-jeremoabo","tag-lula","tag-ministra-do-turismo","tag-ministro-da-casa-civil","tag-noticias","tag-nova-soure","tag-novo-triunfo","tag-olindina","tag-paripiranga","tag-quijingue","tag-ribeira-do-amparo","tag-ribeira-do-pombal","tag-rui-costa","tag-sitio-do-quinto"],"aioseo_notices":[],"_links":{"self":[{"href":"https:\/\/www.portalalerta.com.br\/index.php\/wp-json\/wp\/v2\/posts\/46681","targetHints":{"allow":["GET"]}}],"collection":[{"href":"https:\/\/www.portalalerta.com.br\/index.php\/wp-json\/wp\/v2\/posts"}],"about":[{"href":"https:\/\/www.portalalerta.com.br\/index.php\/wp-json\/wp\/v2\/types\/post"}],"author":[{"embeddable":true,"href":"https:\/\/www.portalalerta.com.br\/index.php\/wp-json\/wp\/v2\/users\/2"}],"replies":[{"embeddable":true,"href":"https:\/\/www.portalalerta.com.br\/index.php\/wp-json\/wp\/v2\/comments?post=46681"}],"version-history":[{"count":1,"href":"https:\/\/www.portalalerta.com.br\/index.php\/wp-json\/wp\/v2\/posts\/46681\/revisions"}],"predecessor-version":[{"id":46683,"href":"https:\/\/www.portalalerta.com.br\/index.php\/wp-json\/wp\/v2\/posts\/46681\/revisions\/46683"}],"wp:featuredmedia":[{"embeddable":true,"href":"https:\/\/www.portalalerta.com.br\/index.php\/wp-json\/wp\/v2\/media\/46682"}],"wp:attachment":[{"href":"https:\/\/www.portalalerta.com.br\/index.php\/wp-json\/wp\/v2\/media?parent=46681"}],"wp:term":[{"taxonomy":"category","embeddable":true,"href":"https:\/\/www.portalalerta.com.br\/index.php\/wp-json\/wp\/v2\/categories?post=46681"},{"taxonomy":"post_tag","embeddable":true,"href":"https:\/\/www.portalalerta.com.br\/index.php\/wp-json\/wp\/v2\/tags?post=46681"}],"curies":[{"name":"wp","href":"https:\/\/api.w.org\/{rel}","templated":true}]}}