{"id":46690,"date":"2023-01-07T16:27:29","date_gmt":"2023-01-07T19:27:29","guid":{"rendered":"https:\/\/www.portalalerta.com.br\/?p=46690"},"modified":"2023-01-07T16:27:31","modified_gmt":"2023-01-07T19:27:31","slug":"bolsonaristas-choram-e-se-exaltam-apos-terem-acampamento-destruido-em-mg","status":"publish","type":"post","link":"https:\/\/www.portalalerta.com.br\/index.php\/2023\/01\/07\/bolsonaristas-choram-e-se-exaltam-apos-terem-acampamento-destruido-em-mg\/","title":{"rendered":"Bolsonaristas choram e se exaltam ap\u00f3s terem acampamento destru\u00eddo em MG"},"content":{"rendered":"\n<p>Barracas foram retiradas a mando da prefeitura ap\u00f3s agress\u00e3o a fot\u00f3grafo<\/p>\n\n\n\n<!--more-->\n\n\n\n<p>Bolsonaristas acampados em frente \u00e0 sede da 4\u00aa Regi\u00e3o Militar, na Regi\u00e3o Centro-Sul de Belo Horizonte (MG), choraram e se exaltaram com a remo\u00e7\u00e3o das barracas nesta sexta-feira (6). A retirada aconteceu a mando da prefeitura.<\/p>\n\n\n<div class=\"wp-block-image\">\n<figure class=\"alignleft size-full is-resized\"><img fetchpriority=\"high\" decoding=\"async\" src=\"https:\/\/www.portalalerta.com.br\/wp-content\/uploads\/2021\/04\/ELAB.jpg\" alt=\"\" class=\"wp-image-34795\" width=\"383\" height=\"306\" srcset=\"https:\/\/www.portalalerta.com.br\/wp-content\/uploads\/2021\/04\/ELAB.jpg 1000w, https:\/\/www.portalalerta.com.br\/wp-content\/uploads\/2021\/04\/ELAB-300x240.jpg 300w, https:\/\/www.portalalerta.com.br\/wp-content\/uploads\/2021\/04\/ELAB-768x614.jpg 768w, https:\/\/www.portalalerta.com.br\/wp-content\/uploads\/2021\/04\/ELAB-183x146.jpg 183w, https:\/\/www.portalalerta.com.br\/wp-content\/uploads\/2021\/04\/ELAB-50x40.jpg 50w, https:\/\/www.portalalerta.com.br\/wp-content\/uploads\/2021\/04\/ELAB-94x75.jpg 94w\" sizes=\"(max-width: 383px) 100vw, 383px\" \/><\/figure><\/div>\n\n\n<p>No local, manifestantes xingaram e fizeram amea\u00e7as aos guardas municipais e alguns se ajoelharam no ch\u00e3o para rezar. O grupo ainda tentou impedir a passagem dos caminh\u00f5es que carregavam os itens recolhidos e gritava <strong><em>\u201cn\u00e3o vai embora, n\u00e3o!\u201d<\/em><\/strong>.<\/p>\n\n\n\n<p>Segundo o relato do portal Estado de Minas, o clima que ficou foi de decep\u00e7\u00e3o e revolta com as autoridades. O acampamento estava montado na Avenida Raja Gabaglia h\u00e1 mais de dois meses.<\/p>\n\n\n\n<p>Revoltados, manifestantes agrediram jornalistas que faziam a cobertura da retirada do acampamento com chutes e socos. Alguns tentaram destruir os equipamentos de trabalho dos profissionais e a Guarda Municipal precisou intervir.<\/p>\n\n\n\n<p>A ordem para remover as barras foi dada depois que um fot\u00f3grafo do jornal Hoje em Dia foi agredido pelos bolsonaristas, na tarde desta quinta-feira (5). O profissional relata ter sido perseguido ap\u00f3s fazer as fotos de longe e chegou a se esconder atr\u00e1s de um carro. Mas foi arrastado pelo ch\u00e3o e agredido com socos e pauladas.<\/p>\n\n\n\n<p>De acordo com o fot\u00f3grafo, a c\u00e2mera foi levada pelos agressores e as lentes destru\u00eddas.<\/p>\n\n\n\n<p><strong>Acampamento em Bras\u00edlia vazio<\/strong><\/p>\n\n\n\n<p>Ap\u00f3s a posse do presidente Lula (PT), a atividade de\u00a0acampamentos bolsonaristas em frente ao quartel do Ex\u00e9rcito em Bras\u00edlia chegou a quase zero.\u00a0Segundo reportagem do UOL, o espa\u00e7o lotado de pessoas em cadeiras de praia deu lugar a um ambiente vazio e com manifestantes recolhendo suas coisas.<\/p>\n\n\n\n<p>O sil\u00eancio tamb\u00e9m substituiu as marchas militares e o hino \u00e0 bandeira, frequentemente tocados durante os protestos golpistas. Cultos, buzina\u00e7os e rodas de conversa cessaram e um \u00fanico homem foi visto olhando ao redor.<\/p>\n\n\n\n<p>Al\u00e9m desses sinais, outras atividades deixaram claro que os acampamentos estavam em seus dias finais, como: \u00f4nibus recolhendo pessoas, barraca restaurante sem fila, garis limpando o local do acampamento e estacionamento sem carros.<\/p>\n\n\n\n<p><em>Fonte: Yahoo Not\u00edcias<\/em><\/p>\n","protected":false},"excerpt":{"rendered":"<p>Barracas foram retiradas a mando da prefeitura ap\u00f3s agress\u00e3o a fot\u00f3grafo<\/p>\n","protected":false},"author":2,"featured_media":46691,"comment_status":"open","ping_status":"open","sticky":false,"template":"","format":"standard","meta":{"om_disable_all_campaigns":false,"_monsterinsights_skip_tracking":false,"_monsterinsights_sitenote_active":false,"_monsterinsights_sitenote_note":"","_monsterinsights_sitenote_category":0,"footnotes":""},"categories":[34,70,69,21],"tags":[5834,100,71,48,4179,2001,93,75,4178,4180,129,107,313,4181,132,230,357,3828,106,203,120,51,109,88,47,111,190],"class_list":["post-46690","post","type-post","status-publish","format-standard","has-post-thumbnail","hentry","category-brasil","category-destaques","category-noticias2","category-politica","tag-acampamento","tag-adustina","tag-antas","tag-araci","tag-banzae-2","tag-belo-horizonte","tag-brasil","tag-cicero-dantas","tag-cipo-2","tag-crisopolis-2","tag-euclides-da-cunha","tag-fatima","tag-gcm","tag-heliopolis-2","tag-itapicuru","tag-jeremoabo","tag-minas-gerais","tag-noticias","tag-nova-soure","tag-novo-triunfo","tag-olindina","tag-paripiranga","tag-quijingue","tag-ribeira-do-amparo","tag-ribeira-do-pombal","tag-sitio-do-quinto","tag-tucano"],"aioseo_notices":[],"_links":{"self":[{"href":"https:\/\/www.portalalerta.com.br\/index.php\/wp-json\/wp\/v2\/posts\/46690","targetHints":{"allow":["GET"]}}],"collection":[{"href":"https:\/\/www.portalalerta.com.br\/index.php\/wp-json\/wp\/v2\/posts"}],"about":[{"href":"https:\/\/www.portalalerta.com.br\/index.php\/wp-json\/wp\/v2\/types\/post"}],"author":[{"embeddable":true,"href":"https:\/\/www.portalalerta.com.br\/index.php\/wp-json\/wp\/v2\/users\/2"}],"replies":[{"embeddable":true,"href":"https:\/\/www.portalalerta.com.br\/index.php\/wp-json\/wp\/v2\/comments?post=46690"}],"version-history":[{"count":1,"href":"https:\/\/www.portalalerta.com.br\/index.php\/wp-json\/wp\/v2\/posts\/46690\/revisions"}],"predecessor-version":[{"id":46692,"href":"https:\/\/www.portalalerta.com.br\/index.php\/wp-json\/wp\/v2\/posts\/46690\/revisions\/46692"}],"wp:featuredmedia":[{"embeddable":true,"href":"https:\/\/www.portalalerta.com.br\/index.php\/wp-json\/wp\/v2\/media\/46691"}],"wp:attachment":[{"href":"https:\/\/www.portalalerta.com.br\/index.php\/wp-json\/wp\/v2\/media?parent=46690"}],"wp:term":[{"taxonomy":"category","embeddable":true,"href":"https:\/\/www.portalalerta.com.br\/index.php\/wp-json\/wp\/v2\/categories?post=46690"},{"taxonomy":"post_tag","embeddable":true,"href":"https:\/\/www.portalalerta.com.br\/index.php\/wp-json\/wp\/v2\/tags?post=46690"}],"curies":[{"name":"wp","href":"https:\/\/api.w.org\/{rel}","templated":true}]}}