{"id":46693,"date":"2023-01-07T16:37:00","date_gmt":"2023-01-07T19:37:00","guid":{"rendered":"https:\/\/www.portalalerta.com.br\/?p=46693"},"modified":"2023-01-07T16:37:01","modified_gmt":"2023-01-07T19:37:01","slug":"secretaria-de-saude-de-ribeira-do-pombal-ba-comemora-a-consolidacao-da-rede-de-atencao-psicossocial","status":"publish","type":"post","link":"https:\/\/www.portalalerta.com.br\/index.php\/2023\/01\/07\/secretaria-de-saude-de-ribeira-do-pombal-ba-comemora-a-consolidacao-da-rede-de-atencao-psicossocial\/","title":{"rendered":"Secretaria de Sa\u00fade de Ribeira do Pombal-BA comemora a Consolida\u00e7\u00e3o da Rede de Aten\u00e7\u00e3o Psicossocial"},"content":{"rendered":"\n<p>A Secretaria Municipal de Sa\u00fade de Ribeira do Pombal-BA comemora a Consolida\u00e7\u00e3o do RAPS (Rede de Aten\u00e7\u00e3o Psicossocial).<\/p>\n\n\n\n<!--more-->\n\n\n<div class=\"wp-block-image\">\n<figure class=\"alignleft size-full is-resized\"><img fetchpriority=\"high\" decoding=\"async\" src=\"https:\/\/www.portalalerta.com.br\/wp-content\/uploads\/2023\/01\/auto-escola-Feliz-Ano-Novo-2022.jpeg\" alt=\"\" class=\"wp-image-46694\" width=\"426\" height=\"426\" srcset=\"https:\/\/www.portalalerta.com.br\/wp-content\/uploads\/2023\/01\/auto-escola-Feliz-Ano-Novo-2022.jpeg 875w, https:\/\/www.portalalerta.com.br\/wp-content\/uploads\/2023\/01\/auto-escola-Feliz-Ano-Novo-2022-240x240.jpeg 240w, https:\/\/www.portalalerta.com.br\/wp-content\/uploads\/2023\/01\/auto-escola-Feliz-Ano-Novo-2022-768x768.jpeg 768w\" sizes=\"(max-width: 426px) 100vw, 426px\" \/><\/figure><\/div>\n\n\n<p>De acordo com o Secret\u00e1rio Roberto Alc\u00e2ntara (Bebeto), a rede ser\u00e1 coordenada pelo Psic\u00f3logo Emerson Ara\u00fajo.<\/p>\n\n\n\n<p>A RASP segue as diretrizes da Pol\u00edtica Nacional de Sa\u00fade Mental, integrando o SUS, e presente em todos os pontos de aten\u00e7\u00e3o para o atendimento de pessoas com problemas mentais, incluindo os efeitos nocivos do uso de crack, do \u00e1lcool e de outras drogas, sendo considerada um grande avan\u00e7o, importante na promo\u00e7\u00e3o, qualifica\u00e7\u00e3o e amplia\u00e7\u00e3o das pol\u00edticas p\u00fablicas de Sa\u00fade mental, al\u00e9m de um passo fundamental para a melhoria e conquista de novos recursos em todos os n\u00edveis de aten\u00e7\u00e3o \u00e0 sa\u00fade, seja de baixa ou alta complexidade.<br><br><\/p>\n\n\n\n<p><em>Reda\u00e7\u00e3o: Portal Alerta<\/em><\/p>\n\n\n\n<p><em>Com informa\u00e7\u00f5es: SECOM\/ SMS Ribeira do Pombal<\/em><\/p>\n","protected":false},"excerpt":{"rendered":"<p>A Secretaria Municipal de Sa\u00fade de Ribeira do Pombal-BA comemora a Consolida\u00e7\u00e3o do RAPS (Rede de Aten\u00e7\u00e3o Psicossocial).<\/p>\n","protected":false},"author":2,"featured_media":46695,"comment_status":"open","ping_status":"open","sticky":false,"template":"","format":"standard","meta":{"om_disable_all_campaigns":false,"_monsterinsights_skip_tracking":false,"_monsterinsights_sitenote_active":false,"_monsterinsights_sitenote_note":"","_monsterinsights_sitenote_category":0,"footnotes":""},"categories":[70,69,32,3,19],"tags":[100,71,48,4179,75,4178,4180,129,107,4181,132,230,3828,106,203,120,51,109,5835,88,47,61,433,111,190],"class_list":["post-46693","post","type-post","status-publish","format-standard","has-post-thumbnail","hentry","category-destaques","category-noticias2","category-regiao","category-ribeira-do-pombal","category-saude","tag-adustina","tag-antas","tag-araci","tag-banzae-2","tag-cicero-dantas","tag-cipo-2","tag-crisopolis-2","tag-euclides-da-cunha","tag-fatima","tag-heliopolis-2","tag-itapicuru","tag-jeremoabo","tag-noticias","tag-nova-soure","tag-novo-triunfo","tag-olindina","tag-paripiranga","tag-quijingue","tag-rasp","tag-ribeira-do-amparo","tag-ribeira-do-pombal","tag-saude","tag-secretaria-de-saude","tag-sitio-do-quinto","tag-tucano"],"aioseo_notices":[],"_links":{"self":[{"href":"https:\/\/www.portalalerta.com.br\/index.php\/wp-json\/wp\/v2\/posts\/46693","targetHints":{"allow":["GET"]}}],"collection":[{"href":"https:\/\/www.portalalerta.com.br\/index.php\/wp-json\/wp\/v2\/posts"}],"about":[{"href":"https:\/\/www.portalalerta.com.br\/index.php\/wp-json\/wp\/v2\/types\/post"}],"author":[{"embeddable":true,"href":"https:\/\/www.portalalerta.com.br\/index.php\/wp-json\/wp\/v2\/users\/2"}],"replies":[{"embeddable":true,"href":"https:\/\/www.portalalerta.com.br\/index.php\/wp-json\/wp\/v2\/comments?post=46693"}],"version-history":[{"count":1,"href":"https:\/\/www.portalalerta.com.br\/index.php\/wp-json\/wp\/v2\/posts\/46693\/revisions"}],"predecessor-version":[{"id":46696,"href":"https:\/\/www.portalalerta.com.br\/index.php\/wp-json\/wp\/v2\/posts\/46693\/revisions\/46696"}],"wp:featuredmedia":[{"embeddable":true,"href":"https:\/\/www.portalalerta.com.br\/index.php\/wp-json\/wp\/v2\/media\/46695"}],"wp:attachment":[{"href":"https:\/\/www.portalalerta.com.br\/index.php\/wp-json\/wp\/v2\/media?parent=46693"}],"wp:term":[{"taxonomy":"category","embeddable":true,"href":"https:\/\/www.portalalerta.com.br\/index.php\/wp-json\/wp\/v2\/categories?post=46693"},{"taxonomy":"post_tag","embeddable":true,"href":"https:\/\/www.portalalerta.com.br\/index.php\/wp-json\/wp\/v2\/tags?post=46693"}],"curies":[{"name":"wp","href":"https:\/\/api.w.org\/{rel}","templated":true}]}}