{"id":46697,"date":"2023-01-07T16:42:16","date_gmt":"2023-01-07T19:42:16","guid":{"rendered":"https:\/\/www.portalalerta.com.br\/?p=46697"},"modified":"2023-01-07T16:42:18","modified_gmt":"2023-01-07T19:42:18","slug":"covid-19-saude-diz-que-ha-falta-de-vacinas-pediatricas-no-pais","status":"publish","type":"post","link":"https:\/\/www.portalalerta.com.br\/index.php\/2023\/01\/07\/covid-19-saude-diz-que-ha-falta-de-vacinas-pediatricas-no-pais\/","title":{"rendered":"Covid-19: Sa\u00fade diz que h\u00e1 falta de vacinas pedi\u00e1tricas no pa\u00eds"},"content":{"rendered":"\n<p>Pasta est\u00e1 em negocia\u00e7\u00e3o com a Pfizer para tentar repor os estoques at\u00e9 o fim de janeiro<\/p>\n\n\n\n<!--more-->\n\n\n\n<p>A secret\u00e1ria de Vigil\u00e2ncia em Sa\u00fade e Ambiente do Minist\u00e9rio da Sa\u00fade, Ethel Maciel, disse nesta sexta-feira (6) que o pa\u00eds enfrenta um desabastecimento de vacina infantil contra a Covid-19.<\/p>\n\n\n<div class=\"wp-block-image\">\n<figure class=\"alignleft size-full is-resized\"><img fetchpriority=\"high\" decoding=\"async\" src=\"https:\/\/www.portalalerta.com.br\/wp-content\/uploads\/2022\/03\/Cred-Real.1.jpg\" alt=\"\" class=\"wp-image-41523\" width=\"394\" height=\"315\" srcset=\"https:\/\/www.portalalerta.com.br\/wp-content\/uploads\/2022\/03\/Cred-Real.1.jpg 500w, https:\/\/www.portalalerta.com.br\/wp-content\/uploads\/2022\/03\/Cred-Real.1-300x240.jpg 300w, https:\/\/www.portalalerta.com.br\/wp-content\/uploads\/2022\/03\/Cred-Real.1-183x146.jpg 183w, https:\/\/www.portalalerta.com.br\/wp-content\/uploads\/2022\/03\/Cred-Real.1-50x40.jpg 50w, https:\/\/www.portalalerta.com.br\/wp-content\/uploads\/2022\/03\/Cred-Real.1-94x75.jpg 94w\" sizes=\"(max-width: 394px) 100vw, 394px\" \/><\/figure><\/div>\n\n\n<p>Segundo registro do portal g1, ela afirmou que a pasta est\u00e1 em negocia\u00e7\u00e3o com a Pfizer para tentar repor os estoques at\u00e9 o fim de janeiro.<\/p>\n\n\n\n<p><strong><em>&#8220;Recebemos o Minist\u00e9rio da Sa\u00fade com desabastecimento de vacinas pedi\u00e1tricas, infantis&#8221;<\/em><\/strong>, afirmou.<\/p>\n\n\n\n<p>Ela concedeu entrevista na sede da pasta.<\/p>\n\n\n\n<p>A secret\u00e1ria tamb\u00e9m falou sobre a\u00a0variante XBB.1.5 do coronav\u00edrus, que foi identificada na cidade de Indaiatuba, no interior de S\u00e3o Paulo. Segundo ela, a prioridade \u00e9 vacinar as pessoas que t\u00eam dose em atraso.<\/p>\n\n\n\n<p><strong><em>&#8220;Recebemos a informa\u00e7\u00e3o que a variante est\u00e1 circulando, a amostra \u00e9 de novembro. Vamos discutir com a C\u00e2mara T\u00e9cnica. O que temos sobre a nova variante \u00e9 a alta transmissibilidade e queremos retomar esses esquemas vacinais, pessoas com dose em atraso\u201d,<\/em><\/strong><em> <\/em>falou<em>.<\/em><\/p>\n\n\n\n<p><strong><em>\u201cEssas tr\u00eas doses que consideramos como ideal, temos mais de 100 mi de pessoas com doses em atraso. \u00c9 nesse foco que o Minist\u00e9rio da Educa\u00e7\u00e3o vai atuar&#8221;<\/em><\/strong>, acrescentou.<\/p>\n\n\n\n<p><em>Fonte: Yahoo Not\u00edcias<\/em><\/p>\n","protected":false},"excerpt":{"rendered":"<p>Pasta est\u00e1 em negocia\u00e7\u00e3o com a Pfizer para tentar repor os estoques at\u00e9 o fim de janeiro<\/p>\n","protected":false},"author":2,"featured_media":45880,"comment_status":"open","ping_status":"open","sticky":false,"template":"","format":"standard","meta":{"om_disable_all_campaigns":false,"_monsterinsights_skip_tracking":false,"_monsterinsights_sitenote_active":false,"_monsterinsights_sitenote_note":"","_monsterinsights_sitenote_category":0,"footnotes":""},"categories":[34,70,69,19],"tags":[100,71,48,4179,93,75,4178,3486,4180,129,107,4181,132,230,635,3828,106,203,120,51,4002,109,88,47,61,111,3570,371],"class_list":["post-46697","post","type-post","status-publish","format-standard","has-post-thumbnail","hentry","category-brasil","category-destaques","category-noticias2","category-saude","tag-adustina","tag-antas","tag-araci","tag-banzae-2","tag-brasil","tag-cicero-dantas","tag-cipo-2","tag-covid-19","tag-crisopolis-2","tag-euclides-da-cunha","tag-fatima","tag-heliopolis-2","tag-itapicuru","tag-jeremoabo","tag-ministerio-da-saude","tag-noticias","tag-nova-soure","tag-novo-triunfo","tag-olindina","tag-paripiranga","tag-pfizer","tag-quijingue","tag-ribeira-do-amparo","tag-ribeira-do-pombal","tag-saude","tag-sitio-do-quinto","tag-vacina","tag-vacinacao"],"aioseo_notices":[],"_links":{"self":[{"href":"https:\/\/www.portalalerta.com.br\/index.php\/wp-json\/wp\/v2\/posts\/46697","targetHints":{"allow":["GET"]}}],"collection":[{"href":"https:\/\/www.portalalerta.com.br\/index.php\/wp-json\/wp\/v2\/posts"}],"about":[{"href":"https:\/\/www.portalalerta.com.br\/index.php\/wp-json\/wp\/v2\/types\/post"}],"author":[{"embeddable":true,"href":"https:\/\/www.portalalerta.com.br\/index.php\/wp-json\/wp\/v2\/users\/2"}],"replies":[{"embeddable":true,"href":"https:\/\/www.portalalerta.com.br\/index.php\/wp-json\/wp\/v2\/comments?post=46697"}],"version-history":[{"count":1,"href":"https:\/\/www.portalalerta.com.br\/index.php\/wp-json\/wp\/v2\/posts\/46697\/revisions"}],"predecessor-version":[{"id":46698,"href":"https:\/\/www.portalalerta.com.br\/index.php\/wp-json\/wp\/v2\/posts\/46697\/revisions\/46698"}],"wp:featuredmedia":[{"embeddable":true,"href":"https:\/\/www.portalalerta.com.br\/index.php\/wp-json\/wp\/v2\/media\/45880"}],"wp:attachment":[{"href":"https:\/\/www.portalalerta.com.br\/index.php\/wp-json\/wp\/v2\/media?parent=46697"}],"wp:term":[{"taxonomy":"category","embeddable":true,"href":"https:\/\/www.portalalerta.com.br\/index.php\/wp-json\/wp\/v2\/categories?post=46697"},{"taxonomy":"post_tag","embeddable":true,"href":"https:\/\/www.portalalerta.com.br\/index.php\/wp-json\/wp\/v2\/tags?post=46697"}],"curies":[{"name":"wp","href":"https:\/\/api.w.org\/{rel}","templated":true}]}}