{"id":46704,"date":"2023-01-09T11:29:25","date_gmt":"2023-01-09T14:29:25","guid":{"rendered":"https:\/\/www.portalalerta.com.br\/?p=46704"},"modified":"2023-01-09T11:29:27","modified_gmt":"2023-01-09T14:29:27","slug":"supremo-afasta-ibaneis-do-governo-do-df-apos-invasoes-de-bolsonaristas","status":"publish","type":"post","link":"https:\/\/www.portalalerta.com.br\/index.php\/2023\/01\/09\/supremo-afasta-ibaneis-do-governo-do-df-apos-invasoes-de-bolsonaristas\/","title":{"rendered":"Supremo afasta Ibaneis do governo do DF ap\u00f3s invas\u00f5es de bolsonaristas"},"content":{"rendered":"\n<p>O ministro Alexandre de Moraes, do Supremo Tribunal Federal (STF), determinou na madrugada desta segunda-feira (9\/1) o afastamento do governador do Distrito Federal, Ibaneis Rocha (MDB).<\/p>\n\n\n\n<!--more-->\n\n\n\n<p>A decis\u00e3o, que vale por 90 dias, foi publicada horas depois da\u00a0invas\u00e3o do Congresso Nacional, do Pal\u00e1cio do Planalto e do STF por milhares de apoiadores do ex-presidente Jair Bolsonaro (PL).<\/p>\n\n\n\n<p>O protesto contra\u00a0a vit\u00f3ria do presidente Luiz In\u00e1cio Lula da Silva (PT) e favor de um golpe de Estado\u00a0terminou em atos de vandalismo e depreda\u00e7\u00e3o do patrim\u00f4nio p\u00fablico, al\u00e9m de confronto com a pol\u00edcia.<\/p>\n\n\n<div class=\"wp-block-image\">\n<figure class=\"alignleft size-full is-resized\"><img fetchpriority=\"high\" decoding=\"async\" src=\"https:\/\/www.portalalerta.com.br\/wp-content\/uploads\/2021\/04\/ELAB.jpg\" alt=\"\" class=\"wp-image-34795\" width=\"410\" height=\"327\" srcset=\"https:\/\/www.portalalerta.com.br\/wp-content\/uploads\/2021\/04\/ELAB.jpg 1000w, https:\/\/www.portalalerta.com.br\/wp-content\/uploads\/2021\/04\/ELAB-300x240.jpg 300w, https:\/\/www.portalalerta.com.br\/wp-content\/uploads\/2021\/04\/ELAB-768x614.jpg 768w, https:\/\/www.portalalerta.com.br\/wp-content\/uploads\/2021\/04\/ELAB-183x146.jpg 183w, https:\/\/www.portalalerta.com.br\/wp-content\/uploads\/2021\/04\/ELAB-50x40.jpg 50w, https:\/\/www.portalalerta.com.br\/wp-content\/uploads\/2021\/04\/ELAB-94x75.jpg 94w\" sizes=\"(max-width: 410px) 100vw, 410px\" \/><\/figure><\/div>\n\n\n<p>A decis\u00e3o do ministro foi dada em resposta a um pedido da Advocacia-Geral da Uni\u00e3o (AGU) e do senador Randolfe Rodrigues (Rede-AC).<\/p>\n\n\n\n<p>Para Moraes, a conduta de Ibaneis, um aliado de Bolsonaro, foi <strong><em>&#8220;dolorosamente omissa&#8221;<\/em><\/strong> em rela\u00e7\u00e3o ao vandalismo praticado por bolsonaristas na tarde deste domingo. Segundo o ministro, as for\u00e7as de seguran\u00e7a do DF n\u00e3o se planejaram para impedir o vandalismo e a depreda\u00e7\u00e3o dos pr\u00e9dios p\u00fablicos de Bras\u00edlia.<\/p>\n\n\n\n<p>De acordo com Moraes, o governador <strong><em>&#8220;deu declara\u00e7\u00f5es p\u00fablicas defendendo uma falsa &#8216;livre manifesta\u00e7\u00e3o pol\u00edtica em Bras\u00edlia&#8217; &#8211; mesmo sabedor por todas as redes que ataques \u00e0s institui\u00e7\u00f5es e seus membros seriam realizados.&#8221;<\/em><\/strong><\/p>\n\n\n\n<p><strong><em>&#8220;(Ibaneis) tamb\u00e9m ignorou todos os apelos das autoridades para a realiza\u00e7\u00e3o de um plano de seguran\u00e7a semelhante aos realizados nos \u00faltimos dois anos em 7 de setembro, em especial, com a proibi\u00e7\u00e3o de ingresso na Esplanada dos Minist\u00e9rios pelos criminosos terroristas; tendo liberado o amplo acesso&#8221;<\/em><\/strong>, escreveu o ministro.<\/p>\n\n\n\n<p>Na decis\u00e3o, Moraes ainda afirma que <strong><em>&#8220;absolutamente NADA justifica e exist\u00eancia de acampamentos cheios de terroristas, patrocinados por diversos financiadores e com a complac\u00eancia de autoridades civis e militares em total subvers\u00e3o ao necess\u00e1rio respeito \u00e0 Constitui\u00e7\u00e3o Federal.&#8221;<\/em><\/strong><\/p>\n\n\n\n<p>O ministro tamb\u00e9m criticou a atua\u00e7\u00e3o de Anderson Torres, ex-ministro da Justi\u00e7a do governo Bolsonaro, que at\u00e9 este domingo ocupava o cargo de secret\u00e1rio de Seguran\u00e7a P\u00fablico do DF.<\/p>\n\n\n\n<p>Ap\u00f3s os atos deste domingo, Torres havia sido demitido pelo pr\u00f3prio governador do DF. O ex-ministro est\u00e1 passando f\u00e9rias nos Estados Unidos.<\/p>\n\n\n\n<p>Para Moraes, Torres agiu com <strong><em>&#8220;descaso e coniv\u00eancia&#8221;<\/em><\/strong> ao n\u00e3o apresentar <strong><em>&#8220;planejamento que garantisse a seguran\u00e7a e a ordem no Distrito Federal e do patrim\u00f4nio p\u00fablico.&#8221;<\/em><\/strong><\/p>\n\n\n\n<p>Na decis\u00e3o, Moraes tamb\u00e9m determinou que os acampamentos de bolsonaristas em frente ao quartel-general do Ex\u00e9rcito, em Bras\u00edlia, devem ser desfeitos pela Pol\u00edcia Militar, com apoio da Pol\u00edcia Federal e da Guarda Nacional, caso seja necess\u00e1rio.<\/p>\n\n\n\n<p>Mais cedo, o presidente Lula anunciou que o governo federal far\u00e1 uma\u00a0interven\u00e7\u00e3o na \u00e1rea de seguran\u00e7a p\u00fablica\u00a0do DF at\u00e9 31 de janeiro.<\/p>\n\n\n\n<p>A possibilidade de interven\u00e7\u00e3o est\u00e1 prevista no artigo 34 da Constitui\u00e7\u00e3o Federal. Ele diz que o presidente pode decretar a interven\u00e7\u00e3o com objetivo de &#8220;p\u00f4r termo a grave comprometimento da ordem p\u00fablica&#8221;.<\/p>\n\n\n\n<p>A Constitui\u00e7\u00e3o tamb\u00e9m determina que o decreto de interven\u00e7\u00e3o do presidente seja submetido ao Congresso Nacional em at\u00e9 24 horas. Como os parlamentares est\u00e3o de recesso, o presidente do Congresso, Rodrigo Pacheco (PSD-MG), far\u00e1 uma convoca\u00e7\u00e3o extraordin\u00e1ria para analisar a quest\u00e3o.<\/p>\n\n\n\n<p><em>Fonte: Yahoo Not\u00edcias<\/em><\/p>\n","protected":false},"excerpt":{"rendered":"<p>O ministro Alexandre de Moraes, do Supremo Tribunal Federal (STF), determinou na madrugada desta segunda-feira (9\/1) o afastamento do governador do Distrito Federal, Ibaneis Rocha (MDB).<\/p>\n","protected":false},"author":2,"featured_media":46705,"comment_status":"open","ping_status":"open","sticky":false,"template":"","format":"standard","meta":{"om_disable_all_campaigns":false,"_monsterinsights_skip_tracking":false,"_monsterinsights_sitenote_active":false,"_monsterinsights_sitenote_note":"","_monsterinsights_sitenote_category":0,"footnotes":""},"categories":[34,70,69,21],"tags":[100,1120,71,48,5838,4179,93,786,75,4178,4180,539,129,107,283,4181,4533,132,230,3828,106,203,120,51,109,88,47,111,216,5837,190],"class_list":["post-46704","post","type-post","status-publish","format-standard","has-post-thumbnail","hentry","category-brasil","category-destaques","category-noticias2","category-politica","tag-adustina","tag-afastamento","tag-antas","tag-araci","tag-atos-antidemocraticos","tag-banzae-2","tag-brasil","tag-brasilia","tag-cicero-dantas","tag-cipo-2","tag-crisopolis-2","tag-distrito-federal","tag-euclides-da-cunha","tag-fatima","tag-governador","tag-heliopolis-2","tag-ibaneis-rocha","tag-itapicuru","tag-jeremoabo","tag-noticias","tag-nova-soure","tag-novo-triunfo","tag-olindina","tag-paripiranga","tag-quijingue","tag-ribeira-do-amparo","tag-ribeira-do-pombal","tag-sitio-do-quinto","tag-stf","tag-torrorismo","tag-tucano"],"aioseo_notices":[],"_links":{"self":[{"href":"https:\/\/www.portalalerta.com.br\/index.php\/wp-json\/wp\/v2\/posts\/46704","targetHints":{"allow":["GET"]}}],"collection":[{"href":"https:\/\/www.portalalerta.com.br\/index.php\/wp-json\/wp\/v2\/posts"}],"about":[{"href":"https:\/\/www.portalalerta.com.br\/index.php\/wp-json\/wp\/v2\/types\/post"}],"author":[{"embeddable":true,"href":"https:\/\/www.portalalerta.com.br\/index.php\/wp-json\/wp\/v2\/users\/2"}],"replies":[{"embeddable":true,"href":"https:\/\/www.portalalerta.com.br\/index.php\/wp-json\/wp\/v2\/comments?post=46704"}],"version-history":[{"count":1,"href":"https:\/\/www.portalalerta.com.br\/index.php\/wp-json\/wp\/v2\/posts\/46704\/revisions"}],"predecessor-version":[{"id":46706,"href":"https:\/\/www.portalalerta.com.br\/index.php\/wp-json\/wp\/v2\/posts\/46704\/revisions\/46706"}],"wp:featuredmedia":[{"embeddable":true,"href":"https:\/\/www.portalalerta.com.br\/index.php\/wp-json\/wp\/v2\/media\/46705"}],"wp:attachment":[{"href":"https:\/\/www.portalalerta.com.br\/index.php\/wp-json\/wp\/v2\/media?parent=46704"}],"wp:term":[{"taxonomy":"category","embeddable":true,"href":"https:\/\/www.portalalerta.com.br\/index.php\/wp-json\/wp\/v2\/categories?post=46704"},{"taxonomy":"post_tag","embeddable":true,"href":"https:\/\/www.portalalerta.com.br\/index.php\/wp-json\/wp\/v2\/tags?post=46704"}],"curies":[{"name":"wp","href":"https:\/\/api.w.org\/{rel}","templated":true}]}}