{"id":46714,"date":"2023-01-09T14:04:56","date_gmt":"2023-01-09T17:04:56","guid":{"rendered":"https:\/\/www.portalalerta.com.br\/?p=46714"},"modified":"2023-01-09T14:04:57","modified_gmt":"2023-01-09T17:04:57","slug":"invasao-de-bolsonaristas-em-brasilia-confira-em-resumo-os-acontecimentos-ate-agora","status":"publish","type":"post","link":"https:\/\/www.portalalerta.com.br\/index.php\/2023\/01\/09\/invasao-de-bolsonaristas-em-brasilia-confira-em-resumo-os-acontecimentos-ate-agora\/","title":{"rendered":"Invas\u00e3o de bolsonaristas em Bras\u00edlia: Confira, em resumo, os acontecimentos at\u00e9 agora"},"content":{"rendered":"\n<p>Pr\u00e9dios p\u00fablicos como o STF, o Pal\u00e1cio do Planalto e o Congresso Nacional, foram invadidos e depredados<\/p>\n\n\n\n<!--more-->\n\n\n\n<p>Milhares de apoiadores do ex-presidente Jair Bolsonaro (PL) foram protestar em Bras\u00edlia neste domingo (8), onde\u00a0invadiram e depredaram pr\u00e9dios p\u00fablicos, como o Supremo Tribunal Federal (STF), o Pal\u00e1cio do Planalto e o Congresso Nacional.<\/p>\n\n\n\n<p>Confira a seguir uma linha do tempo dos fatos que aconteceram at\u00e9 agora:<\/p>\n\n\n\n<ul class=\"wp-block-list\">\n<li>Na tarde do domingo (8), por volta das 14h, um grupo de cerca de 4 mil bolsonaristas que estava concentrado na frente do Quartel-General do Ex\u00e9rcito em Bras\u00edlia se deslocou para a Esplanada dos Minist\u00e9rios, escoltados pela Pol\u00edcia Militar do Distrito Federal, em um trajeto de 8 quil\u00f4metros;<\/li>\n\n\n\n<li>\u00c0s 15h, na Pra\u00e7a dos Tr\u00eas Poderes, centenas de pessoas subiram as rampas que d\u00e3o acesso ao Congresso Nacional e ao Pal\u00e1cio do Planalto. Pouco depois, \u00e0s 15h45, parte do grupo se dirigiu at\u00e9 o pr\u00e9dio do STF;<\/li>\n\n\n\n<li>Uma parcela dos bolsonaristas subiu na laje do congresso, enquanto um outro grupo ingressou no Sal\u00e3o Verde e no plen\u00e1rio do Senado Federal. As imagens tamb\u00e9m mostram bolsonaristas dentro dos sal\u00f5es e dos gabinetes do Pal\u00e1cio do Planalto e do plen\u00e1rio do STF, com destrui\u00e7\u00e3o de vidra\u00e7as, m\u00f3veis, equipamentos e obras de arte;<\/li>\n\n\n\n<li>Por volta das 17h, seguran\u00e7as conseguiram retomar o pr\u00e9dio do STF e expulsar os invasores. Conforme mais policiais chegavam ao local, os demais pr\u00e9dios tamb\u00e9m foram sendo esvaziados aos poucos. Mesmo assim, os apoiadores de Bolsonaro continuaram nas proximidades da Pra\u00e7a dos Tr\u00eas Poderes;<\/li>\n\n\n\n<li>O secret\u00e1rio de Seguran\u00e7a P\u00fablica do Distrito Federal, Anderson Torres, foi exonerado do cargo pelo governador Ibaneis Rocha (MDB). Torres foi ministro da Justi\u00e7a e da Seguran\u00e7a P\u00fablica no governo de Jair Bolsonaro e atualmente est\u00e1 de f\u00e9rias nos Estados Unidos. Pouco antes de ser desligado do cargo, ele postou no Twitter que &#8220;criminosos n\u00e3o sair\u00e3o impunes&#8221; e que &#8220;\u00e9 inconceb\u00edvel a desordem e inaceit\u00e1vel o desrespeito \u00e0s institui\u00e7\u00f5es&#8221;.<\/li>\n<\/ul>\n\n\n\n<p>\u00c9 inconceb\u00edvel a desordem e inaceit\u00e1vel o desrespeito \u00e0s institui\u00e7\u00f5es. Determinei que todo efetivo da PM e da Pol\u00edcia Civil atue, firmemente, para que se restabele\u00e7a a ordem com a m\u00e1xima urg\u00eancia. Vandalismo e depreda\u00e7\u00e3o ser\u00e3o combatidos com os rigores da lei.<\/p>\n\n\n\n<p>\u2014 Anderson Torres (@andersongtorres)&nbsp;<a href=\"https:\/\/twitter.com\/andersongtorres\/status\/1612168092427354113?ref_src=twsrc%5Etfw\" target=\"_blank\" rel=\"noreferrer noopener\">January 8, 2023<\/a><\/p>\n\n\n\n<ul class=\"wp-block-list\">\n<li>\u00c0s 18h, o presidente Luiz In\u00e1cio Lula da Silva (PT) fez um pronunciamento em Araraquara, no interior de S\u00e3o Paulo. Ele visitava a cidade, que sofreu danos por causa das fortes chuvas registradas nos \u00faltimos dias. Durante o discurso, Lula decretou interven\u00e7\u00e3o federal na \u00e1rea de Seguran\u00e7a P\u00fablica do Distrito Federal at\u00e9 31 de janeiro e designou o secret\u00e1rio-executivo do Minist\u00e9rio da Justi\u00e7a, Ricardo Garcia Cappelli, como interventor. &#8220;N\u00e3o existe precedente ao que essa gente fez e, por isso, essa gente ter\u00e1 que ser punida&#8221;, afirmou.<\/li>\n\n\n\n<li>Pouco depois, o governador do DF, Ibaneis Rocha, gravou um v\u00eddeo em que pede desculpas pela invas\u00e3o diretamente a Lula, \u00e0 presidente do STF, Rosa Weber, e aos presidentes da C\u00e2mara e do Senado, Arthur Lira (PP) e Rodrigo Pacheco (PSD). &#8220;S\u00e3o verdadeiros v\u00e2ndalos. Verdadeiros terroristas que ter\u00e3o de mim todo o efetivo combate para que sejam punidos&#8221;, afirmou;<\/li>\n\n\n\n<li>A invas\u00e3o de Bras\u00edlia gerou uma s\u00e9rie de manifesta\u00e7\u00f5es de personalidades p\u00fablicas do Brasil e do mundo. Nos EUA, congressistas do Partido Democrata defenderam a extradi\u00e7\u00e3o de Bolsonaro, que est\u00e1 na Fl\u00f3rida desde 31 de dezembro. &#8220;N\u00f3s devemos nos solidarizar com o governo democraticamente eleito de Lula. Os Estados Unidos devem parar de conceder ref\u00fagio a Bolsonaro na Fl\u00f3rida&#8221;, afirmou Alexandria Ocasio-Cortez, deputada por Nova York;<\/li>\n<\/ul>\n\n\n\n<p>Nearly 2 years to the day the US Capitol was attacked by fascists, we see fascist movements abroad attempt to do the same in Brazil.<br><br>We must stand in solidarity with&nbsp;<a href=\"https:\/\/twitter.com\/LulaOficial?ref_src=twsrc%5Etfw\" target=\"_blank\" rel=\"noreferrer noopener\">@LulaOficial<\/a>\u2019s democratically elected government. \ud83c\udde7\ud83c\uddf7<br><br>The US must cease granting refuge to Bolsonaro in Florida.&nbsp;<a href=\"https:\/\/t.co\/rzsZl9jwZY\" target=\"_blank\" rel=\"noreferrer noopener\">https:\/\/t.co\/rzsZl9jwZY<\/a><\/p>\n\n\n\n<p>\u2014 Alexandria Ocasio-Cortez (@AOC)&nbsp;<a href=\"https:\/\/twitter.com\/AOC\/status\/1612211900326215681?ref_src=twsrc%5Etfw\" target=\"_blank\" rel=\"noreferrer noopener\">January 8, 2023<\/a><\/p>\n\n\n\n<ul class=\"wp-block-list\">\n<li>Durante a noite, com a retomada dos pr\u00e9dios p\u00fablicos, jornalistas, congressistas e representantes do governo Lula conseguiram avaliar a situa\u00e7\u00e3o. Paulo Pimenta, ministro da Secretaria de Comunica\u00e7\u00e3o Social, divulgou um v\u00eddeo gravado no Pal\u00e1cio do Planalto, em que \u00e9 poss\u00edvel ver a destrui\u00e7\u00e3o de monitores, impressoras, telefones, obras de arte e m\u00f3veis;<\/li>\n<\/ul>\n\n\n\n<p><br>A horda que invadiu a sede dos poderes em Bras\u00edlia fez exatamente o que foi plantado ao longo dos \u00faltimos quatro anos: baderna e destrui\u00e7\u00e3o!&nbsp;<a href=\"https:\/\/t.co\/f1Opw0Qu5f\" target=\"_blank\" rel=\"noreferrer noopener\">pic.twitter.com\/f1Opw0Qu5f<\/a><\/p>\n\n\n\n<p>\u2014 Paulo Pimenta (@DeputadoFederal)&nbsp;<a href=\"https:\/\/twitter.com\/DeputadoFederal\/status\/1612223396229812230?ref_src=twsrc%5Etfw\" target=\"_blank\" rel=\"noreferrer noopener\">January 8, 2023<\/a><\/p>\n\n\n\n<ul class=\"wp-block-list\">\n<li>Em coletiva de imprensa realizada por volta das 20h30, o ministro da Justi\u00e7a, Fl\u00e1vio Dino, classificou a invas\u00e3o como &#8220;terrorismo e golpismo&#8221;. Ele tamb\u00e9m afirmou que a investiga\u00e7\u00e3o focar\u00e1 em quem foram os financiadores desses atos;<\/li>\n\n\n\n<li>\u00c0s 21h, Lula chegou a Bras\u00edlia e foi conferir os danos no Pal\u00e1cio do Planalto e no STF. Nas redes sociais, o presidente escreveu: &#8220;Os golpistas que promoveram a destrui\u00e7\u00e3o do patrim\u00f4nio p\u00fablico em Bras\u00edlia est\u00e3o sendo identificados e ser\u00e3o punidos. Amanh\u00e3 retomamos os trabalhos no Pal\u00e1cio do Planalto.&#8221;<\/li>\n<\/ul>\n\n\n\n<p>Estive agora \u00e0 noite no Pal\u00e1cio do Planalto e no STF. Os golpistas que promoveram a destrui\u00e7\u00e3o do patrim\u00f4nio p\u00fablico em Bras\u00edlia est\u00e3o sendo identificados e ser\u00e3o punidos. Amanh\u00e3 retomamos os trabalhos no Pal\u00e1cio do Planalto. Democracia sempre. Boa noite.<br><br>\ud83d\udcf8:&nbsp;<a href=\"https:\/\/twitter.com\/ricardostuckert?ref_src=twsrc%5Etfw\" target=\"_blank\" rel=\"noreferrer noopener\">@ricardostuckert<\/a>&nbsp;<a href=\"https:\/\/t.co\/qkyVZHQQdz\" target=\"_blank\" rel=\"noreferrer noopener\">pic.twitter.com\/qkyVZHQQdz<\/a><\/p>\n\n\n\n<p>\u2014 Lula (@LulaOficial)&nbsp;<a href=\"https:\/\/twitter.com\/LulaOficial\/status\/1612280715231612928?ref_src=twsrc%5Etfw\" target=\"_blank\" rel=\"noreferrer noopener\">January 9, 2023<\/a><\/p>\n\n\n\n<ul class=\"wp-block-list\">\n<li>Durante a noite, o n\u00famero de bolsonaristas presos foi aumentando aos poucos. Segundo o \u00faltimo boletim da Pol\u00edcia Civil do Distrito Federal, 300 pessoas j\u00e1 haviam sido presas at\u00e9 \u00e0s 23 horas;<\/li>\n\n\n\n<li>J\u00e1 na madrugada de segunda-feira (9), o ministro Alexandre de Moraes, do STF, determinou o afastamento de Ibaneis Rocha do governo do DF. O decreto vale por 90 dias. A decis\u00e3o do ministro foi dada em resposta a um pedido da Advocacia-Geral da Uni\u00e3o (AGU) e do senador Randolfe Rodrigues (Rede-AC).<\/li>\n<\/ul>\n\n\n\n<p><em>Fonte: Yahoo Not\u00edcias<\/em><\/p>\n","protected":false},"excerpt":{"rendered":"<p>Pr\u00e9dios p\u00fablicos como o STF, o Pal\u00e1cio do Planalto e o Congresso Nacional, foram invadidos e depredados<\/p>\n","protected":false},"author":2,"featured_media":46715,"comment_status":"open","ping_status":"open","sticky":false,"template":"","format":"standard","meta":{"om_disable_all_campaigns":false,"_monsterinsights_skip_tracking":false,"_monsterinsights_sitenote_active":false,"_monsterinsights_sitenote_note":"","_monsterinsights_sitenote_category":0,"footnotes":""},"categories":[34,70,69,21,22],"tags":[100,71,48,4179,786,75,4178,4180,539,129,107,4181,132,230,5839,3828,106,203,120,51,109,88,47,111,190],"class_list":["post-46714","post","type-post","status-publish","format-standard","has-post-thumbnail","hentry","category-brasil","category-destaques","category-noticias2","category-politica","category-seguranca","tag-adustina","tag-antas","tag-araci","tag-banzae-2","tag-brasilia","tag-cicero-dantas","tag-cipo-2","tag-crisopolis-2","tag-distrito-federal","tag-euclides-da-cunha","tag-fatima","tag-heliopolis-2","tag-itapicuru","tag-jeremoabo","tag-manifestacoes","tag-noticias","tag-nova-soure","tag-novo-triunfo","tag-olindina","tag-paripiranga","tag-quijingue","tag-ribeira-do-amparo","tag-ribeira-do-pombal","tag-sitio-do-quinto","tag-tucano"],"aioseo_notices":[],"_links":{"self":[{"href":"https:\/\/www.portalalerta.com.br\/index.php\/wp-json\/wp\/v2\/posts\/46714","targetHints":{"allow":["GET"]}}],"collection":[{"href":"https:\/\/www.portalalerta.com.br\/index.php\/wp-json\/wp\/v2\/posts"}],"about":[{"href":"https:\/\/www.portalalerta.com.br\/index.php\/wp-json\/wp\/v2\/types\/post"}],"author":[{"embeddable":true,"href":"https:\/\/www.portalalerta.com.br\/index.php\/wp-json\/wp\/v2\/users\/2"}],"replies":[{"embeddable":true,"href":"https:\/\/www.portalalerta.com.br\/index.php\/wp-json\/wp\/v2\/comments?post=46714"}],"version-history":[{"count":1,"href":"https:\/\/www.portalalerta.com.br\/index.php\/wp-json\/wp\/v2\/posts\/46714\/revisions"}],"predecessor-version":[{"id":46716,"href":"https:\/\/www.portalalerta.com.br\/index.php\/wp-json\/wp\/v2\/posts\/46714\/revisions\/46716"}],"wp:featuredmedia":[{"embeddable":true,"href":"https:\/\/www.portalalerta.com.br\/index.php\/wp-json\/wp\/v2\/media\/46715"}],"wp:attachment":[{"href":"https:\/\/www.portalalerta.com.br\/index.php\/wp-json\/wp\/v2\/media?parent=46714"}],"wp:term":[{"taxonomy":"category","embeddable":true,"href":"https:\/\/www.portalalerta.com.br\/index.php\/wp-json\/wp\/v2\/categories?post=46714"},{"taxonomy":"post_tag","embeddable":true,"href":"https:\/\/www.portalalerta.com.br\/index.php\/wp-json\/wp\/v2\/tags?post=46714"}],"curies":[{"name":"wp","href":"https:\/\/api.w.org\/{rel}","templated":true}]}}