{"id":46717,"date":"2023-01-09T21:48:26","date_gmt":"2023-01-10T00:48:26","guid":{"rendered":"https:\/\/www.portalalerta.com.br\/?p=46717"},"modified":"2023-01-09T21:48:27","modified_gmt":"2023-01-10T00:48:27","slug":"apos-decisao-de-moraes-acampamento-bolsonarista-e-desfeito-no-df","status":"publish","type":"post","link":"https:\/\/www.portalalerta.com.br\/index.php\/2023\/01\/09\/apos-decisao-de-moraes-acampamento-bolsonarista-e-desfeito-no-df\/","title":{"rendered":"Ap\u00f3s decis\u00e3o de Moraes, acampamento bolsonarista \u00e9 desfeito no DF"},"content":{"rendered":"\n<p>Agentes da Pol\u00edcia Militar do Distrito Federal e da For\u00e7a Nacional de Seguran\u00e7a chegaram por volta das 7h ao acampamento bolsonarista em frente ao QG do Ex\u00e9rcito, em Bras\u00edlia, para realizar a desocupa\u00e7\u00e3o do local. Os manifestantes foram informados de que t\u00eam uma hora para deixar o espa\u00e7o.<\/p>\n\n\n\n<!--more-->\n\n\n\n<p>Autoridades acompanham a a\u00e7\u00e3o in loco. Est\u00e3o presentes o ministro da Defesa, Jos\u00e9 M\u00facio, o ministro da Casa Civil, Rui Costa, assim como o interventor federal na secretaria de Seguran\u00e7a do DF, Ricardo Capelli. N\u00e3o houve confronto.<\/p>\n\n\n<div class=\"wp-block-image\">\n<figure class=\"alignleft size-full is-resized\"><img fetchpriority=\"high\" decoding=\"async\" src=\"https:\/\/www.portalalerta.com.br\/wp-content\/uploads\/2021\/04\/ELAB.jpg\" alt=\"\" class=\"wp-image-34795\" width=\"433\" height=\"346\" srcset=\"https:\/\/www.portalalerta.com.br\/wp-content\/uploads\/2021\/04\/ELAB.jpg 1000w, https:\/\/www.portalalerta.com.br\/wp-content\/uploads\/2021\/04\/ELAB-300x240.jpg 300w, https:\/\/www.portalalerta.com.br\/wp-content\/uploads\/2021\/04\/ELAB-768x614.jpg 768w, https:\/\/www.portalalerta.com.br\/wp-content\/uploads\/2021\/04\/ELAB-183x146.jpg 183w, https:\/\/www.portalalerta.com.br\/wp-content\/uploads\/2021\/04\/ELAB-50x40.jpg 50w, https:\/\/www.portalalerta.com.br\/wp-content\/uploads\/2021\/04\/ELAB-94x75.jpg 94w\" sizes=\"(max-width: 433px) 100vw, 433px\" \/><\/figure><\/div>\n\n\n<p>Parte dos manifestantes j\u00e1 havia come\u00e7ado a se desmobilizar nas primeiras horas da manh\u00e3 desta segunda-feira. Outros, entretanto, continuam acomodados em barracas e estruturas com lonas instaladas no espa\u00e7o.<\/p>\n\n\n\n<p>Cerca de dez \u00f4nibus da Pol\u00edcia Militar chegaram ao local por volta das 7h. Desde a madrugada, viaturas da Pol\u00edcia Militar j\u00e1 circulavam pelo entorno da \u00e1rea militar, cuja seguran\u00e7a \u00e9 de responsabilidade do Comando do Ex\u00e9rcito.<\/p>\n\n\n\n<p>Aproximadamente 15 soldados do Ex\u00e9rcito, acompanhados de um \u00f4nibus militar, fazem uma barreira impedindo o acesso de ve\u00edculos. Manifestantes a p\u00e9, no entanto, podem entrar e sair da \u00e1rea livremente.<\/p>\n\n\n\n<p>Uma boa parte deles est\u00e1 deixando o acampamento com mochilas, sacolas, barracas, cadeiras e travesseiros nas m\u00e3os. O acampamento diminuiu de tamanho desde a \u00faltima segunda-feira.<\/p>\n\n\n\n<p>Policiais militares afirmaram que foram impedidos de entrar no setor.<\/p>\n\n\n\n<p>Na madrugada desta segunda, o ministro do STF Alexandre de Moraes determinou a &#8220;desocupa\u00e7\u00e3o e dissolu\u00e7\u00e3o total&#8221; de todos os acampamentos golpistas montados em frente aos quart\u00e9is em um prazo de 24 horas.<\/p>\n\n\n\n<p><em>Fonte: Yahoo Not\u00edcias<\/em><\/p>\n","protected":false},"excerpt":{"rendered":"<p>Agentes da Pol\u00edcia Militar do Distrito Federal e da For\u00e7a Nacional de Seguran\u00e7a chegaram por volta das 7h ao acampamento bolsonarista em frente ao QG do Ex\u00e9rcito, em Bras\u00edlia, para realizar a desocupa\u00e7\u00e3o do local. Os manifestantes foram informados de que t\u00eam uma hora para deixar o espa\u00e7o.<\/p>\n","protected":false},"author":2,"featured_media":46718,"comment_status":"open","ping_status":"open","sticky":false,"template":"","format":"standard","meta":{"om_disable_all_campaigns":false,"_monsterinsights_skip_tracking":false,"_monsterinsights_sitenote_active":false,"_monsterinsights_sitenote_note":"","_monsterinsights_sitenote_category":0,"footnotes":""},"categories":[34,70,69,21],"tags":[5834,100,71,48,4179,786,75,4178,4180,539,129,107,4181,132,230,3828,106,203,120,51,109,88,47,111,190],"class_list":["post-46717","post","type-post","status-publish","format-standard","has-post-thumbnail","hentry","category-brasil","category-destaques","category-noticias2","category-politica","tag-acampamento","tag-adustina","tag-antas","tag-araci","tag-banzae-2","tag-brasilia","tag-cicero-dantas","tag-cipo-2","tag-crisopolis-2","tag-distrito-federal","tag-euclides-da-cunha","tag-fatima","tag-heliopolis-2","tag-itapicuru","tag-jeremoabo","tag-noticias","tag-nova-soure","tag-novo-triunfo","tag-olindina","tag-paripiranga","tag-quijingue","tag-ribeira-do-amparo","tag-ribeira-do-pombal","tag-sitio-do-quinto","tag-tucano"],"aioseo_notices":[],"_links":{"self":[{"href":"https:\/\/www.portalalerta.com.br\/index.php\/wp-json\/wp\/v2\/posts\/46717","targetHints":{"allow":["GET"]}}],"collection":[{"href":"https:\/\/www.portalalerta.com.br\/index.php\/wp-json\/wp\/v2\/posts"}],"about":[{"href":"https:\/\/www.portalalerta.com.br\/index.php\/wp-json\/wp\/v2\/types\/post"}],"author":[{"embeddable":true,"href":"https:\/\/www.portalalerta.com.br\/index.php\/wp-json\/wp\/v2\/users\/2"}],"replies":[{"embeddable":true,"href":"https:\/\/www.portalalerta.com.br\/index.php\/wp-json\/wp\/v2\/comments?post=46717"}],"version-history":[{"count":1,"href":"https:\/\/www.portalalerta.com.br\/index.php\/wp-json\/wp\/v2\/posts\/46717\/revisions"}],"predecessor-version":[{"id":46719,"href":"https:\/\/www.portalalerta.com.br\/index.php\/wp-json\/wp\/v2\/posts\/46717\/revisions\/46719"}],"wp:featuredmedia":[{"embeddable":true,"href":"https:\/\/www.portalalerta.com.br\/index.php\/wp-json\/wp\/v2\/media\/46718"}],"wp:attachment":[{"href":"https:\/\/www.portalalerta.com.br\/index.php\/wp-json\/wp\/v2\/media?parent=46717"}],"wp:term":[{"taxonomy":"category","embeddable":true,"href":"https:\/\/www.portalalerta.com.br\/index.php\/wp-json\/wp\/v2\/categories?post=46717"},{"taxonomy":"post_tag","embeddable":true,"href":"https:\/\/www.portalalerta.com.br\/index.php\/wp-json\/wp\/v2\/tags?post=46717"}],"curies":[{"name":"wp","href":"https:\/\/api.w.org\/{rel}","templated":true}]}}