{"id":46724,"date":"2023-01-10T21:16:39","date_gmt":"2023-01-11T00:16:39","guid":{"rendered":"https:\/\/www.portalalerta.com.br\/?p=46724"},"modified":"2023-01-10T21:16:41","modified_gmt":"2023-01-11T00:16:41","slug":"numero-de-homicidios-em-cipo-ba-cai-33-em-2022-em-comparacao-a-2021","status":"publish","type":"post","link":"https:\/\/www.portalalerta.com.br\/index.php\/2023\/01\/10\/numero-de-homicidios-em-cipo-ba-cai-33-em-2022-em-comparacao-a-2021\/","title":{"rendered":"N\u00famero de homic\u00eddios em Cip\u00f3-BA cai 33% em 2022, em compara\u00e7\u00e3o \u00e0 2021"},"content":{"rendered":"\n<p>Em 2022, Cip\u00f3-BA registrou quatro homic\u00eddios, dois a menos que em 2021, uma redu\u00e7\u00e3o de 33%.<\/p>\n\n\n\n<!--more-->\n\n\n\n<p>Atualmente Cip\u00f3 \u00e9 habitada por 17.412 pessoas, de acordo com a \u00faltima estimativa do IBGE. Desta forma, analisando em propor\u00e7\u00e3o, ficou com uma m\u00e9dia de 23 homic\u00eddios para cada 100.000 habitantes.<\/p>\n\n\n\n<p>Destes crimes, dois foram cometidos com o aux\u00edlio de arma de fogo, e os outros dois por agress\u00e3o.<\/p>\n\n\n\n<p>Vale ressaltar que estes dados s\u00e3o baseados em mat\u00e9rias jornal\u00edsticas do site PORTAL ALERTA, n\u00e3o incluindo mortes por interven\u00e7\u00f5es policiais e tentativas de homic\u00eddios que evolu\u00edram a \u00f3bito, o que podem ser contestadas pelas autoridades policiais.<\/p>\n\n\n\n<p><strong>Confira o Mapa:<\/strong><\/p>\n\n\n<div class=\"wp-block-image\">\n<figure class=\"aligncenter size-full\"><img fetchpriority=\"high\" decoding=\"async\" width=\"700\" height=\"500\" src=\"https:\/\/www.portalalerta.com.br\/wp-content\/uploads\/2023\/01\/Mancha-Criminal-Homicidios-Cipo-2022.jpg\" alt=\"\" class=\"wp-image-46725\" srcset=\"https:\/\/www.portalalerta.com.br\/wp-content\/uploads\/2023\/01\/Mancha-Criminal-Homicidios-Cipo-2022.jpg 700w, https:\/\/www.portalalerta.com.br\/wp-content\/uploads\/2023\/01\/Mancha-Criminal-Homicidios-Cipo-2022-336x240.jpg 336w\" sizes=\"(max-width: 700px) 100vw, 700px\" \/><\/figure><\/div>\n\n\n<p><a href=\"https:\/\/www.portalalerta.com.br\/index.php\/2022\/03\/25\/jovem-e-assassinado-a-tiros-e-cipo-ba-registra-o-primeiro-homicidio-do-ano\/\"><strong>1 \u2013 Lu\u00eds Carlos Souza Aquino Santos, 18 anos, em 24\/03\/2022<\/strong><\/a><\/p>\n\n\n\n<p><strong>Local: <\/strong>Fazenda dos Sem Terra<\/p>\n\n\n\n<p><strong>Meio Utilizado:<\/strong> Arma de fogo<\/p>\n\n\n\n<p><strong>Poss\u00edvel Motiva\u00e7\u00e3o:<\/strong> Desconhecida<\/p>\n\n\n\n<p><a href=\"https:\/\/www.portalalerta.com.br\/index.php\/2022\/05\/19\/homem-e-agredido-ate-a-morte-em-cipo-ba\/\"><strong>2 \u2013 Antonio de Jesus Lopes Filho, 40 anos, em 18\/05\/2022<\/strong><\/a><\/p>\n\n\n\n<p><strong>Local: <\/strong>Bairro Nova Cip\u00f3<\/p>\n\n\n\n<p><strong>Meio Utilizado:<\/strong> Agress\u00e3o<\/p>\n\n\n\n<p><strong>Poss\u00edvel Motiva\u00e7\u00e3o: <\/strong>Desconhecida<\/p>\n\n\n\n<p><a href=\"https:\/\/www.portalalerta.com.br\/index.php\/2022\/09\/08\/7-de-setembro-e-marcado-por-violencia-em-cipo-ba\/\"><strong>3 \u2013 Gabriel do Carmo Santos, 16 anos, em 07\/09\/2022<\/strong><\/a><\/p>\n\n\n\n<p><strong>Local: <\/strong>Pra\u00e7a da Bandeira, centro<\/p>\n\n\n\n<p><strong>Meio Utilizado: <\/strong>Arma de fogo<\/p>\n\n\n\n<p><strong>Poss\u00edvel Motiva\u00e7\u00e3o:<\/strong> Passional<\/p>\n\n\n\n<p><a href=\"https:\/\/www.portalalerta.com.br\/index.php\/2022\/12\/01\/morador-de-nova-soure-ba-e-encontrado-morto-com-sinais-de-violencia-em-cipo-ba\/\"><strong>4 \u2013 Marcio Bibiano Soares dos Santos, 50 anos, em 1\u00ba\/12\/2022<\/strong><\/a><\/p>\n\n\n\n<p><strong>Local: <\/strong>Bairro Mulugu II<\/p>\n\n\n\n<p><strong>Meio Utilizado: <\/strong>Agress\u00e3o<\/p>\n\n\n\n<p><strong>Poss\u00edvel Motiva\u00e7\u00e3o: <\/strong>Desconhecida<\/p>\n\n\n\n<p><strong>Confira o Gr\u00e1fico com o comparativo Mensal, entre os anos 2021 e 2022:<\/strong><\/p>\n\n\n<div class=\"wp-block-image\">\n<figure class=\"aligncenter size-full\"><img decoding=\"async\" width=\"550\" height=\"330\" src=\"https:\/\/www.portalalerta.com.br\/wp-content\/uploads\/2023\/01\/Comparativo-Mensal-de-Homicidios-em-Cipo-2021-e-2022.jpg\" alt=\"\" class=\"wp-image-46726\" srcset=\"https:\/\/www.portalalerta.com.br\/wp-content\/uploads\/2023\/01\/Comparativo-Mensal-de-Homicidios-em-Cipo-2021-e-2022.jpg 550w, https:\/\/www.portalalerta.com.br\/wp-content\/uploads\/2023\/01\/Comparativo-Mensal-de-Homicidios-em-Cipo-2021-e-2022-400x240.jpg 400w\" sizes=\"(max-width: 550px) 100vw, 550px\" \/><\/figure><\/div>\n\n\n<p><em>Reda\u00e7\u00e3o: Portal Alerta<\/em><\/p>\n","protected":false},"excerpt":{"rendered":"<p>Em 2022, Cip\u00f3-BA registrou quatro homic\u00eddios, dois a menos que em 2021, uma redu\u00e7\u00e3o de 33%.<\/p>\n","protected":false},"author":2,"featured_media":34975,"comment_status":"open","ping_status":"open","sticky":false,"template":"","format":"standard","meta":{"om_disable_all_campaigns":false,"_monsterinsights_skip_tracking":false,"_monsterinsights_sitenote_active":false,"_monsterinsights_sitenote_note":"","_monsterinsights_sitenote_category":0,"footnotes":""},"categories":[13,70,69,32,22],"tags":[100,71,48,4179,75,4178,4180,129,107,4181,2074,132,230,500,439,3828,106,203,120,51,109,88,47,111,190],"class_list":["post-46724","post","type-post","status-publish","format-standard","has-post-thumbnail","hentry","category-cipo","category-destaques","category-noticias2","category-regiao","category-seguranca","tag-adustina","tag-antas","tag-araci","tag-banzae-2","tag-cicero-dantas","tag-cipo-2","tag-crisopolis-2","tag-euclides-da-cunha","tag-fatima","tag-heliopolis-2","tag-homicidios","tag-itapicuru","tag-jeremoabo","tag-mancha-criminal","tag-mortes","tag-noticias","tag-nova-soure","tag-novo-triunfo","tag-olindina","tag-paripiranga","tag-quijingue","tag-ribeira-do-amparo","tag-ribeira-do-pombal","tag-sitio-do-quinto","tag-tucano"],"aioseo_notices":[],"_links":{"self":[{"href":"https:\/\/www.portalalerta.com.br\/index.php\/wp-json\/wp\/v2\/posts\/46724","targetHints":{"allow":["GET"]}}],"collection":[{"href":"https:\/\/www.portalalerta.com.br\/index.php\/wp-json\/wp\/v2\/posts"}],"about":[{"href":"https:\/\/www.portalalerta.com.br\/index.php\/wp-json\/wp\/v2\/types\/post"}],"author":[{"embeddable":true,"href":"https:\/\/www.portalalerta.com.br\/index.php\/wp-json\/wp\/v2\/users\/2"}],"replies":[{"embeddable":true,"href":"https:\/\/www.portalalerta.com.br\/index.php\/wp-json\/wp\/v2\/comments?post=46724"}],"version-history":[{"count":1,"href":"https:\/\/www.portalalerta.com.br\/index.php\/wp-json\/wp\/v2\/posts\/46724\/revisions"}],"predecessor-version":[{"id":46727,"href":"https:\/\/www.portalalerta.com.br\/index.php\/wp-json\/wp\/v2\/posts\/46724\/revisions\/46727"}],"wp:featuredmedia":[{"embeddable":true,"href":"https:\/\/www.portalalerta.com.br\/index.php\/wp-json\/wp\/v2\/media\/34975"}],"wp:attachment":[{"href":"https:\/\/www.portalalerta.com.br\/index.php\/wp-json\/wp\/v2\/media?parent=46724"}],"wp:term":[{"taxonomy":"category","embeddable":true,"href":"https:\/\/www.portalalerta.com.br\/index.php\/wp-json\/wp\/v2\/categories?post=46724"},{"taxonomy":"post_tag","embeddable":true,"href":"https:\/\/www.portalalerta.com.br\/index.php\/wp-json\/wp\/v2\/tags?post=46724"}],"curies":[{"name":"wp","href":"https:\/\/api.w.org\/{rel}","templated":true}]}}