{"id":46728,"date":"2023-01-10T21:23:40","date_gmt":"2023-01-11T00:23:40","guid":{"rendered":"https:\/\/www.portalalerta.com.br\/?p=46728"},"modified":"2023-01-10T21:23:41","modified_gmt":"2023-01-11T00:23:41","slug":"hospital-em-orlando-nega-que-bolsonaro-esteja-internado","status":"publish","type":"post","link":"https:\/\/www.portalalerta.com.br\/index.php\/2023\/01\/10\/hospital-em-orlando-nega-que-bolsonaro-esteja-internado\/","title":{"rendered":"Hospital em Orlando nega que Bolsonaro esteja internado"},"content":{"rendered":"\n<p>AdventHealth Celebration, em um sub\u00farbio de Orlando, nos Estados Unidos, negou informa\u00e7\u00e3o de interna\u00e7\u00e3o do presidente<\/p>\n\n\n\n<!--more-->\n\n\n\n<p>O hospital AdventHealth Celebration, em um sub\u00farbio de Orlando, nos Estados Unidos, negou que o ex-presidente Jair Bolsonaro est\u00e1 internado no local. A informa\u00e7\u00e3o foi revelada pelo jornal Estado de Minas.<\/p>\n\n\n\n<p>A reportagem do jornal mineiro entrou em contato com o setor de interna\u00e7\u00e3o do hopsital, que afirmou que n\u00e3o existe nenhum paciente com o nome do ex-presidente ap\u00f3s a soletra\u00e7\u00e3o do nome do pol\u00edtico.<\/p>\n\n\n<div class=\"wp-block-image\">\n<figure class=\"alignleft size-full is-resized\"><img fetchpriority=\"high\" decoding=\"async\" src=\"https:\/\/www.portalalerta.com.br\/wp-content\/uploads\/2022\/03\/Cred-Real.1.jpg\" alt=\"\" class=\"wp-image-41523\" width=\"448\" height=\"358\" srcset=\"https:\/\/www.portalalerta.com.br\/wp-content\/uploads\/2022\/03\/Cred-Real.1.jpg 500w, https:\/\/www.portalalerta.com.br\/wp-content\/uploads\/2022\/03\/Cred-Real.1-300x240.jpg 300w, https:\/\/www.portalalerta.com.br\/wp-content\/uploads\/2022\/03\/Cred-Real.1-183x146.jpg 183w, https:\/\/www.portalalerta.com.br\/wp-content\/uploads\/2022\/03\/Cred-Real.1-50x40.jpg 50w, https:\/\/www.portalalerta.com.br\/wp-content\/uploads\/2022\/03\/Cred-Real.1-94x75.jpg 94w\" sizes=\"(max-width: 448px) 100vw, 448px\" \/><\/figure><\/div>\n\n\n<p>O relato inicial da interna\u00e7\u00e3o doi do jornalista Lauro Jardim, do &#8216;O Globo&#8217;, de que Bolsonaro teria sido internado alegando fortes dores abdominais. Pouco tempo depois, a ex-primeira-dama Michelle Bolsonaro confirmou a interna\u00e7\u00e3o do pol\u00edtico nos Estados Unidos e disse estar &#8220;em ora\u00e7\u00e3o&#8221; para que seu quadro evolua positivamente.<\/p>\n\n\n\n<p>&#8220;Meus queridos, venho informar que o meu marido Jair Bolsonaro se encontra em observa\u00e7\u00e3o no hospital, em raz\u00e3o de um desconforto abdominal em decorr\u00eancia das sequelas da facada que ele levou em 2018&#8221;, escreveu Michelle.<\/p>\n\n\n\n<p>Bolsonaro j\u00e1 foi hospitalizado algumas vezes pelo mesmo motivo desde que foi v\u00edtima de uma facada durante a campanha eleitoral de 2018. Em 2022, o ex-presidente foi internado ao menos duas vezes pelo mesmo problema.<\/p>\n\n\n\n<p><strong>Interna\u00e7\u00e3o ap\u00f3s atos terroristas<\/strong><\/p>\n\n\n\n<p>A interna\u00e7\u00e3o aconteceu um dia depois da\u00a0invas\u00e3o promovida pelos terroristas pr\u00f3-Bolsonaro aos pr\u00e9dios do Congresso, Supremo Tribunal Federal (STF) e Pal\u00e1cio do Planalto. A tarde de caos em Bras\u00edlia rendeu uma\u00a0s\u00e9rie de bolsonaristas presos e at\u00e9 o afastamento provis\u00f3rio de Ibaneis Rocha, governador do Distrito Federal.<\/p>\n\n\n\n<p>Ap\u00f3s as imagens de depreda\u00e7\u00e3o rodarem o mundo, a press\u00e3o de congressistas norte-americanos contra a presen\u00e7a de Bolsonaro no pa\u00eds aumentou consideravelmente. O ex-presidente est\u00e1 nos EUA desde o final de dezembro, quando deixou o pa\u00eds nos \u00faltimos dias de seu mandato. Nesta segunda-feira (09), o\u00a0senador Renan Calheiros (MDB-AL) pediu a volta de Bolsonaro ao Brasil para que ele &#8220;pague pelos seus crimes&#8221;.<\/p>\n\n\n\n<p><em>Fonte: Yahoo Not\u00edcias<\/em><\/p>\n","protected":false},"excerpt":{"rendered":"<p>AdventHealth Celebration, em um sub\u00farbio de Orlando, nos Estados Unidos, negou informa\u00e7\u00e3o de interna\u00e7\u00e3o do presidente<\/p>\n","protected":false},"author":2,"featured_media":46553,"comment_status":"open","ping_status":"open","sticky":false,"template":"","format":"standard","meta":{"om_disable_all_campaigns":false,"_monsterinsights_skip_tracking":false,"_monsterinsights_sitenote_active":false,"_monsterinsights_sitenote_note":"","_monsterinsights_sitenote_category":0,"footnotes":""},"categories":[70,35,69,21],"tags":[100,71,48,4179,75,4178,4180,327,129,107,4181,2544,132,1395,230,339,3828,106,203,120,51,109,88,47,111],"class_list":["post-46728","post","type-post","status-publish","format-standard","has-post-thumbnail","hentry","category-destaques","category-mundo","category-noticias2","category-politica","tag-adustina","tag-antas","tag-araci","tag-banzae-2","tag-cicero-dantas","tag-cipo-2","tag-crisopolis-2","tag-eua","tag-euclides-da-cunha","tag-fatima","tag-heliopolis-2","tag-internacao","tag-itapicuru","tag-jair-bolsonaro","tag-jeremoabo","tag-mundo","tag-noticias","tag-nova-soure","tag-novo-triunfo","tag-olindina","tag-paripiranga","tag-quijingue","tag-ribeira-do-amparo","tag-ribeira-do-pombal","tag-sitio-do-quinto"],"aioseo_notices":[],"_links":{"self":[{"href":"https:\/\/www.portalalerta.com.br\/index.php\/wp-json\/wp\/v2\/posts\/46728","targetHints":{"allow":["GET"]}}],"collection":[{"href":"https:\/\/www.portalalerta.com.br\/index.php\/wp-json\/wp\/v2\/posts"}],"about":[{"href":"https:\/\/www.portalalerta.com.br\/index.php\/wp-json\/wp\/v2\/types\/post"}],"author":[{"embeddable":true,"href":"https:\/\/www.portalalerta.com.br\/index.php\/wp-json\/wp\/v2\/users\/2"}],"replies":[{"embeddable":true,"href":"https:\/\/www.portalalerta.com.br\/index.php\/wp-json\/wp\/v2\/comments?post=46728"}],"version-history":[{"count":1,"href":"https:\/\/www.portalalerta.com.br\/index.php\/wp-json\/wp\/v2\/posts\/46728\/revisions"}],"predecessor-version":[{"id":46729,"href":"https:\/\/www.portalalerta.com.br\/index.php\/wp-json\/wp\/v2\/posts\/46728\/revisions\/46729"}],"wp:featuredmedia":[{"embeddable":true,"href":"https:\/\/www.portalalerta.com.br\/index.php\/wp-json\/wp\/v2\/media\/46553"}],"wp:attachment":[{"href":"https:\/\/www.portalalerta.com.br\/index.php\/wp-json\/wp\/v2\/media?parent=46728"}],"wp:term":[{"taxonomy":"category","embeddable":true,"href":"https:\/\/www.portalalerta.com.br\/index.php\/wp-json\/wp\/v2\/categories?post=46728"},{"taxonomy":"post_tag","embeddable":true,"href":"https:\/\/www.portalalerta.com.br\/index.php\/wp-json\/wp\/v2\/tags?post=46728"}],"curies":[{"name":"wp","href":"https:\/\/api.w.org\/{rel}","templated":true}]}}